{"id":87726,"date":"2025-05-09T21:10:09","date_gmt":"2025-05-09T21:10:09","guid":{"rendered":"https:\/\/www.europesays.com\/fr\/87726\/"},"modified":"2025-05-09T21:10:09","modified_gmt":"2025-05-09T21:10:09","slug":"deux-adolescents-gravement-brules-apres-setre-introduits-sur-un-site-de-la-sncf-pres-de-rouen","status":"publish","type":"post","link":"https:\/\/www.europesays.com\/fr\/87726\/","title":{"rendered":"Deux adolescents gravement br\u00fbl\u00e9s apr\u00e8s s\u2019\u00eatre introduits sur un site de la SNCF pr\u00e8s de Rouen"},"content":{"rendered":"<p class=\"paragraph text_align_left\">Deux jeunes ont \u00e9t\u00e9 bless\u00e9s jeudi apr\u00e8s s\u2019\u00eatre introduits sur un site de la SNCF \u00e0 Sotteville-L\u00e8s-Rouen, dans la banlieue rouennaise, selon une information d\u2019<a href=\"https:\/\/www.francebleu.fr\/infos\/faits-divers-justice\/ils-jouaient-au-ballon-sur-un-site-sncf-deux-jeunes-victimes-de-graves-brulures-a-cause-d-une-ligne-a-haute-tension-4894823\" target=\"_blank\" rel=\"nofollow noopener\">Ici<\/a> confirm\u00e9e au Parisien par la compagnie ferroviaire. L\u2019un d\u2019eux aurait \u00e9t\u00e9 gravement br\u00fbl\u00e9.<\/p>\n<p class=\"paragraph text_align_left\">Ces deux adolescents, \u00e2g\u00e9s de 17 et 18 ans selon nos confr\u00e8res, sont entr\u00e9s pour une raison inconnue sur une voie de service qui sert \u00e0 garer les trains, d\u2019apr\u00e8s la SNCF.<\/p>\n<p class=\"paragraph text_align_left\">D\u2019apr\u00e8s Ici, l\u2019un d\u2019eux serait mont\u00e9 sur le toit d\u2019un train et quelque chose &#8211; probablement une cat\u00e9naire (un c\u00e2ble \u00e9lectrique qui alimente les trains par le dessus) &#8211; aurait mis le feu \u00e0 ses v\u00eatements. Son camarade se serait br\u00fbl\u00e9 aux mains en tentant d\u2019\u00e9teindre les flammes.<\/p>\n<p>Un site \u00ab\u00a0difficile d\u2019acc\u00e8s\u00a0\u00bb<\/p>\n<p class=\"paragraph text_align_left\">Les pompiers sont rapidement intervenus et les deux jeunes ont \u00e9t\u00e9 transf\u00e9r\u00e9s \u00e0 l\u2019h\u00f4pital. Leur \u00e9tat \u00e9tait inconnu ce vendredi soir.<\/p>\n<p class=\"paragraph text_align_left\">La compagnie ferroviaire indique que des panneaux d\u2019interdiction \u00e9taient bien pr\u00e9sents aux bordures du site de Sotteville-L\u00e8s-Rouen et que ce dernier est \u00ab\u00a0difficile d\u2019acc\u00e8s\u00a0\u00bb.<\/p>\n<p class=\"lp-card-podcast-highlighting__title lp-f-subtitle-05\">Les disparus de Mirepoix<\/p>\n<p class=\"lp-card-podcast-highlighting__description lp-f-ui-05\">Crime story raconte chaque semaine les grandes affaires criminelles.<\/p>\n<p><a class=\"lp-card-podcast-highlighting__call-to-action\" data-page-type=\"HP\" data-block-name=\"podcast-highlight\">\u00c9couter<\/a><\/p>\n<p class=\"paragraph text_align_left\">Les intrusions sur des sites ferroviaires donnent souvent lieu \u00e0 des accidents. En 2017 <a href=\"https:\/\/www.leparisien.fr\/paris-75\/paris-75018\/paris-un-jeune-entre-la-vie-et-la-mort-apres-avoir-ete-electrocute-sur-un-train-20-01-2017-6596877.php\" target=\"_blank\" rel=\"nofollow noopener\">un jeune avait par exemple \u00e9t\u00e9 \u00e9lectris\u00e9 par un train \u00e0 Paris<\/a>. \u00ab\u00a0C\u2019est extr\u00eamement dangereux\u00a0\u00bb, rappelle une source \u00e0 la SNCF. En 2024, 6 500 jeunes de la r\u00e9gion normande ont d\u2019ailleurs assist\u00e9 \u00e0 des interventions de sensibilisation r\u00e9alis\u00e9es par des agents de la compagnie au sujet de la dangerosit\u00e9 de ces zones industrielles.<\/p>\n","protected":false},"excerpt":{"rendered":"Deux jeunes ont \u00e9t\u00e9 bless\u00e9s jeudi apr\u00e8s s\u2019\u00eatre introduits sur un site de la SNCF \u00e0 Sotteville-L\u00e8s-Rouen, dans&hellip;\n","protected":false},"author":2,"featured_media":87727,"comment_status":"","ping_status":"","sticky":false,"template":"","format":"standard","meta":{"footnotes":""},"categories":[9587],"tags":[1111,11,459,1777,674,118,1011,27,12,5161,25,9590],"class_list":{"0":"post-87726","1":"post","2":"type-post","3":"status-publish","4":"format-standard","5":"has-post-thumbnail","7":"category-rouen","8":"tag-actu","9":"tag-actualites","10":"tag-departements-horsidfo","11":"tag-eu","12":"tag-europe","13":"tag-faits-divers","14":"tag-fr","15":"tag-france","16":"tag-news","17":"tag-normandie","18":"tag-republique-francaise","19":"tag-rouen"},"share_on_mastodon":{"url":"https:\/\/pubeurope.com\/@fr\/114479931342759937","error":""},"_links":{"self":[{"href":"https:\/\/www.europesays.com\/fr\/wp-json\/wp\/v2\/posts\/87726","targetHints":{"allow":["GET"]}}],"collection":[{"href":"https:\/\/www.europesays.com\/fr\/wp-json\/wp\/v2\/posts"}],"about":[{"href":"https:\/\/www.europesays.com\/fr\/wp-json\/wp\/v2\/types\/post"}],"author":[{"embeddable":true,"href":"https:\/\/www.europesays.com\/fr\/wp-json\/wp\/v2\/users\/2"}],"replies":[{"embeddable":true,"href":"https:\/\/www.europesays.com\/fr\/wp-json\/wp\/v2\/comments?post=87726"}],"version-history":[{"count":0,"href":"https:\/\/www.europesays.com\/fr\/wp-json\/wp\/v2\/posts\/87726\/revisions"}],"wp:featuredmedia":[{"embeddable":true,"href":"https:\/\/www.europesays.com\/fr\/wp-json\/wp\/v2\/media\/87727"}],"wp:attachment":[{"href":"https:\/\/www.europesays.com\/fr\/wp-json\/wp\/v2\/media?parent=87726"}],"wp:term":[{"taxonomy":"category","embeddable":true,"href":"https:\/\/www.europesays.com\/fr\/wp-json\/wp\/v2\/categories?post=87726"},{"taxonomy":"post_tag","embeddable":true,"href":"https:\/\/www.europesays.com\/fr\/wp-json\/wp\/v2\/tags?post=87726"}],"curies":[{"name":"wp","href":"https:\/\/api.w.org\/{rel}","templated":true}]}}