{"id":87762,"date":"2025-05-09T21:30:13","date_gmt":"2025-05-09T21:30:13","guid":{"rendered":"https:\/\/www.europesays.com\/fr\/87762\/"},"modified":"2025-05-09T21:30:13","modified_gmt":"2025-05-09T21:30:13","slug":"lopposition-decinoise-attaque-la-ville","status":"publish","type":"post","link":"https:\/\/www.europesays.com\/fr\/87762\/","title":{"rendered":"l\u2019opposition d\u00e9cinoise attaque la Ville"},"content":{"rendered":"<p>Lors du dernier conseil municipal le 3\u00a0avril 2025, une d\u00e9lib\u00e9ration portant sur les modalit\u00e9s de mise \u00e0 disposition des salles a mis le feu aux poudres entre la majorit\u00e9 d\u00e9cinoise emmen\u00e9e par la maire (LR) Laurence Fautra et cinq \u00e9lus d\u2019opposition\u00a0: les quatre du groupe de Gauche <a href=\"https:\/\/www.leprogres.fr\/politique\/2020\/02\/16\/municipales-decines-autrement-devoile-son-programme-et-sa-liste\" target=\"_blank\" rel=\"noopener\">D\u00e9cines Autrement, Verte et Humaine<\/a> (Matthieu Vieira, Dominique Cr\u00e9doz, Thierry Argant et Doriane Roux-Mouradian) et Anna Jambon pour Horizons D\u00e9cines.<\/p>\n<p>Du changement pour les partis politiques<\/p>\n<p>Dans sa pr\u00e9sentation, la d\u00e9lib\u00e9ration \u00e9voquait une n\u00e9cessaire \u00ab\u00a0\u00e9volution des <a href=\"https:\/\/www.leprogres.fr\/politique\/2023\/02\/19\/moins-de-salles-municipales-pour-les-partis-politiques\" target=\"_blank\" rel=\"noopener\">tarifs de mise \u00e0 disposition des salles municipales \u00e9tablis le 2\u00a0f\u00e9vrier 2023<\/a> \u00a0\u00bb et proposait \u00ab\u00a0leur gratuit\u00e9 aux \u00e9coles, coll\u00e8ges et lyc\u00e9es publics d\u00e9cinois\u00a0\u00bb.<\/p>\n<p>Ce qu\u2019elle n\u2019affichait pas, contrairement \u00e0 celle de 2023, c\u2019est le changement d\u2019orientation pour les partis ou associations&#8230;<\/p>\n","protected":false},"excerpt":{"rendered":"Lors du dernier conseil municipal le 3\u00a0avril 2025, une d\u00e9lib\u00e9ration portant sur les modalit\u00e9s de mise \u00e0 disposition&hellip;\n","protected":false},"author":2,"featured_media":87763,"comment_status":"","ping_status":"","sticky":false,"template":"","format":"standard","meta":{"footnotes":""},"categories":[1889],"tags":[1111,11,2430,1984,4624,3152,2757,1777,674,1011,27,2428,12,18283,316,25,2429,3151],"class_list":{"0":"post-87762","1":"post","2":"type-post","3":"status-publish","4":"format-standard","5":"has-post-thumbnail","7":"category-lyon","8":"tag-actu","9":"tag-actualites","10":"tag-auvergne-rhone-alpes","11":"tag-conseil-municipal","12":"tag-decines-charpieu","13":"tag-edition-est-lyonnais","14":"tag-edition-lyon-villeurbanne","15":"tag-eu","16":"tag-europe","17":"tag-fr","18":"tag-france","19":"tag-lyon","20":"tag-news","21":"tag-plaine-de-lest","22":"tag-politique","23":"tag-republique-francaise","24":"tag-rhone","25":"tag-selection-de-la-redaction-69"},"share_on_mastodon":{"url":"https:\/\/pubeurope.com\/@fr\/114480009911733911","error":""},"_links":{"self":[{"href":"https:\/\/www.europesays.com\/fr\/wp-json\/wp\/v2\/posts\/87762","targetHints":{"allow":["GET"]}}],"collection":[{"href":"https:\/\/www.europesays.com\/fr\/wp-json\/wp\/v2\/posts"}],"about":[{"href":"https:\/\/www.europesays.com\/fr\/wp-json\/wp\/v2\/types\/post"}],"author":[{"embeddable":true,"href":"https:\/\/www.europesays.com\/fr\/wp-json\/wp\/v2\/users\/2"}],"replies":[{"embeddable":true,"href":"https:\/\/www.europesays.com\/fr\/wp-json\/wp\/v2\/comments?post=87762"}],"version-history":[{"count":0,"href":"https:\/\/www.europesays.com\/fr\/wp-json\/wp\/v2\/posts\/87762\/revisions"}],"wp:featuredmedia":[{"embeddable":true,"href":"https:\/\/www.europesays.com\/fr\/wp-json\/wp\/v2\/media\/87763"}],"wp:attachment":[{"href":"https:\/\/www.europesays.com\/fr\/wp-json\/wp\/v2\/media?parent=87762"}],"wp:term":[{"taxonomy":"category","embeddable":true,"href":"https:\/\/www.europesays.com\/fr\/wp-json\/wp\/v2\/categories?post=87762"},{"taxonomy":"post_tag","embeddable":true,"href":"https:\/\/www.europesays.com\/fr\/wp-json\/wp\/v2\/tags?post=87762"}],"curies":[{"name":"wp","href":"https:\/\/api.w.org\/{rel}","templated":true}]}}