{"id":87819,"date":"2025-05-09T22:02:35","date_gmt":"2025-05-09T22:02:35","guid":{"rendered":"https:\/\/www.europesays.com\/fr\/87819\/"},"modified":"2025-05-09T22:02:35","modified_gmt":"2025-05-09T22:02:35","slug":"comment-la-nasa-a-t-elle-aide-brad-pitt-et-lequipe-du-film","status":"publish","type":"post","link":"https:\/\/www.europesays.com\/fr\/87819\/","title":{"rendered":"Comment la Nasa a-t-elle aid\u00e9 Brad Pitt et l\u2019\u00e9quipe du film ?"},"content":{"rendered":"<p class=\"articleContent-meta\">\n        Hier \u00e0 14:00 &#8211; par             <a class=\"articleContent-metaAuthorsLink\" href=\"https:\/\/www.cesoirtv.com\/auteur\/thomas-fourcroy\/\" target=\"_blank\" rel=\"noopener\">Thomas Fourcroy<\/a><\/p>\n<p>                    Tweeter<\/p>\n<p>                    Partager sur Facebook<\/p>\n<p>                        <img decoding=\"async\" src=\"https:\/\/www.europesays.com\/fr\/wp-content\/uploads\/2025\/05\/ad-astra-9-mai.jpg\" alt=\"Player Video\" class=\"player-applyRatio poster exclude-seedtag\"\/><\/p>\n<p>Le vendredi 9 mai \u00e0 21h05 France 5 diffuse Ad Astra. Un film de science-fiction sign\u00e9 James Gray, un r\u00e9alisateur qui a su tr\u00e8s bien s&rsquo;entourer. <\/p>\n<p>Apr\u00e8s Little Odessa (1994), La nuit nous appartient (2007), Two Lovers (2008) ou encore The Immigrant (2013) et The Lost City of Z (2016), James Gray a chang\u00e9 de braquet en 2019 avec Ad Astra. En effet, le r\u00e9alisateur s&rsquo;est attaqu\u00e9 pour la premi\u00e8re fois de sa carri\u00e8re \u00e0 la <a href=\"https:\/\/www.cesoirtv.com\/news\/cinema\/2218-bienvenue-a-gattaca-le-film-de-science-fiction-le-plus-plausible-de-l-histoire-du-cinema-selon-la-nasa\/\" target=\"_blank\" rel=\"noopener\">science-fiction<\/a>. Un saut dans l&rsquo;espace effectu\u00e9 en compagnie de <a href=\"https:\/\/www.cesoirtv.com\/news\/cinema\/168-burn-after-reading-ce-drole-de-conseil-donne-a-brad-pitt-et-a-george-clooney-pour-quil-paraissent-plus-stupides\/\" target=\"_blank\" rel=\"noopener\">Brad Pitt<\/a>, Liv Tyler, Ruth Negga, Tommy Lee Jones, Donald Sutherland ou encore Kimberly Elise. Et pour cela, sachez que le r\u00e9alisateur et l&rsquo;\u00e9quipe du film ont pu compter sur une pr\u00e9cieuse aide&#8230; Celle de la <a href=\"https:\/\/www.cesoirtv.com\/news\/cinema\/1490-moonfall-une-vraie-fusee-de-la-nasa-a-t-elle-ete-utilisee-pour-le-film\/\" target=\"_blank\" rel=\"noopener\">NASA<\/a> !<\/p>\n<p>Ad Astra : le saut dans l&rsquo;espace de Brad Pitt et James Gray<\/p>\n<p>Pour Ad Astra, James Gray n&rsquo;a recul\u00e9 devant rien. En effet, le cin\u00e9aste s&rsquo;est inspir\u00e9 des recherches d&rsquo;Enrico Fermi, rien de moins qu&rsquo;un prix Nobel de Physique. Un scientifique ayant travaill\u00e9 sur l&rsquo;\u00e9nergie nucl\u00e9aire et qui pensant que les \u00c9tats-Unis avaient que peu de chance de survivre \u00e0 une premi\u00e8re fission nucl\u00e9aire&#8230; Apocalypse Now et le roman Au c\u0153ur des t\u00e9n\u00e8bres, sign\u00e9 Joseph Conrad, ont compl\u00e9t\u00e9 le tableau pour une aventure folle. Ici, on suit ainsi Roy McBride, astronaute voyageant au sein du syst\u00e8me solaire pour retrouver son p\u00e8re disparu dans une pr\u00e9c\u00e9dente exp\u00e9dition spatiale, il y a 16 ans. Par ailleurs, un myst\u00e8re mena\u00e7ant l&rsquo;humanit\u00e9 devra \u00eatre perc\u00e9 par un McBridek, interrogeant la place de l&rsquo;homme dans l&rsquo;univers&#8230;<\/p>\n<p>                                    Ad Astra : l&rsquo;un des films de science-fiction les plus r\u00e9alistes ?<\/p>\n<p>Si la question de la pr\u00e9sence extra-terrestre est abord\u00e9e, sachez que James Gray a tout fait pour s&rsquo;assurer qu&rsquo;Ad Astra paraisse le plus r\u00e9aliste possible. La production a ainsi b\u00e9n\u00e9fici\u00e9 de l&rsquo;aide de plusieurs agences spatiales, dont la c\u00e9l\u00e8bre NASA. Par ailleurs, un ancien astronaute de la maison, Garrett Reisman, ayant rejoint la station spatiale internationale \u00e0 deux reprises, a partag\u00e9 aux \u00e9quipes ses souvenirs d&rsquo;exp\u00e9ditions. Une source comme aucune autre, qui a \u00e9t\u00e9 aux c\u00f4t\u00e9s du r\u00e9alisateur pendant l&rsquo;\u00e9criture du sc\u00e9nario, mais \u00e9galement lors de la mise en boite de sc\u00e8nes sp\u00e9cifiques. Notons que ce n&rsquo;est pas le seul \u00e0 avoir conseill\u00e9 James Gray et ses \u00e9quipes, car Robert Yowell a aussi \u00e9t\u00e9 de la partie. Personne d&rsquo;autre qu&rsquo;un ing\u00e9nieur en a\u00e9ronautique ayant travaill\u00e9 durant 30 ans \u00e0 la NASA.<\/p>\n","protected":false},"excerpt":{"rendered":"Hier \u00e0 14:00 &#8211; par Thomas Fourcroy Tweeter Partager sur Facebook Le vendredi 9 mai \u00e0 21h05 France&hellip;\n","protected":false},"author":2,"featured_media":87820,"comment_status":"","ping_status":"","sticky":false,"template":"","format":"standard","meta":{"footnotes":""},"categories":[1354],"tags":[19780,1409,58,59,1346,1011,27,4467,1360],"class_list":{"0":"post-87819","1":"post","2":"type-post","3":"status-publish","4":"format-standard","5":"has-post-thumbnail","7":"category-films","8":"tag-ad-astra-120587965","9":"tag-bande-annonce","10":"tag-divertissement","11":"tag-entertainment","12":"tag-films","13":"tag-fr","14":"tag-france","15":"tag-france-5","16":"tag-movies"},"share_on_mastodon":{"url":"https:\/\/pubeurope.com\/@fr\/114480135746259712","error":""},"_links":{"self":[{"href":"https:\/\/www.europesays.com\/fr\/wp-json\/wp\/v2\/posts\/87819","targetHints":{"allow":["GET"]}}],"collection":[{"href":"https:\/\/www.europesays.com\/fr\/wp-json\/wp\/v2\/posts"}],"about":[{"href":"https:\/\/www.europesays.com\/fr\/wp-json\/wp\/v2\/types\/post"}],"author":[{"embeddable":true,"href":"https:\/\/www.europesays.com\/fr\/wp-json\/wp\/v2\/users\/2"}],"replies":[{"embeddable":true,"href":"https:\/\/www.europesays.com\/fr\/wp-json\/wp\/v2\/comments?post=87819"}],"version-history":[{"count":0,"href":"https:\/\/www.europesays.com\/fr\/wp-json\/wp\/v2\/posts\/87819\/revisions"}],"wp:featuredmedia":[{"embeddable":true,"href":"https:\/\/www.europesays.com\/fr\/wp-json\/wp\/v2\/media\/87820"}],"wp:attachment":[{"href":"https:\/\/www.europesays.com\/fr\/wp-json\/wp\/v2\/media?parent=87819"}],"wp:term":[{"taxonomy":"category","embeddable":true,"href":"https:\/\/www.europesays.com\/fr\/wp-json\/wp\/v2\/categories?post=87819"},{"taxonomy":"post_tag","embeddable":true,"href":"https:\/\/www.europesays.com\/fr\/wp-json\/wp\/v2\/tags?post=87819"}],"curies":[{"name":"wp","href":"https:\/\/api.w.org\/{rel}","templated":true}]}}