{"id":87823,"date":"2025-05-09T22:04:08","date_gmt":"2025-05-09T22:04:08","guid":{"rendered":"https:\/\/www.europesays.com\/fr\/87823\/"},"modified":"2025-05-09T22:04:08","modified_gmt":"2025-05-09T22:04:08","slug":"la-ligue-1-salue-le-parcours-en-ligue-des-champions-du-psg","status":"publish","type":"post","link":"https:\/\/www.europesays.com\/fr\/87823\/","title":{"rendered":"La Ligue 1 salue le parcours en Ligue des champions du PSG &#8211;"},"content":{"rendered":"<p><img width=\"700\" height=\"350\" src=\"https:\/\/www.europesays.com\/fr\/wp-content\/uploads\/2025\/05\/PSG-Joie-ldc.jpg\" class=\"attachment-jannah-image-post size-jannah-image-post wp-post-image\" alt=\"Psg joie ldc\" is_main_img=\"1\" decoding=\"async\" fetchpriority=\"high\"  \/><br \/>\n Image :<br \/>\nPSG.fr<\/p>\n<p>Le PSG r\u00e9alise une tr\u00e8s belle saison. Il pourrait s\u2019offrir<br \/>\nun quadrupl\u00e9 historique. Les acteurs de la Ligue 1 sont<br \/>\nimpressionn\u00e9s par les performances parisiennes.\u00a0<\/p>\n<p>Vainqueur du <strong>Troph\u00e9e des champions<\/strong> et de la<br \/>\n<strong>Ligue 1<\/strong>, le <strong>PSG<\/strong> peut encore<br \/>\ns\u2019offrir trois titres en cette fin de saison, la <strong>Coupe de<br \/>\nFrance<\/strong>, la <strong>Ligue des champions<\/strong> et la<br \/>\n<strong><a href=\"https:\/\/canal-supporters.com\/tf1-diffusera-le-psg-atletico-de-la-coupe-du-monde-des-clubs\/\" title=\"\" rel=\"nofollow noopener\" target=\"_blank\">Coupe du monde des clubs<\/a><\/strong>. Les Parisiens<br \/>\nr\u00e9alisent une tr\u00e8s belle saison et offrent du bon spectacle sur les<br \/>\nterrains. Des performances qui ne laissent pas insensibles les<br \/>\nacteurs du championnat de France. Pr\u00e9sent en conf\u00e9rence de presse,<br \/>\n<strong>Habib Beye<\/strong>, le coach de <strong>Rennes<\/strong>, a<br \/>\n\u00e9voqu\u00e9 la vitrine qu\u2019est le <strong>PSG<\/strong> pour la<br \/>\n<strong>Ligue 1<\/strong>. \u00ab\u00a0Tout le football fran\u00e7ais<br \/>\naurait d\u00e9j\u00e0 d\u00fb \u00eatre derri\u00e8re le <strong>PSG<\/strong> pendant leur<br \/>\nparcours. La <strong>Ligue 1<\/strong> a besoin d\u2019une vitrine tr\u00e8s<br \/>\nimportante, ils en sont les dignes repr\u00e9sentants. Ils y sont, ils<br \/>\nont m\u00e9rit\u00e9 ce qu\u2019ils vivent et il faut esp\u00e9rer pour le football<br \/>\nfran\u00e7ais que <strong>Paris<\/strong> gagne la <strong>Ligue<br \/>\ndes champions<\/strong>\u00ab\u00a0, explique l\u2019ancien consultant<br \/>\nCanal Plus dans des propos relay\u00e9s par <a href=\"https:\/\/rmcsport.bfmtv.com\/football\/ligue-des-champions\/beye-meunier-genesio-fonseca-la-ligue-1-admirative-des-performances-du-psg-en-ligue-des-champions_AV-202505090575.html\" target=\"_blank\" rel=\"noopener nofollow\" title=\"\">RMC<br \/>\nSport<\/a>.\u00a0<\/p>\n<p>A voir aussi : <a href=\"https:\/\/canal-supporters.com\/les-entraineurs-de-ligue-1-sous-le-charme-de-luis-enrique\/\" title=\"\" rel=\"nofollow noopener\" target=\"_blank\">Les entra\u00eeneurs de Ligue 1 sous le charme de Luis<br \/>\nEnrique<\/a><\/p>\n<p><a href=\"https:\/\/x.com\/CanalSupporters\" target=\"_blank\" rel=\"noopener nofollow\" title=\"\">canalsupporters.com<\/a><\/p>\n<p>\u00ab\u00a0J\u2019esp\u00e8re<br \/>\nde tout coeur qu\u2019ils battront l\u2019Inter\u00a0\u00bb<\/p>\n<p>De son c\u00f4t\u00e9, <strong>Bruno Genesio<\/strong> explique qu\u2019il est<br \/>\n\u00ab\u00a0tr\u00e8s heureux qu\u2019il y ait une \u00e9quipe fran\u00e7aise en finale.<br \/>\nJ\u2019esp\u00e8re de tout c\u0153ur qu\u2019ils battront l\u2019<strong><a href=\"https:\/\/canal-supporters.com\/le-beau-geste-de-nasser-al-khelaifi-pour-les-salaries-du-psg\/\" title=\"\" rel=\"nofollow noopener\" target=\"_blank\">Inter<\/a><\/strong>, car on voit une vraie \u00e9quipe de foot.<br \/>\nAvec beaucoup de valeurs indispensables \u00e0 une \u00e9quipe pour avoir des<br \/>\nr\u00e9sultats au tr\u00e8s tr\u00e8s haut niveau.\u00a0\u00bb <strong>Thomas<br \/>\nMeunier<\/strong>, ancien joueur du <strong>PSG<\/strong><br \/>\n(2016-2020), s\u2019est aussi montr\u00e9 dithyrambique envers le club de la<br \/>\ncapitale. \u00ab\u00a0Son travail est juste exceptionnel. Il m\u00e8ne<br \/>\ntr\u00e8s, tr\u00e8s bien sa barque. Il sait quoi faire. Ce n\u2019est pas un mec<br \/>\n\u00e0 qui on va la faire, il a l\u2019exp\u00e9rience. Cette ann\u00e9e, le<br \/>\n<strong>PSG<\/strong> a vraiment construit quelque chose de super<br \/>\nint\u00e9ressant. S\u2019il y a bien une \u00e9quipe qui m\u00e9rite de gagner la<br \/>\n<strong>Ligue des champions<\/strong> cette ann\u00e9e, c\u2019est bien le<br \/>\n<strong>PSG<\/strong>.\u00ab\u00a0<\/p><\/p>\n","protected":false},"excerpt":{"rendered":"Image : PSG.fr Le PSG r\u00e9alise une tr\u00e8s belle saison. Il pourrait s\u2019offrir un quadrupl\u00e9 historique. Les acteurs&hellip;\n","protected":false},"author":2,"featured_media":87824,"comment_status":"","ping_status":"","sticky":false,"template":"","format":"standard","meta":{"footnotes":""},"categories":[9],"tags":[19781,8095,786,81,448,787,1011,27,19782,17173,789,66,1611,447,19783,626,91,92,93,60,4676,795,796],"class_list":{"0":"post-87823","1":"post","2":"type-post","3":"status-publish","4":"format-standard","5":"has-post-thumbnail","7":"category-sports","8":"tag-beye","9":"tag-bruno-genesio","10":"tag-c1","11":"tag-canal-supporters","12":"tag-champions-league","13":"tag-cs","14":"tag-fr","15":"tag-france","16":"tag-genesio","17":"tag-habib-beye","18":"tag-ldc","19":"tag-ligue-1","20":"tag-ligue-1-macdonalds","21":"tag-ligue-des-champions","22":"tag-meunier","23":"tag-paris","24":"tag-paris-saint-germain","25":"tag-paris-sg","26":"tag-psg","27":"tag-sports","28":"tag-thomas-meunier","29":"tag-ucl","30":"tag-uefa-champions-league"},"share_on_mastodon":{"url":"https:\/\/pubeurope.com\/@fr\/114480143892832178","error":""},"_links":{"self":[{"href":"https:\/\/www.europesays.com\/fr\/wp-json\/wp\/v2\/posts\/87823","targetHints":{"allow":["GET"]}}],"collection":[{"href":"https:\/\/www.europesays.com\/fr\/wp-json\/wp\/v2\/posts"}],"about":[{"href":"https:\/\/www.europesays.com\/fr\/wp-json\/wp\/v2\/types\/post"}],"author":[{"embeddable":true,"href":"https:\/\/www.europesays.com\/fr\/wp-json\/wp\/v2\/users\/2"}],"replies":[{"embeddable":true,"href":"https:\/\/www.europesays.com\/fr\/wp-json\/wp\/v2\/comments?post=87823"}],"version-history":[{"count":0,"href":"https:\/\/www.europesays.com\/fr\/wp-json\/wp\/v2\/posts\/87823\/revisions"}],"wp:featuredmedia":[{"embeddable":true,"href":"https:\/\/www.europesays.com\/fr\/wp-json\/wp\/v2\/media\/87824"}],"wp:attachment":[{"href":"https:\/\/www.europesays.com\/fr\/wp-json\/wp\/v2\/media?parent=87823"}],"wp:term":[{"taxonomy":"category","embeddable":true,"href":"https:\/\/www.europesays.com\/fr\/wp-json\/wp\/v2\/categories?post=87823"},{"taxonomy":"post_tag","embeddable":true,"href":"https:\/\/www.europesays.com\/fr\/wp-json\/wp\/v2\/tags?post=87823"}],"curies":[{"name":"wp","href":"https:\/\/api.w.org\/{rel}","templated":true}]}}