{"id":87825,"date":"2025-05-09T22:05:10","date_gmt":"2025-05-09T22:05:10","guid":{"rendered":"https:\/\/www.europesays.com\/fr\/87825\/"},"modified":"2025-05-09T22:05:10","modified_gmt":"2025-05-09T22:05:10","slug":"dany-boon-transporte-a-lhopital-apres-un-accident-de-la-route","status":"publish","type":"post","link":"https:\/\/www.europesays.com\/fr\/87825\/","title":{"rendered":"Dany Boon transport\u00e9 \u00e0 l\u2019h\u00f4pital apr\u00e8s un accident de la route"},"content":{"rendered":"<p>Le r\u00e9publicain Lorrain r\u00e9v\u00e8le ce vendredi 9 mai, que l\u2019acteur aurait eu un accident de voiture en d\u00e9but de semaine sur l\u2019A4.<\/p>\n<p class=\"fig-paragraph\">Le r\u00e9alisateur de Bienvenue chez les ch\u2019tis s\u2019est fait une grosse frayeur. Lundi apr\u00e8s-midi,\u00a0<a href=\"https:\/\/madame.lefigaro.fr\/tag\/dany-boon\" target=\"_blank\" rel=\"noopener\" data-gtm-custom-categorie=\"navigation\" data-gtm-custom-action=\"crossclick\" data-gtm-custom-label=\"Contextuel\" data-gtm-event=\"customEventSPE\">Dany Boon<\/a>\u00a0aurait eu un accident de voiture sur l\u2019A4, rapporte le quotidien Le R\u00e9publicain Lorrain, dans un court article publi\u00e9 ce vendredi 9 mai. Si les circonstances de l\u2019accrochage entre le v\u00e9hicule de Dany Boon et le second reste encore ind\u00e9termin\u00e9es, l\u2019acteur et les autres victimes de\u00a0<a href=\"https:\/\/madame.lefigaro.fr\/tag\/accident\" target=\"_blank\" rel=\"noopener\" data-gtm-custom-categorie=\"navigation\" data-gtm-custom-action=\"crossclick\" data-gtm-custom-label=\"Contextuel\" data-gtm-event=\"customEventSPE\">l\u2019accident\u00a0<\/a>ont \u00e9t\u00e9 pris en charge par les pompiers et rapidement transport\u00e9s \u00e0\u00a0<a href=\"https:\/\/madame.lefigaro.fr\/tag\/hopital\" target=\"_blank\" rel=\"noopener\" data-gtm-custom-categorie=\"navigation\" data-gtm-custom-action=\"crossclick\" data-gtm-custom-label=\"Contextuel\" data-gtm-event=\"customEventSPE\">l\u2019h\u00f4pital\u00a0<\/a>de Metz.<\/p>\n<p class=\"fig-body-link&#10;    \">\n            \u00c0 lire aussi<br \/>\n        <a class=\"fig-body-link__link\" href=\"http:\/\/madame.lefigaro.fr\/celebrites\/actu-people\/nos-deux-plus-jeunes-enfants-sont-tombes-amoureux-dany-boon-et-laurence-arne-evoquent-les-droles-d-aleas-de-leur-famille-recomposee-20240618\" data-fig-type=\"Article\" data-gtm-custom-categorie=\"navigation\" data-gtm-custom-action=\"crossclick\" data-gtm-custom-label=\"Contextuel\" data-gtm-event=\"customEventSPE\" data-fig-domain=\"MADAME\" target=\"_blank\" rel=\"noopener\">\u00abNos deux plus jeunes enfants sont tomb\u00e9s amoureux\u00bb\u00a0: quand Dany Boon et Laurence Arn\u00e9 \u00e9voquaient les dr\u00f4les d\u2019al\u00e9as de leur famille recompos\u00e9e<\/a>\n<\/p>\n<p>\u00abTout le monde va bien\u00bb<\/p>\n<p class=\"fig-paragraph\">Selon les informations d\u2019une source proche du dossier r\u00e9v\u00e9l\u00e9es au quotidien du Grand Est, \u00ab Dany Boon a \u00e9t\u00e9 pris en charge par les sapeurs-pompiers et transport\u00e9 \u00e0 l\u2019h\u00f4pital de Metz-Mercy pour des examens de contr\u00f4le\u00a0\u00bb. Avant de poursuivre\u00a0: \u00ab M. Boon \u00e9tait seul \u00e0 bord de son v\u00e9hicule. Tout le monde va bien.\u00a0\u00bb Cette source a ajout\u00e9 que l\u2019acteur revenait d\u2019une journ\u00e9e pass\u00e9e \u00e0\u00a0<a href=\"https:\/\/madame.lefigaro.fr\/art-de-vivre\/boom-parcs-dattractions-200714-898604\" data-fig-type=\"Article\" data-gtm-custom-categorie=\"navigation\" data-gtm-custom-action=\"crossclick\" data-gtm-custom-label=\"Contextuel\" data-gtm-event=\"customEventSPE\" data-fig-domain=\"MADAME\" target=\"_blank\" rel=\"noopener\">Europa-park\u00a0<\/a>et que, reconnaissant du travail des sauveteurs, il a pris le temps de leur signer des\u00a0<a href=\"http:\/\/madame.lefigaro.fr\/celebrites\/actu-people\/pourquoi-kate-middleton-a-refuse-de-signer-des-autographes-a-des-ecoliers-20230525\" data-fig-type=\"Article\" data-gtm-custom-categorie=\"navigation\" data-gtm-custom-action=\"crossclick\" data-gtm-custom-label=\"Contextuel\" data-gtm-event=\"customEventSPE\" data-fig-domain=\"MADAME\" target=\"_blank\" rel=\"noopener\">autographes<\/a>.<\/p>\n<p>\u00a0\u00bb<br \/>\n        data-script=\u00a0\u00bbhttps:\/\/static.lefigaro.fr\/widget-video\/short-ttl\/video\/index.js\u00a0\u00bb<br \/>\n    &gt;<\/p>\n<p>Le pire \u00e9vit\u00e9<\/p>\n<p class=\"fig-paragraph\">La situation aurait pu \u00eatre bien pire pour Dany Boon, qui s\u2019en sort avec des \u00abblessures l\u00e9g\u00e8res\u00bb. En effet, l\u2019acteur \u00e9tait en vacances en\u00a0<a href=\"https:\/\/madame.lefigaro.fr\/tag\/allemagne\" target=\"_blank\" rel=\"noopener\" data-gtm-custom-categorie=\"navigation\" data-gtm-custom-action=\"crossclick\" data-gtm-custom-label=\"Contextuel\" data-gtm-event=\"customEventSPE\">Allemagne\u00a0<\/a>avec ses enfants.\u00a0<a href=\"https:\/\/madame.lefigaro.fr\/tag\/pere\" target=\"_blank\" rel=\"noopener\" data-gtm-custom-categorie=\"navigation\" data-gtm-custom-action=\"crossclick\" data-gtm-custom-label=\"Contextuel\" data-gtm-event=\"customEventSPE\">P\u00e8re\u00a0<\/a>de cinq\u00a0<a href=\"https:\/\/madame.lefigaro.fr\/tag\/enfants\" target=\"_blank\" rel=\"noopener\" data-gtm-custom-categorie=\"navigation\" data-gtm-custom-action=\"crossclick\" data-gtm-custom-label=\"Contextuel\" data-gtm-event=\"customEventSPE\">enfants\u00a0<\/a>issus de trois unions diff\u00e9rentes, Dany Boon a rencontr\u00e9 une situation particuli\u00e8re avec ceux de sa compagne,\u00a0<a href=\"http:\/\/madame.lefigaro.fr\/celebrites\/actu-people\/on-est-tombes-amoureux-en-travaillant-ensemble-les-rares-confidences-de-laurence-arne-sur-son-couple-avec-dany-boon-20240530\" data-fig-type=\"Article\" data-gtm-custom-categorie=\"navigation\" data-gtm-custom-action=\"crossclick\" data-gtm-custom-label=\"Contextuel\" data-gtm-event=\"customEventSPE\" data-fig-domain=\"MADAME\" target=\"_blank\" rel=\"noopener\">Laurence Arn\u00e9<\/a>. Nous rapportions dans nos colonnes les paroles de cette derni\u00e8re\u00a0: \u00abNos deux plus jeunes sont tomb\u00e9s amoureux. Donc, pendant deux ans, il y a eu une romance\u00bb. Une situation confirm\u00e9e par Danny Boon\u00a0: \u00abC\u2019\u00e9tait plus compliqu\u00e9. On \u00e9tait super angoiss\u00e9s\u00bb, a-t-il avou\u00e9.<\/p>\n<p class=\"fig-slideshow__title\">\n                    Judith Godr\u00e8che et ses enfants No\u00e9 Boon et Tess Barth\u00e9l\u00e9my \u00e0 l&rsquo;avant-premi\u00e8re de sa s\u00e9rie\n                <\/p>\n<p>                            <img decoding=\"async\" src=\"https:\/\/www.europesays.com\/fr\/wp-content\/uploads\/2025\/05\/0db2435e06bac21bbd1a46450b20f8729a9f34c6e73abcccc60442283523b253.jpg\" class=\"fig-slideshow__hidden\" alt=\"\"\/><\/p>\n","protected":false},"excerpt":{"rendered":"Le r\u00e9publicain Lorrain r\u00e9v\u00e8le ce vendredi 9 mai, que l\u2019acteur aurait eu un accident de voiture en d\u00e9but&hellip;\n","protected":false},"author":2,"featured_media":87826,"comment_status":"","ping_status":"","sticky":false,"template":"","format":"standard","meta":{"footnotes":""},"categories":[8],"tags":[119,976,972,17146,58,59,638,1011,27,977,973,975,974,4752],"class_list":{"0":"post-87825","1":"post","2":"type-post","3":"status-publish","4":"format-standard","5":"has-post-thumbnail","7":"category-divertissement","8":"tag-accident","9":"tag-actu-people","10":"tag-celebrite","11":"tag-dany-boon","12":"tag-divertissement","13":"tag-entertainment","14":"tag-figaro","15":"tag-fr","16":"tag-france","17":"tag-madame","18":"tag-people","19":"tag-potain-de-stars","20":"tag-star","21":"tag-voiture"},"share_on_mastodon":{"url":"https:\/\/pubeurope.com\/@fr\/114480147823438458","error":""},"_links":{"self":[{"href":"https:\/\/www.europesays.com\/fr\/wp-json\/wp\/v2\/posts\/87825","targetHints":{"allow":["GET"]}}],"collection":[{"href":"https:\/\/www.europesays.com\/fr\/wp-json\/wp\/v2\/posts"}],"about":[{"href":"https:\/\/www.europesays.com\/fr\/wp-json\/wp\/v2\/types\/post"}],"author":[{"embeddable":true,"href":"https:\/\/www.europesays.com\/fr\/wp-json\/wp\/v2\/users\/2"}],"replies":[{"embeddable":true,"href":"https:\/\/www.europesays.com\/fr\/wp-json\/wp\/v2\/comments?post=87825"}],"version-history":[{"count":0,"href":"https:\/\/www.europesays.com\/fr\/wp-json\/wp\/v2\/posts\/87825\/revisions"}],"wp:featuredmedia":[{"embeddable":true,"href":"https:\/\/www.europesays.com\/fr\/wp-json\/wp\/v2\/media\/87826"}],"wp:attachment":[{"href":"https:\/\/www.europesays.com\/fr\/wp-json\/wp\/v2\/media?parent=87825"}],"wp:term":[{"taxonomy":"category","embeddable":true,"href":"https:\/\/www.europesays.com\/fr\/wp-json\/wp\/v2\/categories?post=87825"},{"taxonomy":"post_tag","embeddable":true,"href":"https:\/\/www.europesays.com\/fr\/wp-json\/wp\/v2\/tags?post=87825"}],"curies":[{"name":"wp","href":"https:\/\/api.w.org\/{rel}","templated":true}]}}