{"id":87827,"date":"2025-05-09T22:06:20","date_gmt":"2025-05-09T22:06:20","guid":{"rendered":"https:\/\/www.europesays.com\/fr\/87827\/"},"modified":"2025-05-09T22:06:20","modified_gmt":"2025-05-09T22:06:20","slug":"pourquoi-certains-programmes-sur-france-tv-sont-bloques-en-journee","status":"publish","type":"post","link":"https:\/\/www.europesays.com\/fr\/87827\/","title":{"rendered":"Pourquoi certains programmes sur France.tv sont bloqu\u00e9s en journ\u00e9e ?"},"content":{"rendered":"<p>Vous l\u2019avez peut-\u00eatre remarqu\u00e9 en allant sur France.tv en journ\u00e9e : certains programmes sont inaccessibles. \u00c9trange pour une plateforme de SVoD qui permet de les regarder quand on veut. En r\u00e9alit\u00e9, il y a une explication et elle est l\u00e9gale.<\/p>\n<p>L\u2019avantage des <a href=\"https:\/\/www.numerama.com\/pop-culture\/541742-netflix-amazon-canal-ocs-apple-tv-le-grand-comparatif-2019-des-offres-de-svod-en-france.html\" rel=\"nofollow noopener\" target=\"_blank\">services de streaming<\/a>, c\u2019est qu\u2019on peut regarder des films et des s\u00e9ries \u00e0 n\u2019importe quelle heure de la journ\u00e9e. Sauf que sur <a href=\"https:\/\/www.numerama.com\/telecharger\/france-tv.html\" rel=\"nofollow noopener\" target=\"_blank\">France.tv<\/a>, une partie des programmes n\u2019est disponible que la nuit. On a une explication \u00e0 vous donner.<\/p>\n<p>Les programmes interdits aux moins de 16 ans sur France.tv<\/p>\n<p>Les films, s\u00e9ries, documentaires et \u00e9missions concern\u00e9s sont les programmes diffus\u00e9s par France.tv et interdits aux moins de 16 ans. Impossible de les regarder entre 5 heures du matin et 22h30. C\u2019est le cas m\u00eame si l\u2019on est connect\u00e9 \u00e0 un compte dont la date de naissance indiqu\u00e9e est plus vieille (la connexion \u00e0 un compte est obligatoire). De toute mani\u00e8re, il faut (en th\u00e9orie) avoir 16 ans pour cr\u00e9er un compte sur la plateforme, \u00e0 moins de mentir sur son \u00e2ge. Effectivement, lorsque vous appuyez sur votre t\u00e9l\u00e9commande, il n\u2019y a aucun syst\u00e8me pour v\u00e9rifier votre \u00e2ge non plus.<\/p>\n<p><a href=\"https:\/\/www.numerama.com\/wp-content\/uploads\/2025\/05\/gqhkkemxiaejkpd-scaled.jpeg\" rel=\"nofollow noopener\" target=\"_blank\"><img decoding=\"async\" width=\"1024\" height=\"547\" loading=\"lazy\" alt=\"La s\u00e9rie Lastman n'est pas disponible la journ\u00e9e sur France.tv \/\/ Source : L\u00e9o - TechMaker via X\" title=\"La s\u00e9rie Lastman n'est pas disponible la journ\u00e9e sur France.tv \/\/ Source : L\u00e9o - TechMaker via X\" class=\"wp-image-1967707 placeholder-default wp-image\" src=\"https:\/\/www.europesays.com\/fr\/wp-content\/uploads\/2025\/05\/gqhkkemxiaejkpd-1024x547.jpeg\" \/><\/a>La s\u00e9rie Lastman n\u2019est pas disponible la journ\u00e9e sur France.tv \/\/ Source : L\u00e9o \u2013 TechMaker via X<\/p>\n<p>En fait, France.tv doit appliquer la m\u00eame r\u00e9glementation que sur la t\u00e9l\u00e9vision lin\u00e9aire, sur ses cha\u00eenes France 2, France 3, etc. Sur la TNT, les programmes d\u00e9conseill\u00e9s aux moins de 16 ans ne peuvent \u00eatre diffus\u00e9s qu\u2019entre 22h30 et 5 heures du matin. Plusieurs programmes sont concern\u00e9s : les s\u00e9ries <a href=\"https:\/\/www.numerama.com\/pop-culture\/1571335-lesbiennes-squirting-et-avortement-la-serie-split-est-necessaire-a-la-france.html\" rel=\"nofollow noopener\" target=\"_blank\">Split<\/a> et <a href=\"https:\/\/www.numerama.com\/pop-culture\/311056-lastman-la-serie-on-est-partis-du-principe-que-richard-navait-pas-trop-evolue.html\" rel=\"nofollow noopener\" target=\"_blank\">Lastman<\/a> entre autres.<\/p>\n<p><a href=\"https:\/\/www.numerama.com\/wp-content\/uploads\/2023\/11\/message-split.jpg\" rel=\"nofollow noopener\" target=\"_blank\"><img decoding=\"async\" width=\"1024\" height=\"569\" loading=\"lazy\" alt=\"Ce message lorsqu'on essaie de regarder l'\u00e9pisode 4 de Split en pleine journ\u00e9e \/\/ Source : Capture d'\u00e9cran Numerama\" title=\"Ce message lorsqu'on essaie de regarder l'\u00e9pisode 4 de Split en pleine journ\u00e9e \/\/ Source : Capture d'\u00e9cran Numerama\" class=\"wp-image-1571271 placeholder-default wp-image\" src=\"https:\/\/www.europesays.com\/fr\/wp-content\/uploads\/2025\/05\/message-split-1024x569.jpg\" \/><\/a>Ce message lorsqu\u2019on essaie de regarder l\u2019\u00e9pisode 4 de Split en pleine journ\u00e9e \/\/ Source : Capture d\u2019\u00e9cran Numerama<\/p>\n<p>En plus d\u2019\u00eatre bloqu\u00e9s, ils ne sont tout simplement pas visibles sur la plateforme : cherchez-les, vous ne les trouverez pas. Une restriction qui ne semble pas \u00eatre appliqu\u00e9e pour les programmes interdits aux moins de 12 ans, qui ne sont diffus\u00e9s qu\u2019\u00e0 partir de 22 heures (20h30 sur les cha\u00eenes th\u00e9matiques, notamment de cin\u00e9ma).<\/p>\n<p>Pourquoi une telle interdiction ?<\/p>\n<p>La r\u00e9ponse est \u00e0 trouver du c\u00f4t\u00e9 d\u2019Edouard Gasnier, auparavant coordinateur des lancements des programmes chez France TV Slash. Il expliquait dans <a target=\"_blank\" href=\"https:\/\/x.com\/EdGasnier\/status\/1586446751040299008\" rel=\"nofollow\">un fil publi\u00e9 sur X<\/a> que France T\u00e9l\u00e9visions \u00e9tant un service audiovisuel public, \u00ab on ne joue pas avec la protection des jeunes publics. \u00bb <\/p>\n<p><a href=\"https:\/\/www.numerama.com\/wp-content\/uploads\/2023\/11\/split-cover.jpg\" rel=\"nofollow noopener\" target=\"_blank\"><img decoding=\"async\" width=\"1024\" height=\"576\" loading=\"lazy\" alt=\"L'\u00e9pisode 4 de Split n'est pas visionable en journ\u00e9e \/\/ Source : France TV Slash\" title=\"L'\u00e9pisode 4 de Split n'est pas visionable en journ\u00e9e \/\/ Source : France TV Slash\" class=\"wp-image-1571319 placeholder-default wp-image\" src=\"https:\/\/www.europesays.com\/fr\/wp-content\/uploads\/2025\/05\/split-cover-1024x576.jpg\" \/><\/a>L\u2019\u00e9pisode 4 de Split n\u2019est pas visionable en journ\u00e9e \/\/ Source : France TV Slash<\/p>\n<p>Il s\u2019agit en fait d\u2019<a href=\"https:\/\/www.csa.fr\/Mes-services\/Foire-aux-questions\/Proteger\/La-protection-des-mineurs\/Quelles-sont-les-regles-imposees-aux-televisions-en-matiere-de-protection-de-l-enfance-et-de-l-adolescence#:~:text=aux%20t%C3%A9l%C3%A9visions...-,Quelles%20sont%20les%20r%C3%A8gles%20impos%C3%A9es%20aux%20t%C3%A9l%C3%A9visions%20en%20mati%C3%A8re%20de,enfance%20et%20de%20l&#039;adolescence%20%3F&amp;text=D%C3%A8s%20sa%20mise%20en%20place,violence%20entre%206h%20et%2022h30.\" target=\"_blank\" rel=\"nofollow noopener\">une r\u00e8gle du CSA<\/a> (devenue l\u2019Arcom) sur la t\u00e9l\u00e9vision sur toutes les cha\u00eenes de la TNT \u2014 dont les canaux appartiennent \u00e0 l\u2019\u00c9tat et non aux cha\u00eenes priv\u00e9es \u2014 <a href=\"https:\/\/www.arcom.fr\/se-documenter\/ressources-pedagogiques\/protection-de-la-jeunesse-et-des-mineurs#title-4084\" target=\"_blank\" rel=\"nofollow noopener\">pour la protection des enfants<\/a>. France T\u00e9l\u00e9visions applique donc aussi cette r\u00e8gle sur sa plateforme de SVoD. D\u2019autant qu\u2019aucun syst\u00e8me de v\u00e9rification d\u2019identit\u00e9 n\u2019existe, bien que le groupe y ait song\u00e9 : \u00ab On a \u00e9tudi\u00e9 d\u2019autres pistes, comme un acc\u00e8s apr\u00e8s pr\u00e9sentation de carte d\u2019identit\u00e9\u2026 mais il y a l\u2019importante r\u00e9glementation RGPD. \u00bb Aucun moyen de paiement n\u2019est par ailleurs demand\u00e9 lors de l\u2019inscription.<\/p>\n<p><a href=\"https:\/\/www.numerama.com\/wp-content\/uploads\/2025\/05\/france-tv-site-accueil.jpg\" rel=\"nofollow noopener\" target=\"_blank\"><img decoding=\"async\" width=\"1024\" height=\"498\" loading=\"lazy\" alt=\"La page d'accueil de France.tv \/\/ Source : Capture Numerama\" title=\"La page d'accueil de France.tv \/\/ Source : Capture Numerama\" class=\"wp-image-1967719 placeholder-default wp-image\" src=\"https:\/\/www.europesays.com\/fr\/wp-content\/uploads\/2025\/05\/france-tv-site-accueil-1024x498.jpg\" \/><\/a>La page d\u2019accueil de France.tv \/\/ Source : Capture Numerama<\/p>\n<p>Quant aux habitants des outres-mer, ils doivent regarder ces programmes entre 22h30 et 5 heures du matin, heure locale. C\u2019est ce que <a href=\"https:\/\/www.numerama.com\/pop-culture\/1570913-pourquoi-lepisode-4-de-la-serie-split-nest-il-disponible-que-la-nuit-sur-france-tv.html\" rel=\"nofollow noopener\" target=\"_blank\">nous avait confirm\u00e9<\/a> l\u2019\u00e9quipe de production de la s\u00e9rie Split, diffus\u00e9e sur France.tv et qui est d\u00e9conseill\u00e9e aux moins de 16 ans. La prochaine fois que vous voudrez regarder un \u00e9pisode d\u2019une <a href=\"https:\/\/www.numerama.com\/pop-culture\/1822328-les-meilleures-series-horreur-a-voir-en-streaming.html\" rel=\"nofollow noopener\" target=\"_blank\">s\u00e9rie d\u2019horreur<\/a> sur France.tv, il faudra vous coucher un peu plus tard (ou vous lever tr\u00e8s t\u00f4t).<\/p>\n<p>        <img decoding=\"async\" width=\"168\" height=\"168\" loading=\"lazy\" alt=\"Source : Montage Numerama\" title=\"Source : Montage Numerama\" class=\"placeholder-default wp-image\" src=\"https:\/\/www.europesays.com\/fr\/wp-content\/uploads\/2025\/05\/1746828376_557_comparatif-svod-200x200.jpg\" \/>    <\/p>\n<p>        Quel est le service de SVOD fait pour vous ?<br \/>\n        Quelle plateforme de streaming choisir en 2025\u00a0? Comparatif entre Netflix, Prime Video, Max, Apple TV+\u2026<br \/>\n        <a href=\"https:\/\/www.numerama.com\/pop-culture\/541742-netflix-amazon-canal-ocs-apple-tv-le-grand-comparatif-2019-des-offres-de-svod-en-france.html\" class=\"btn is-family-secondary is-text-weight-bold has-text-left mt-2\" rel=\"nofollow noopener\" target=\"_blank\">D\u00e9couvrez notre comparateur<\/a><\/p>\n<p>            <img decoding=\"async\" src=\"https:\/\/www.europesays.com\/fr\/wp-content\/uploads\/2025\/04\/iPhone-16-pro.png\" alt=\"Toute l'actu tech en un clien d'oeil\"\/><\/p>\n<p class=\"card-install-pwa__title\">Toute l&rsquo;actu tech en un clin d&rsquo;\u0153il<\/p>\n<p class=\"card-install-pwa__description\">Ajoutez Numerama \u00e0 votre \u00e9cran d&rsquo;accueil et restez connect\u00e9s au futur !<\/p>\n<p>            <img decoding=\"async\" src=\"https:\/\/www.europesays.com\/fr\/wp-content\/uploads\/2025\/04\/logo-card-pwa-coupe.svg.svg+xml\" alt=\"Logo PWA\"\/><\/p>\n<p>       Installer Numerama<\/p>\n","protected":false},"excerpt":{"rendered":"Vous l\u2019avez peut-\u00eatre remarqu\u00e9 en allant sur France.tv en journ\u00e9e : certains programmes sont inaccessibles. \u00c9trange pour une&hellip;\n","protected":false},"author":2,"featured_media":87828,"comment_status":"","ping_status":"","sticky":false,"template":"","format":"standard","meta":{"footnotes":""},"categories":[7],"tags":[1011,27,2400,43,40,41,39,42,44],"class_list":{"0":"post-87827","1":"post","2":"type-post","3":"status-publish","4":"format-standard","5":"has-post-thumbnail","7":"category-sciences-et-technologies","8":"tag-fr","9":"tag-france","10":"tag-france-televisions","11":"tag-science","12":"tag-science-and-technology","13":"tag-sciences","14":"tag-sciences-et-technologies","15":"tag-technologies","16":"tag-technology"},"share_on_mastodon":{"url":"https:\/\/pubeurope.com\/@fr\/114480151725016841","error":""},"_links":{"self":[{"href":"https:\/\/www.europesays.com\/fr\/wp-json\/wp\/v2\/posts\/87827","targetHints":{"allow":["GET"]}}],"collection":[{"href":"https:\/\/www.europesays.com\/fr\/wp-json\/wp\/v2\/posts"}],"about":[{"href":"https:\/\/www.europesays.com\/fr\/wp-json\/wp\/v2\/types\/post"}],"author":[{"embeddable":true,"href":"https:\/\/www.europesays.com\/fr\/wp-json\/wp\/v2\/users\/2"}],"replies":[{"embeddable":true,"href":"https:\/\/www.europesays.com\/fr\/wp-json\/wp\/v2\/comments?post=87827"}],"version-history":[{"count":0,"href":"https:\/\/www.europesays.com\/fr\/wp-json\/wp\/v2\/posts\/87827\/revisions"}],"wp:featuredmedia":[{"embeddable":true,"href":"https:\/\/www.europesays.com\/fr\/wp-json\/wp\/v2\/media\/87828"}],"wp:attachment":[{"href":"https:\/\/www.europesays.com\/fr\/wp-json\/wp\/v2\/media?parent=87827"}],"wp:term":[{"taxonomy":"category","embeddable":true,"href":"https:\/\/www.europesays.com\/fr\/wp-json\/wp\/v2\/categories?post=87827"},{"taxonomy":"post_tag","embeddable":true,"href":"https:\/\/www.europesays.com\/fr\/wp-json\/wp\/v2\/tags?post=87827"}],"curies":[{"name":"wp","href":"https:\/\/api.w.org\/{rel}","templated":true}]}}