{"id":87831,"date":"2025-05-09T22:09:36","date_gmt":"2025-05-09T22:09:36","guid":{"rendered":"https:\/\/www.europesays.com\/fr\/87831\/"},"modified":"2025-05-09T22:09:36","modified_gmt":"2025-05-09T22:09:36","slug":"le-final-approche-suivez-notre-live","status":"publish","type":"post","link":"https:\/\/www.europesays.com\/fr\/87831\/","title":{"rendered":"le final approche, suivez notre live"},"content":{"rendered":"<p>            Par<br \/>\n        <strong><br \/>\n            <a href=\"https:\/\/actu.fr\/auteur\/journaliste-liberte\" title=\"Consulter tous les articles de R\u00e9daction Caen\" rel=\"nofollow noopener\" target=\"_blank\">R\u00e9daction Caen<\/a><br \/>\n        <\/strong><\/p>\n<p>        Publi\u00e9 le<\/p>\n<p>            9 mai 2025 \u00e0 23h52        <\/p>\n<p>C\u2019est <b>LE rendez-vous <\/b>de l\u2019ann\u00e9e \u00e0 <a href=\"https:\/\/actu.fr\/normandie\/caen_14118\" rel=\"nofollow noopener\" target=\"_blank\">Caen<\/a> (Calvados), LE point d\u2019orgue des <b>festivit\u00e9s du Mill\u00e9naire<\/b> de la ville. Ce vendredi 9\u00a0mai 2025 \u00e0 partir de 19h30, la <a href=\"https:\/\/actu.fr\/normandie\/caen_14118\/carte-parade-du-millenaire-a-caen-les-horaires-tous-les-spectacles-la-caravane-on-vous-dit-tout_62345142.html\" rel=\"nofollow noopener\" target=\"_blank\">grande Parade<\/a> dite op\u00e9ratique va s\u2019\u00e9lancer de la prairie pour <b>cinq heures de f\u00eate<\/b>, voire un peu plus\u2026 La r\u00e9daction de Libert\u00e9 \u00e0 Caen est bien s\u00fbr mobilis\u00e9e pour cette journ\u00e9e exceptionnelle, alors que 150\u2009000\u00a0spectateurs sont attendus dans les rues de Caen, sur les <b>5\u00a0km du parcours<\/b>.<\/p>\n<p>En direct de la Parade du Mill\u00e9naire<\/p>\n<p class=\" wall-content\"><b>23h42.\u00a0<\/b>Le feu d\u2019artifice ne devrait pas commencer avant 0h30, <b>une trentaine de minutes de retard <\/b>est constat\u00e9e sur le programme, initialement annonc\u00e9.<\/p>\n<p class=\" wall-content\"><b>23h41<\/b>. La caravane arrive rue du Vaugueux. Les chars et les g\u00e9antes descendent le long des remparts. Le ch\u00e2teau s\u2019embrase :<\/p>\n<p class=\" wall-content\">\n<p class=\" wall-content\"><b>23h24. <\/b>De fortes d\u00e9tonations vont se faire entendre du c\u00f4t\u00e9 du ch\u00e2teau de Caen : pas d\u2019inqui\u00e9tude, cela fait partie du spectacle. N\u2019oubliez pas de mettre <a href=\"https:\/\/actu.fr\/normandie\/caen_14118\/millenaire-de-caen-comment-profiter-au-mieux-de-la-grande-parade-du-9-mai-avec-des-enfants_62603223.html\" rel=\"nofollow noopener\" target=\"_blank\">un casque anti-bruit sur les oreilles de vos enfants<\/a> !<\/p>\n<p>      <img   decoding=\"async\" loading=\"lazy\" class=\"size-large\" src=\"https:\/\/www.europesays.com\/fr\/wp-content\/uploads\/2025\/05\/91b58bb86e186e5b58bb86e180ab58v-960x640.jpg\" alt=\"Pom', l'enfant sauvage, salue la foule \u00e0 l'Universit\u00e9 de Caen (Calvados), pour un grand moment de la parade du Mill\u00e9naire.\" width=\"960\" height=\"640\"\/><br \/>\n    Pom\u2019, l\u2019enfant sauvage, salue la foule \u00e0 l\u2019Universit\u00e9 de Caen (Calvados), pour un grand moment de la parade du Mill\u00e9naire. \u00a9M\u00e9lanie JOUBERT<br \/>\n      <img   decoding=\"async\" loading=\"lazy\" class=\"size-large\" src=\"https:\/\/www.europesays.com\/fr\/wp-content\/uploads\/2025\/05\/810acc337e186850acc337e18790acv-960x640.jpg\" alt=\"Dans la nuit, les couleurs de la parade du Mill\u00e9naire de Caen (Calvados) lui donnent des airs encore plus op\u00e9ratiques.\" width=\"960\" height=\"640\"\/><br \/>\n    Dans la nuit, les couleurs de la parade du Mill\u00e9naire de Caen (Calvados) lui donnent des airs encore plus op\u00e9ratiques. \u00a9M\u00e9lanie JOUBERTVid\u00e9os : en ce moment sur Actu<\/p>\n<p class=\" wall-content\"><b>23h18. <\/b>Les g\u00e9antes arrivent en haut de la rue du Vaugueux, pr\u00e8s du ch\u00e2teau. Elles commencent leur descente vers le port.\u00a0<\/p>\n<p>      <img   decoding=\"async\" loading=\"lazy\" class=\"size-large\" src=\"https:\/\/www.europesays.com\/fr\/wp-content\/uploads\/2025\/05\/7f8c0b717e186739c0b717e18a89c0v-960x640.jpg\" alt=\"Les g\u00e9antes de la parade du Mill\u00e9naire de Caen (Calvados) arrivent en haut de la rue du Vaugueux et se dirigent vers le port.\" width=\"960\" height=\"640\"\/><br \/>\n    Les g\u00e9antes de la parade du Mill\u00e9naire de Caen (Calvados) arrivent en haut de la rue du Vaugueux et se dirigent vers le port. \u00a9M\u00e9lanie JOUBERT<\/p>\n<p class=\" wall-content\"><b>23h15. <\/b>Sur l\u2019esplanade de la paix, face \u00e0 l\u2019Universit\u00e9, c\u2019est l\u2019heure du bal populaire, comme au temps de la Lib\u00e9ration de Caen.\u00a0<\/p>\n<p>      <img   decoding=\"async\" loading=\"lazy\" class=\"size-large\" src=\"https:\/\/www.europesays.com\/fr\/wp-content\/uploads\/2025\/05\/0355afef6e1860755afef6e18ea55av-960x640.jpg\" alt=\"Le bal populaire c\u00e9l\u00e8bre la joie et le plaisir&#10;de la danse. Apr\u00e8s l\u2019e\ufb00roi, la f\u00eate&#10;devient un mot d\u2019ordre national et la&#10;\u00ab bamboche \u00bb reprend\u00a0ses\u00a0droits.\" width=\"960\" height=\"640\"\/><br \/>\n    Le bal populaire c\u00e9l\u00e8bre la joie et le plaisir de la danse. Apr\u00e8s l\u2019e\ufb00roi, la f\u00eate devient un mot d\u2019ordre national et la \u00ab bamboche \u00bb reprend\u00a0ses\u00a0droits. \u00a9Alexandre GOURLAOUEN<br \/>\n      <img   decoding=\"async\" loading=\"lazy\" class=\"size-large\" src=\"https:\/\/www.europesays.com\/fr\/wp-content\/uploads\/2025\/05\/6efca5bf6e186420da5bf6e18960dav-960x640.jpg\" alt=\"Sur l'esplanade de la Paix, on danse au son de l'accord\u00e9on, pour la parade du Mill\u00e9naire de Caen (Calvados), vendredi 9 mai 2025.\" width=\"960\" height=\"640\"\/><br \/>\n    Sur l\u2019esplanade de la Paix, on danse au son de l\u2019accord\u00e9on, pour la parade du Mill\u00e9naire de Caen (Calvados), vendredi 9 mai 2025. \u00a9Alexandre GOURLAOUEN<\/p>\n<p class=\" wall-content\"><b>23h09.<\/b> La parade compte un petit quart d\u2019heure de retard sur le d\u00e9roul\u00e9 initialement pr\u00e9vu. Pas \u00e9tonnant, au vu de la foule mass\u00e9e dans les rues de Caen !\u00a0<\/p>\n<p class=\" wall-content\"><b>22h56.<\/b> Pendant ce temps, la foule se presse d\u00e9j\u00e0 place Courtonne, dans l\u2019attente des derniers spectacles. Ils peuvent assister aux derni\u00e8res r\u00e9p\u00e9titions des funambules.<\/p>\n<p>      <img   decoding=\"async\" loading=\"lazy\" class=\"size-large\" src=\"https:\/\/www.europesays.com\/fr\/wp-content\/uploads\/2025\/05\/eaa7034c6e1861fa7034c6e18f2b70v-960x640.jpg\" alt=\"En attendant les derniers spectacles, la grande foule est d\u00e9j\u00e0 mass\u00e9e sur le port de Caen (Calvados), et assiste aux ultimes r\u00e9p\u00e9titions des funambules de \" ceux=\"\" qui=\"\" ne=\"\" sont=\"\" pas=\"\" encore=\"\" n=\"\" width=\"960\" height=\"640\"\/><br \/>\n    En attendant les derniers spectacles, la grande foule est d\u00e9j\u00e0 mass\u00e9e sur le port de Caen (Calvados), et assiste aux ultimes r\u00e9p\u00e9titions des funambules de \u00ab\u00a0Ceux qui ne sont pas encore n\u00e9s\u00a0\u00bb. \u00a9Gr\u00e9gory MAUCORPS<\/p>\n<p class=\" wall-content\">Le <a href=\"https:\/\/actu.fr\/normandie\/caen_14118\/400-drones-sentrainent-dans-le-ciel-de-caen-pour-le-grand-show-final-du-millenaire_62611886.html\" rel=\"nofollow noopener\" target=\"_blank\">show de 400 drones<\/a> est pr\u00e9vu pour 00h03 tr\u00e8s pr\u00e9cises !<\/p>\n<p class=\" wall-content\"><b>22h49. <\/b>Lou et Edwige, originaires de Caen, passent \u00ab\u00a0un moment exceptionnel\u00a0\u00bb, les sourires du public \u00ab\u00a0les ravissent\u00a0\u00bb, et les kilom\u00e8tres aval\u00e9s en dansant sont \u00ab\u00a0un plaisir\u00a0\u00bb. Elles r\u00e9p\u00e8tent depuis octobre.<\/p>\n<p>      <img   decoding=\"async\" loading=\"lazy\" class=\"size-large\" src=\"https:\/\/www.europesays.com\/fr\/wp-content\/uploads\/2025\/05\/2be0c7aa6e1863fe0c7aa6e1853f0cv-960x640.jpg\" alt=\"Lou et Edwige, deux jeunes femmes originaires de Caen (Calvados), ont r\u00e9p\u00e9t\u00e9 depuis le mois d'octobre pour participer \u00e0 la parade du Mill\u00e9naire, ce vendredi 9 mai 2025.\" width=\"960\" height=\"640\"\/><br \/>\n    Lou et Edwige, deux jeunes femmes originaires de Caen (Calvados), ont r\u00e9p\u00e9t\u00e9 depuis le mois d\u2019octobre pour participer \u00e0 la parade du Mill\u00e9naire, ce vendredi 9 mai 2025. \u00a9M\u00e9lanie JOUBERT<\/p>\n<p class=\" wall-content\"><b>22h39.<\/b> Pom\u2019, l\u2019enfant g\u00e9ant, salue la foule \u00e0 l\u2019Universit\u00e9 de Caen. Les Enfants sauvages sont assur\u00e9ment l\u2019un des grands moments de la parade du Mill\u00e9naire.<\/p>\n<p class=\" wall-content\">Quelque 1 200 b\u00e9n\u00e9voles ont particip\u00e9 \u00e0 <a href=\"https:\/\/actu.fr\/normandie\/caen_14118\/ils-construisent-ensemble-un-des-geants-de-la-parade-du-millenaire-de-caen_62230430.html\" rel=\"nofollow noopener\" target=\"_blank\">la cr\u00e9ation de Pom\u2019, au cours d\u2019ateliers participatifs<\/a>, depuis plusieurs mois.<\/p>\n<p class=\" wall-content\"><b>22h20. <\/b>Lancement du spectacle Les enfants sauvages \u00e0 l\u2019universit\u00e9.<\/p>\n<p class=\" wall-content\">\n<p>      <img   decoding=\"async\" loading=\"lazy\" class=\"size-large\" src=\"https:\/\/www.europesays.com\/fr\/wp-content\/uploads\/2025\/05\/59eede346e18660fede346e1864fedv-960x640.jpg\" alt=\"L'orchestre devant l'universit\u00e9.\" width=\"960\" height=\"640\"\/><br \/>\n    L\u2019orchestre devant l\u2019universit\u00e9. \u00a9Romain BOUILLON<br \/>\n      <img   decoding=\"async\" loading=\"lazy\" class=\"size-large\" src=\"https:\/\/www.europesays.com\/fr\/wp-content\/uploads\/2025\/05\/5b00fe346e1866f00fe346e185310fv-960x640.jpg\" alt=\"Le spectacle Les enfants sauvages \u00e0 l'universit\u00e9.\" width=\"960\" height=\"640\"\/><br \/>\n    Le spectacle Les enfants sauvages \u00e0 l\u2019universit\u00e9. \u00a9Romain BOUILLON<\/p>\n<p class=\" wall-content\"><b><br \/>22 h 17. <\/b>Place Courtonne et sur le port, la foule est d\u00e9j\u00e0 sur place.<\/p>\n<p>      <img   decoding=\"async\" loading=\"lazy\" class=\"size-large\" src=\"https:\/\/www.europesays.com\/fr\/wp-content\/uploads\/2025\/05\/7288d1e26e186c688d1e26e18da88dv-960x640.jpg\" alt=\"Sur le ,port, la foule attend d\u00e9j\u00e0 le spectacle final.\" width=\"960\" height=\"640\"\/><br \/>\n    Sur le port, la foule attend d\u00e9j\u00e0 le spectacle final. \u00a9Gr\u00e9gory MAUCORPS<br \/>\n      <img   decoding=\"async\" loading=\"lazy\" class=\"size-large\" src=\"https:\/\/www.europesays.com\/fr\/wp-content\/uploads\/2025\/05\/1b43e1e26e1862f43e1e26e18a353ev-960x640.jpg\" alt=\"Place Courtonne, les r\u00e9p\u00e9titions de l'avant-dernier spectacle.\" width=\"960\" height=\"640\"\/><br \/>\n    Place Courtonne, les r\u00e9p\u00e9titions de l\u2019avant-dernier spectacle. \u00a9Gr\u00e9gory MAUCORPS<\/p>\n<p class=\" wall-content\"><b><br \/>22 h 11. <\/b>Un peu de retard \u00e0 l\u2019universit\u00e9, c\u2019est le moment de <a href=\"https:\/\/actu.fr\/normandie\/caen_14118\/a-lhotel-de-ville-de-caen-guillaume-le-conquerant-reprend-possession-de-son-abbaye_62617728.html\" rel=\"nofollow noopener\" target=\"_blank\">revivre le spectacle devant la mairie<\/a>.<b><br \/>22h05. <\/b>La parade se poursuit en direction de l\u2019universit\u00e9. La nuit tombe et l\u2019atmosph\u00e8re se modifie.<\/p>\n<p>      <img   decoding=\"async\" loading=\"lazy\" class=\"size-large\" src=\"https:\/\/www.europesays.com\/fr\/wp-content\/uploads\/2025\/05\/077487183e1861b7487183e18fe748v-960x640.jpg\" alt=\"Parade Mill\u00e9naire Caen place spectacle Saint Sauveur\" width=\"960\" height=\"640\"\/><br \/>\n    Parade Mill\u00e9naire Caen place spectacle Saint Sauveur \u00a9Maxence Gorregues<br \/>\n      <img   decoding=\"async\" loading=\"lazy\" class=\"size-large\" src=\"https:\/\/www.europesays.com\/fr\/wp-content\/uploads\/2025\/05\/9b027c006e186bf027c006e1893127v-960x640.jpg\" alt=\"Un artiste de la parade op\u00e9ratique.\" width=\"960\" height=\"640\"\/><br \/>\n    Un artiste de la parade op\u00e9ratique. \u00a9Gr\u00e9gory MAUCORPS<br \/>\n      <img   decoding=\"async\" loading=\"lazy\" class=\"size-large\" src=\"https:\/\/www.europesays.com\/fr\/wp-content\/uploads\/2025\/05\/42877c006e18696877c006e18aa877v-960x640.jpg\" alt=\"Au balcon des habitants donnent le la.\" width=\"960\" height=\"640\"\/><br \/>\n    Au balcon des habitants donnent le la. \u00a9Gr\u00e9gory MAUCORPS<br \/>\n      <img   decoding=\"async\" loading=\"lazy\" class=\"size-large\" src=\"https:\/\/www.europesays.com\/fr\/wp-content\/uploads\/2025\/05\/4f767c006e18673867c006e1867867v-960x640.jpg\" alt=\"Une g\u00e9ante baroque.\" width=\"960\" height=\"640\"\/><br \/>\n    Une g\u00e9ante baroque. \u00a9Gr\u00e9gory MAUCORPS<br \/>\n      <img   decoding=\"async\" loading=\"lazy\" class=\"size-large\" src=\"https:\/\/www.europesays.com\/fr\/wp-content\/uploads\/2025\/05\/78977c006e1864c977c006e1820a77v-960x640.jpg\" alt=\"La f\u00eate place de la Mare\" width=\"960\" height=\"640\"\/><br \/>\n    La f\u00eate place de la Mare \u00a9Arnaud HEROULT<br \/>\n      <img   decoding=\"async\" loading=\"lazy\" class=\"size-large\" src=\"https:\/\/www.europesays.com\/fr\/wp-content\/uploads\/2025\/05\/401a7c006e186a41a7c006e18c81a7v-960x640.jpg\" alt=\"Un artiste de la parade.\" width=\"960\" height=\"640\"\/><br \/>\n    Un artiste de la parade. \u00a9Romain BOUILLON<\/p>\n<p class=\" wall-content\"><a href=\"https:\/\/www.instagram.com\/reel\/DJcgqoyOb1P\/embed\" title=\"Ouvrir le lien sur Instagram\" rel=\"nofollow noopener\" target=\"_blank\">Visualiser le contenu sur Instagram<\/a><\/p>\n<p class=\" wall-content\"><b>21h50. <\/b>Un feu d\u2019artifice post apocalyptique place de Mare.<\/p>\n<p>      <img   decoding=\"async\" loading=\"lazy\" class=\"size-large\" src=\"https:\/\/www.europesays.com\/fr\/wp-content\/uploads\/2025\/05\/4a9be46d5e1861e9be46d5e1802abev-960x640.jpg\" alt=\"Spectacle impressionnant place de la Mare.\" width=\"960\" height=\"640\"\/><br \/>\n    Spectacle impressionnant place de la Mare. \u00a9Mathieu GIRARD<\/p>\n<p class=\" wall-content\"><b>21h30. <\/b>Les g\u00e9antes impressionnent la foule. La caravane est arriv\u00e9e place de la Mare pour un nouveau spectacle. C\u2019est <b>La Nu\u00e9e Ardente<\/b> qui est attendue. Un grondement sourd doit retentir\u2026 Des pr\u00e9sences myst\u00e9rieuses, joyeuses et inqui\u00e9tantes surprennent les Caennais.<\/p>\n<p>      <img   decoding=\"async\" loading=\"lazy\" class=\"size-large\" src=\"https:\/\/www.europesays.com\/fr\/wp-content\/uploads\/2025\/05\/9c78aef95e186b088aef95e18b488av-960x640.jpeg\" alt=\"La caravane approchant de la place de la Mare.\" width=\"960\" height=\"640\"\/><br \/>\n    La caravane approchant de la place de la Mare. \u00a9M\u00e9lanie JOUBERT<\/p>\n<p class=\" wall-content\"><b>21h24. <\/b>Envie de revivre le <b>Prologue de la Parade<\/b> : <a href=\"https:\/\/actu.fr\/normandie\/caen_14118\/grande-parade-du-millenaire-a-caen-le-prologue-a-donne-le-ton-de-la-fete_62617708.html\" rel=\"nofollow noopener\" target=\"_blank\">retrouvez notre article<\/a>\u00a0sur le tout d\u00e9but de cette soir\u00e9e d\u2019ores et d\u00e9j\u00e0 historique.<br \/><b>21h23. <\/b>Sur les Foss\u00e9s Saint-Julien, place \u00e0 <b>la r\u00e9volte qui gronde<\/b>. La batucada et les autres percussions sont de sorties, \u00e9voquant les arm\u00e9es qui ont travers\u00e9 l\u2019histoire. Logiquement, les mouvements de danse \u00e9voque une grande parade militaire qui file vers la place de la Mare.<\/p>\n<p class=\" wall-content\">https:\/\/x.com\/LIBERTE_CAEN\/status\/1920924949042065428<br \/><b>21h12. <\/b>La caravane n\u2019est pas pass\u00e9e par la place Saint-Sauveur, trop exig\u00fce pour l\u2019accueillir. Elle est pass\u00e9e par la rue Saint-Manvieu avant de rejoindre les foss\u00e9s Saint-Julien.<\/p>\n<p>      <img   decoding=\"async\" loading=\"lazy\" class=\"size-large\" src=\"https:\/\/www.europesays.com\/fr\/wp-content\/uploads\/2025\/05\/792f37a55e1864d2f37a55e18413f3v-960x640.jpeg\" alt=\"La foule, encore et encore. Cette fois sur les Foss\u00e9s Saint-Julien.\" width=\"960\" height=\"640\"\/><br \/>\n    La foule, encore et encore. Cette fois sur les Foss\u00e9s Saint-Julien. \u00a9Gr\u00e9gory Maucorps<br \/>\n      <img   decoding=\"async\" loading=\"lazy\" class=\"size-large\" src=\"https:\/\/www.europesays.com\/fr\/wp-content\/uploads\/2025\/05\/82d548885e18696d548885e180bd54v-960x640.jpeg\" alt=\"Quand on vous dit qu'il ya du monde...\" width=\"960\" height=\"640\"\/><br \/>\n    Quand on vous dit qu\u2019il ya du monde\u2026 \u00a9Christophe Jacquet<br \/>\n      <img   decoding=\"async\" loading=\"lazy\" class=\"size-large\" src=\"https:\/\/www.europesays.com\/fr\/wp-content\/uploads\/2025\/05\/2c31b5095e1865041b5095e183441bv-960x640.jpeg\" alt=\"Plus de 100 000 personnes sont attendues dans les rues de Caen ce soir.\" width=\"960\" height=\"640\"\/><br \/>\n    Plus de 100 000 personnes sont attendues dans les rues de Caen ce soir. \u00a9Christophe Jacquet<\/p>\n<p class=\" wall-content\"><b>21h05.<\/b> Le deuxi\u00e8me spectacle de cette parade touche \u00e0 sa fin. La magie se poursuit.<\/p>\n<p class=\" wall-content\"><b>20h58. <\/b>Le Bal du Roi, spectacle n\u00b02 de cette parade du Mill\u00e9naire, bat son plein sur la <b>place Saint-Sauveur<\/b> \u00e0 Caen.<\/p>\n<p class=\" wall-content\">\n<p class=\" wall-content\"><b>20h38. <\/b>Sur le parcours, les gens sont <b>dithyrambiques <\/b>apr\u00e8s le passage de la caravane de la grande parade du Mill\u00e9naire.\u00a0<\/p>\n<blockquote class=\"ac-article-quote wall-content\">\n<p>\u00c7a fait penser aux Jeux Olympiques cette ambiance. Les gens autour \u00e9taient aussi impressionn\u00e9s.\u00a0La parade c\u2019\u00e9tait un moment suspendu, calme et superbe.<\/p>\n<p>Cl\u00e9mence et Eric<\/p><\/blockquote>\n<p class=\" wall-content\"><b>20h26.<\/b> Le <b>spectacle \u00ab\u2009Le Bal du roi\u2009\u00bb <\/b>commence place Saint-Sauveur. Pendant ce temps-l\u00e0, Guillaume impressionne les Caennais devant la mairie :\u00a0<\/p>\n<p class=\" wall-content\">\n<p class=\" wall-content\"><b>20h20.<\/b> Les g\u00e9antes arrivent sur la <b>place Saint-Sauveur bond\u00e9e<\/b>.<\/p>\n<p class=\" wall-content\">\n<p>      <img   decoding=\"async\" loading=\"lazy\" class=\"size-large\" src=\"https:\/\/www.europesays.com\/fr\/wp-content\/uploads\/2025\/05\/a16756564e186b56756564e1889675v-960x640.jpg\" alt=\"Grande parade Mill\u00e9naire Caen g\u00e9ante\" width=\"960\" height=\"640\"\/><br \/>\n    Magnifique g\u00e9ante qui illumine la parade du Mill\u00e9naire de Caen. \u00a9Romain Bouillon<\/p>\n<p class=\" wall-content\"><b>20h18. <\/b>La foule observe \u00e9bahie les chars qui arrivent <b>place Fontette<\/b> :\u00a0<\/p>\n<p>      <img   decoding=\"async\" loading=\"lazy\" class=\"size-large\" src=\"https:\/\/www.europesays.com\/fr\/wp-content\/uploads\/2025\/05\/58fcaa745e1865cfcaa745e18300dav-960x640.jpg\" alt=\"Le premier char arrivant sur la place Fontette.\" width=\"960\" height=\"640\"\/><br \/>\n    Le premier char arrivant sur la place Fontette. \u00a9Maxence GORREGUES<\/p>\n<p class=\" wall-content\"><b><br \/>20h16. <\/b>Le g\u00e9ant Guillaume le Conqu\u00e9rant se pr\u00e9sente aux Caennais devant l\u2019h\u00f4tel de ville.<\/p>\n<p>      <img   decoding=\"async\" loading=\"lazy\" class=\"size-large\" src=\"https:\/\/www.europesays.com\/fr\/wp-content\/uploads\/2025\/05\/535d9fda4e186375d9fda4e181b5d9v-960x640.jpg\" alt=\"Le g\u00e9ant Guillaume le Conqu\u00e9rant devant la mairie de Caen.\" width=\"960\" height=\"640\"\/><br \/>\n    Le g\u00e9ant Guillaume le Conqu\u00e9rant devant la mairie de Caen. \u00a9Nicolas Claich<\/p>\n<p class=\" wall-content\"><b>20h12. <\/b>Les chars, les danseurs, les g\u00e9antes\u2009: une <b>explosion de couleurs<\/b> <b>\u00e9merveille les spectateurs<\/b> pr\u00e9sents sur le parcours jusqu\u2019\u00e0 la mairie de Caen.<\/p>\n<p class=\" wall-content\">\u00ab\u2009C\u2019est superbe\u2009\u00bb, glisse Mathilde, au milieu de la foule.<\/p>\n<p>      <img   decoding=\"async\" loading=\"lazy\" class=\"size-large\" src=\"https:\/\/www.europesays.com\/fr\/wp-content\/uploads\/2025\/05\/c14ba3634e186d54ba3634e18cb4bav-960x640.jpg\" alt=\"Grande parade Mill\u00e9naire g\u00e9ante Caen\" width=\"960\" height=\"640\"\/><br \/>\n    Les danseurs s\u2019en donnent \u00e0 c\u0153ur joie devant l\u2019h\u00f4tel de ville de Caen. \u00a9Gr\u00e9gory MAUCORPS<br \/>\n      <img   decoding=\"async\" loading=\"lazy\" class=\"size-large\" src=\"https:\/\/www.europesays.com\/fr\/wp-content\/uploads\/2025\/05\/0e8356564e186829356564e1866935v-960x640.jpg\" alt=\"Grande parade Mill\u00e9naire Caen char\" width=\"960\" height=\"640\"\/><br \/>\n    Le char immacul\u00e9 fend la foule pour le Mill\u00e9naire de Caen. \u00a9Romain Bouillon<br \/>\n      <img   decoding=\"async\" loading=\"lazy\" class=\"size-large\" src=\"https:\/\/www.europesays.com\/fr\/wp-content\/uploads\/2025\/05\/f6d346564e1864bd346564e183fd34v-960x640.jpg\" alt=\"Grande parade Mill\u00e9naire Caen d\u00e9fil\u00e9\" width=\"960\" height=\"640\"\/><br \/>\n    Le d\u00e9fil\u00e9 de la grande parade arrive devant l\u2019h\u00f4tel de ville. \u00a9Gr\u00e9gory MAUCORPS<\/p>\n<p class=\" wall-content\"><b>20h05. <\/b>Un appel retentit dans toute la ville, c\u2019est le d\u00e9but du spectacle. <b>La caravane au complet <\/b>se d\u00e9voile au public et pr\u00e9sente ses 4 univers artistiques qui oscillent entre histoire et po\u00e9sie, avec danseurs et g\u00e9antes.<\/p>\n<p class=\" wall-content\">\n<p>      <img   decoding=\"async\" loading=\"lazy\" class=\"size-large\" src=\"https:\/\/www.europesays.com\/fr\/wp-content\/uploads\/2025\/05\/db41f0a35e1863051f0a35e182451fv-960x640.jpeg\" alt=\"La caravane en marche, avenue Albert Sorel.\" width=\"960\" height=\"640\"\/><br \/>\n    La caravane en marche, avenue Albert Sorel. \u00a9Romain BOUILLON<br \/>\n      <img   decoding=\"async\" loading=\"lazy\" class=\"size-large\" src=\"https:\/\/www.europesays.com\/fr\/wp-content\/uploads\/2025\/05\/4f16c3634e1864326c3634e183726cv-960x640.jpg\" alt=\"Grande parade Mill\u00e9naire g\u00e9ante Caen\" width=\"960\" height=\"640\"\/><br \/>\n    L\u2019une des g\u00e9antes de la parade, magnifiquement habill\u00e9e. \u00a9Arnaud H\u00e9roult<br \/>\n      <img   decoding=\"async\" loading=\"lazy\" class=\"size-large\" src=\"https:\/\/www.europesays.com\/fr\/wp-content\/uploads\/2025\/05\/7e7b94634e186c28b94634e18c68b9v-960x640.jpg\" alt=\"Grande parade Mill\u00e9naire g\u00e9ante Caen\" width=\"960\" height=\"640\"\/><br \/>\n    Beaucoup de danseurs d\u00e9ambulent sur l\u2019avenue Sorel pour lancer la grande parade du Mill\u00e9naire. \u00a9Libert\u00e9 Caen<br \/>\n      <img   decoding=\"async\" loading=\"lazy\" class=\"size-large\" src=\"https:\/\/www.europesays.com\/fr\/wp-content\/uploads\/2025\/05\/9292b3634e186f692b3634e181b92bv-960x640.jpg\" alt=\"Grande parade Mill\u00e9naire g\u00e9ante Caen\" width=\"960\" height=\"640\"\/><br \/>\n    Un camion revisite le pass\u00e9 sur la grande parade du Mill\u00e9naire. \u00a9Arnaud H\u00e9roult<\/p>\n<p class=\" wall-content\"><b>19h50. <\/b>La municipalit\u00e9 de Caen pr\u00e9cise que <b>tous les parkings relais <\/b>pr\u00e9vus pour la grande parade <b>sont pleins.<\/b><\/p>\n<p>      <img   decoding=\"async\" loading=\"lazy\" class=\"size-large\" src=\"https:\/\/www.europesays.com\/fr\/wp-content\/uploads\/2025\/05\/6bcb18ef3e1867fcb18ef3e1825db1v-960x640.jpg\" alt=\"Grande parade Mill\u00e9naire Caen d\u00e9part\" width=\"960\" height=\"640\"\/><br \/>\n    Avec une dizaine de minutes de retard, le d\u00e9part de la grande parade du Mill\u00e9naire de Caen (Calvados) vient d\u2019\u00eatre donn\u00e9 ce vendredi 9\u00a0mai 2025. \u00a9Arnaud H\u00e9roult<\/p>\n<p class=\" wall-content\"><b>19h43. <\/b><b>C\u2019est parti <\/b>pour la grande parade du Mill\u00e9naire de Caen, avenue Albert-Sorel.<\/p>\n<p class=\" wall-content\">\n<p>      <img   decoding=\"async\" loading=\"lazy\" class=\"size-large\" src=\"https:\/\/www.europesays.com\/fr\/wp-content\/uploads\/2025\/05\/f93518ef3e1864e3518ef3e1842451v-960x640.jpg\" alt=\"Grande parade Mill\u00e9naire Caen d\u00e9part\" width=\"960\" height=\"640\"\/><br \/>\n    Les premiers chars de la grande parade viennent de partir, \u00e0 19h44. \u00a9Arnaud H\u00e9roult<br \/>\n      <img   decoding=\"async\" loading=\"lazy\" class=\"size-large\" src=\"https:\/\/www.europesays.com\/fr\/wp-content\/uploads\/2025\/05\/4e2118ef3e186823118ef3e1866311v-960x640.jpg\" alt=\"Grande parade Mill\u00e9naire Caen d\u00e9part\" width=\"960\" height=\"640\"\/><br \/>\n    Le premier segment se compose de chars et de danseurs qui rejoignent l\u2019H\u00f4tel de Ville de Caen. \u00a9Arnaud H\u00e9roult<br \/>\n      <img   decoding=\"async\" loading=\"lazy\" class=\"size-large\" src=\"https:\/\/www.europesays.com\/fr\/wp-content\/uploads\/2025\/05\/e26138ef3e186a76138ef3e1886813v-960x640.jpg\" alt=\"Grande parade Mill\u00e9naire Caen d\u00e9part\" width=\"960\" height=\"640\"\/><br \/>\n    Magnifique char pour lancer la grande parade du Mill\u00e9naire de Caen. \u00a9Arnaud H\u00e9roult<\/p>\n<p class=\" wall-content\"><b>19h42. <\/b>Les b\u00e9n\u00e9voles<b> distribuent des bracelets<\/b> pour identifier les enfants, \u00e0 diff\u00e9rents endroits du parcours.<\/p>\n<p>      <img   decoding=\"async\" loading=\"lazy\" class=\"size-large\" src=\"https:\/\/www.europesays.com\/fr\/wp-content\/uploads\/2025\/05\/6d4a0acb3e186815a0acb3e18955a0v-960x640.jpg\" alt=\"Grande parade  Mill\u00e9naire Caen bracelets\" width=\"960\" height=\"640\"\/><br \/>\n    Les b\u00e9n\u00e9voles distribuent des bracelets pour identifier les enfants. \u00a9M\u00e9lanie Joubert<\/p>\n<p class=\" wall-content\"><b>19h38. <\/b>La grande parade du Mill\u00e9naire, c\u2019est en r\u00e9alit\u00e9 un total de <b>12 spectacles propos\u00e9s<\/b> entre 19h30 et 00h30. 12 parce que la caravane va se d\u00e9placer sur six segments, offrant \u00e0 chaque fois un show diff\u00e9rent. S\u2019y ajoutent 5 spectacles fixes, et le grand final sur le bassin Saint-Pierre.<\/p>\n<p class=\" wall-content\"><b>19h23. <\/b>Le maire de Caen Aristide Olivier est devant le lyc\u00e9e Malherbe, \u00e0 7\u00a0minutes du d\u00e9part de la grande parade du Mill\u00e9naire\u2009:<\/p>\n<blockquote class=\"ac-article-quote wall-content\">\n<p>On a de la chance avec le temps.<\/p>\n<\/blockquote>\n<p>      <img   decoding=\"async\" loading=\"lazy\" class=\"size-large\" src=\"https:\/\/www.europesays.com\/fr\/wp-content\/uploads\/2025\/05\/688d59cb3e1869c8d59cb3e18a09d5v-960x640.jpg\" alt=\"Grande parade  Mill\u00e9naire Caen Aristide Olivier\" width=\"960\" height=\"640\"\/><br \/>\n    Aristide Olivier, le maire de Caen, grand sourire, avant le d\u00e9part de la grande parade. \u00a9Aristide Olivier<\/p>\n<p class=\" wall-content\"><b>19h17. <\/b>Le monde afflue d\u2019un peu partout en ville. La place Saint-Sauveur commence \u00e0 se remplir \u00e0 vitesse grand V et les terrasses sont pleines.<\/p>\n<p>      <img   decoding=\"async\" loading=\"lazy\" class=\"size-large\" src=\"https:\/\/www.europesays.com\/fr\/wp-content\/uploads\/2025\/05\/eb21e9cb3e1862031e9cb3e183431ev-960x640.jpg\" alt=\"Grande parade  Mill\u00e9naire Caen\" width=\"960\" height=\"640\"\/><br \/>\n    La place Saint-Sauveur se remplit \u00e0 vitesse grand V. \u00a9Mathieu Girard<br \/>\n      <img   decoding=\"async\" loading=\"lazy\" class=\"size-large\" src=\"https:\/\/www.europesays.com\/fr\/wp-content\/uploads\/2025\/05\/f33a59cb3e186f73a59cb3e18db3a5v-960x640.jpg\" alt=\"Grande parade  Mill\u00e9naire Caen\" width=\"960\" height=\"640\"\/><br \/>\n    Beaucoup de monde en terrasse avant le passage de la grande parade ce vendredi 9\u00a0mai 2025. \u00a9Gr\u00e9gory MAUCORPS<br \/>\n      <img   decoding=\"async\" loading=\"lazy\" class=\"size-large\" src=\"https:\/\/www.europesays.com\/fr\/wp-content\/uploads\/2025\/05\/4b2249cb3e186c03249cb3e18f5324v-960x640.jpg\" alt=\"Grande parade  Mill\u00e9naire Caen monde\" width=\"960\" height=\"640\"\/><br \/>\n    \u00c9norm\u00e9ment de personnes dans les rues du centre-ville (rue Saint-Pierre) qui se dirigent vers l\u2019Hotel de Ville \/ Place Saint-Sauveur. \u00a9Flavie Levionnois<\/p>\n<p class=\" wall-content\"><b>19h10. <\/b>Le premier char et les premiers danseurs arrivent avenue Sorel. Le grand d\u00e9part de la parade se rapproche.<\/p>\n<p>      <img   decoding=\"async\" loading=\"lazy\" class=\"size-large\" src=\"https:\/\/www.europesays.com\/fr\/wp-content\/uploads\/2025\/05\/65ac77183e18679ac77183e185dac7v-960x640.jpg\" alt=\"Parade Mill\u00e9naire Caen place spectacle\" width=\"960\" height=\"640\"\/><br \/>\n    Le premier char et les premiers danseurs arrivent avenue Sorel. Le grand d\u00e9part de la parade se rapproche. \u00a9Arnaud H\u00e9roult<br \/>\n      <img   decoding=\"async\" loading=\"lazy\" class=\"size-large\" src=\"https:\/\/www.europesays.com\/fr\/wp-content\/uploads\/2025\/05\/4440a7183e1864840a7183e183c40av-960x640.jpg\" alt=\"Parade Mill\u00e9naire Caen place spectacle\" width=\"960\" height=\"640\"\/><br \/>\n    Les premiers danseurs de la grande parade du Mill\u00e9naire de Caen arrivent pr\u00e8s du d\u00e9part. \u00a9Arnaud H\u00e9roult<br \/>\n      <img   decoding=\"async\" loading=\"lazy\" class=\"size-large\" src=\"https:\/\/www.europesays.com\/fr\/wp-content\/uploads\/2025\/05\/7462b7183e1869862b7183e185d62bv-960x640.jpg\" alt=\"Parade Mill\u00e9naire Caen place spectacle\" width=\"960\" height=\"640\"\/><br \/>\n    Le premier char de la grande parade du Mill\u00e9naire de Caen. \u00a9Arnaud H\u00e9roult<\/p>\n<p class=\" wall-content\"><b>19h01.<\/b> Depuis plusieurs jours, Caen se pr\u00e9pare \u00e0 la f\u00eate. Ce jeudi 8\u00a0mai, des r\u00e9p\u00e9titions avaient lieu sur les diff\u00e9rentes sc\u00e8nes pour les <b>spectacles fixes<\/b>, comme ici, place Saint-Sauveur\u2009:<\/p>\n<p class=\" wall-content\">\n<p class=\" wall-content\"><b>18h47. <\/b>A trois-quarts d\u2019heure du coup d\u2019envoi de la grande parade, <b>\u00e7a se remplit sur les pelouses de l\u2019H\u00f4tel de Ville<\/b> et sur la <b>place Saint-Sauveur<\/b>.<\/p>\n<p>      <img   decoding=\"async\" loading=\"lazy\" class=\"size-large\" src=\"https:\/\/www.europesays.com\/fr\/wp-content\/uploads\/2025\/05\/8ec917c03e18625d917c03e1839d91v-960x640.jpg\" alt=\"Parade Caen Mill\u00e9naire h\u00f4tel de Ville\" width=\"960\" height=\"640\"\/><br \/>\n    A 45\u00a0minutes du lancement de la grande parade, \u00e7a se remplit sur les pelouses de l\u2019h\u00f4tel de ville de Caen. \u00a9Nicolas Claich<br \/>\n      <img   decoding=\"async\" loading=\"lazy\" class=\"size-large\" src=\"https:\/\/www.europesays.com\/fr\/wp-content\/uploads\/2025\/05\/fad7c0523e1861fd7c0523e1803e7cv-960x640.jpg\" alt=\"Grande parade Caen Mill\u00e9naire st Sauveur\" width=\"960\" height=\"640\"\/><br \/>\n    Sur la place Saint-Sauveur aussi, le monde arrive petit \u00e0 petit \u00e0 18h45. \u00a9Murielle Bouchard<\/p>\n<p class=\" wall-content\"><b>18h35. <\/b>Catherine, Yvette, B\u00e9atrice et Pascale partagent un banc devant le lyc\u00e9e Malherbe, lieu du d\u00e9part de la parade\u2009:<\/p>\n<blockquote class=\"ac-article-quote wall-content\">\n<p>On vient de se rencontrer, c\u2019est l\u2019esprit du Mill\u00e9naire. On est venu sur le site du prologue pour tout mieux voir et appr\u00e9cier la parade. L\u00e0, il n\u2019y a pas la foule.<\/p>\n<\/blockquote>\n<p>      <img   decoding=\"async\" loading=\"lazy\" class=\"size-large\" src=\"https:\/\/www.europesays.com\/fr\/wp-content\/uploads\/2025\/05\/906256c03e186a46256c03e1888625v-960x640.jpg\" alt=\"Catherine, Yvette, B\u00e9atrice et Pascale partagent un banc devant le lyc\u00e9e Malherbe, lieu du d\u00e9part de la parade.\" width=\"960\" height=\"640\"\/><br \/>\n    Catherine, Yvette, B\u00e9atrice et Pascale partagent un banc devant le lyc\u00e9e Malherbe, lieu du d\u00e9part de la parade. \u00a9Arnaud H\u00e9roult<\/p>\n<p class=\" wall-content\"><b>18h27.<\/b> La journ\u00e9e du jeudi 8\u00a0mai a permis de faire les derniers r\u00e9glages. C\u2019\u00e9tait notamment le cas pour les <a href=\"https:\/\/actu.fr\/normandie\/caen_14118\/400-drones-sentrainent-dans-le-ciel-de-caen-pour-le-grand-show-final-du-millenaire_62611886.html\" rel=\"nofollow noopener\" target=\"_blank\">400 drones<\/a> qui doivent assurer une partie du <b>spectacle final<\/b> \u00e0 partir de minuit sur le bassin Saint-Pierre.<\/p>\n<p>      <img   decoding=\"async\" loading=\"lazy\" class=\"size-large\" src=\"https:\/\/www.europesays.com\/fr\/wp-content\/uploads\/2025\/05\/8ffd176cdc186a30e176cdc18970e1v-1-960x640.jpg\" alt=\"Parade Mill\u00e9naire Caen pr\u00e9paratifs drones\" width=\"960\" height=\"640\"\/><br \/>\n    Les drones sont pr\u00eats, devant le Carg\u00f6. \u00a9Gr\u00e9gory MAUCORPS<\/p>\n<p class=\" wall-content\"><b>18h16. <\/b>Rue Ecuy\u00e8re, les terrasses sont bond\u00e9es en attendant la parade.<\/p>\n<p>      <img   decoding=\"async\" loading=\"lazy\" class=\"size-large\" src=\"https:\/\/www.europesays.com\/fr\/wp-content\/uploads\/2025\/05\/4817866a2e1865c17866a2e1830278v-960x640.jpg\" alt=\"Mill\u00e9naire Caen grande parade rue Ecuy\u00e8re\" width=\"960\" height=\"640\"\/><br \/>\n    Rue Ecuy\u00e8re, les terrasses sont bond\u00e9es en attendant la parade. \u00a9Arnaud H\u00e9roult<\/p>\n<p class=\" wall-content\"><b>18h07. <\/b>L\u2019itin\u00e9raire que la caravane de la <a href=\"https:\/\/actu.fr\/normandie\/caen_14118\/millenaire-de-caen-pourquoi-la-grande-parade-du-9-mai-est-operatique_62567535.html\" rel=\"nofollow noopener\" target=\"_blank\">parade op\u00e9ratique<\/a> va emprunter dans les rues de Caen est connu depuis des semaines. Il dessine une grande demi-boucle au d\u00e9part de la prairie, en passant par l\u2019h\u00f4tel de ville, les Foss\u00e9s Saint-Julien, l\u2019Universit\u00e9, la rue du Vaugueux, la place Courtonne puis le bassin Saint-Pierre. On vous remet ici le programme\u2009:<\/p>\n<p>      <img   decoding=\"async\" loading=\"lazy\" class=\"size-large\" src=\"https:\/\/www.europesays.com\/fr\/wp-content\/uploads\/2025\/05\/fa8926dde5c762f8926dde5c703992v-2-960x640.jpg\" alt=\"Le parcours de la Parade Op\u00e9ratique du Mill\u00e9naire.\" width=\"960\" height=\"640\"\/><br \/>\n    Le parcours de la Parade Op\u00e9ratique du Mill\u00e9naire. \u00a9Libert\u00e9 Actu.fr \/ Mill\u00e9naire de Caen 2025<\/p>\n<p class=\" wall-content\"><b>17h54. <\/b>Les <b>artistes<\/b> de l\u2019avant-dernier spectacle <b>r\u00e9p\u00e8tent sur le port de Caen<\/b> (le spectacle est pr\u00e9vu \u00e0 23h15)\u2009: il faut faire avec le vent qui se prend dans les balanciers.<\/p>\n<p class=\" wall-content\">\n<p>      <img   decoding=\"async\" loading=\"lazy\" class=\"size-large\" src=\"https:\/\/www.europesays.com\/fr\/wp-content\/uploads\/2025\/05\/c563966a2e186b963966a2e18ad639v-960x640.jpg\" alt=\"Mill\u00e9naire Caen grande parade place Saint-Sauveur\" width=\"960\" height=\"640\"\/><br \/>\n    C\u2019est le jour J pour la grande parade du Mill\u00e9naire de Caen. A 18h, les gens sont d\u00e9j\u00e0 pr\u00eats sur la place Saint-Sauveur. \u00a9Arnaud H\u00e9roult<\/p>\n<p class=\" wall-content\"><b>17h41.<\/b> A chaque terminus de navettes, des panneaux sont install\u00e9s pour expliquer le chemin \u00e0 suivre et les spectacles.<\/p>\n<p class=\" wall-content\">\n<p>      <img   decoding=\"async\" loading=\"lazy\" class=\"size-large\" src=\"https:\/\/www.europesays.com\/fr\/wp-content\/uploads\/2025\/05\/31b5866a2e18645b5866a2e1819b58v-960x640.jpg\" alt=\"Mill\u00e9naire Caen grande parade navettes\" width=\"960\" height=\"640\"\/><br \/>\n    A chaque terminus de navettes, des panneaux sont install\u00e9s pour expliquer le chemin \u00e0 suivre et les spectacles. \u00a9Maxence Gorregues<\/p>\n<p class=\" wall-content\"><b>17h24. <\/b>Des personnes attendent d\u00e9j\u00e0 la <b>navette gratuite<\/b> pour rejoindre le centre de Caen. Ici, la navette qui par du parking relais 5 (rond-point Carrefour C\u00f4te de Nacre). Idem \u00e0 la gare de Caen.<\/p>\n<p>      <img   decoding=\"async\" loading=\"lazy\" class=\"size-large\" src=\"https:\/\/www.europesays.com\/fr\/wp-content\/uploads\/2025\/05\/4633766a2e1865a33766a2e18d0437v-960x640.jpg\" alt=\"Mill\u00e9naire Caen grande parade navettes\" width=\"960\" height=\"640\"\/><br \/>\n    Des personnes attendent d\u00e9j\u00e0 la navette gratuite pour rejoindre le centre de Caen. Ici, la navette qui par du parking relais 5 (rond-point Carrefour C\u00f4te de Nacre). \u00a9Maxence Gorregues<br \/>\n      <img   decoding=\"async\" loading=\"lazy\" class=\"size-large\" src=\"https:\/\/www.europesays.com\/fr\/wp-content\/uploads\/2025\/05\/a02d666a2e186c22d666a2e18c62d6v-960x640.jpg\" alt=\"Mill\u00e9naire Caen grande parade attente tram gare\" width=\"960\" height=\"640\"\/><br \/>\n    Du monde \u00e0 la gare \u00e0 attendre le tram pour se rendre au Mill\u00e9naire. \u00a9Murielle Bouchard<\/p>\n<p class=\" wall-content\"><b>17h<\/b>. Bienvenue dans ce Live r\u00e9alis\u00e9 par la r\u00e9daction de votre journal <a href=\"https:\/\/moncompte.actu.fr\/acheter\/liberte-liberte-le-bonhomme-libre_f0847744-3702-48ee-99a5-92290b408a01\" rel=\"nofollow noopener\" target=\"_blank\">Libert\u00e9 \u00e0 Caen<\/a>. Un live pour une soir\u00e9e qui s\u2019annonce <b>historique<\/b>, \u00e0 l\u2019occasion des <a href=\"https:\/\/actu.fr\/normandie\/caen_14118\/millenaire-de-caen-la-ville-est-elle-bien-nee-il-y-a-1-000-ans_62106438.html\" rel=\"nofollow noopener\" target=\"_blank\">1\u2009000\u00a0ans de la ville<\/a>.<\/p>\n<p class=\" wall-content\">Suivez toute l\u2019actualit\u00e9 de vos villes et m\u00e9dias favoris en vous inscrivant \u00e0 <a href=\"https:\/\/moncompte.actu.fr\" title=\"D\u00e9couvez Mon Actu\" rel=\"nofollow noopener\" data-trk=\"{&quot;cta&quot;:{&quot;action&quot;:&quot;https:\\\/\\\/moncompte.actu.fr&quot;,&quot;category&quot;:&quot;mon compte&quot;,&quot;from&quot;:&quot;article footer&quot;,&quot;name&quot;:&quot;Mon actu&quot;,&quot;type&quot;:&quot;cta&quot;}}\" target=\"_blank\">Mon Actu<\/a>.<\/p>\n<p>                    <script async src=\"\/\/www.instagram.com\/embed.js\"><\/script><\/p>\n","protected":false},"excerpt":{"rendered":"Par R\u00e9daction Caen Publi\u00e9 le 9 mai 2025 \u00e0 23h52 C\u2019est LE rendez-vous de l\u2019ann\u00e9e \u00e0 Caen (Calvados),&hellip;\n","protected":false},"author":2,"featured_media":87832,"comment_status":"","ping_status":"","sticky":false,"template":"","format":"standard","meta":{"footnotes":""},"categories":[4],"tags":[11,5492,1011,27,19784,1652,19785,12,25],"class_list":{"0":"post-87831","1":"post","2":"type-post","3":"status-publish","4":"format-standard","5":"has-post-thumbnail","7":"category-france","8":"tag-actualites","9":"tag-caen","10":"tag-fr","11":"tag-france","12":"tag-guillaume-le-conquerant","13":"tag-loisirs-culture","14":"tag-millenaire-de-caen","15":"tag-news","16":"tag-republique-francaise"},"share_on_mastodon":{"url":"https:\/\/pubeurope.com\/@fr\/114480164180206499","error":""},"_links":{"self":[{"href":"https:\/\/www.europesays.com\/fr\/wp-json\/wp\/v2\/posts\/87831","targetHints":{"allow":["GET"]}}],"collection":[{"href":"https:\/\/www.europesays.com\/fr\/wp-json\/wp\/v2\/posts"}],"about":[{"href":"https:\/\/www.europesays.com\/fr\/wp-json\/wp\/v2\/types\/post"}],"author":[{"embeddable":true,"href":"https:\/\/www.europesays.com\/fr\/wp-json\/wp\/v2\/users\/2"}],"replies":[{"embeddable":true,"href":"https:\/\/www.europesays.com\/fr\/wp-json\/wp\/v2\/comments?post=87831"}],"version-history":[{"count":0,"href":"https:\/\/www.europesays.com\/fr\/wp-json\/wp\/v2\/posts\/87831\/revisions"}],"wp:featuredmedia":[{"embeddable":true,"href":"https:\/\/www.europesays.com\/fr\/wp-json\/wp\/v2\/media\/87832"}],"wp:attachment":[{"href":"https:\/\/www.europesays.com\/fr\/wp-json\/wp\/v2\/media?parent=87831"}],"wp:term":[{"taxonomy":"category","embeddable":true,"href":"https:\/\/www.europesays.com\/fr\/wp-json\/wp\/v2\/categories?post=87831"},{"taxonomy":"post_tag","embeddable":true,"href":"https:\/\/www.europesays.com\/fr\/wp-json\/wp\/v2\/tags?post=87831"}],"curies":[{"name":"wp","href":"https:\/\/api.w.org\/{rel}","templated":true}]}}