{"id":87835,"date":"2025-05-09T22:11:24","date_gmt":"2025-05-09T22:11:24","guid":{"rendered":"https:\/\/www.europesays.com\/fr\/87835\/"},"modified":"2025-05-09T22:11:24","modified_gmt":"2025-05-09T22:11:24","slug":"leveque-de-saint-etienne-reagit-a-lelection-du-pape-leon-xiv","status":"publish","type":"post","link":"https:\/\/www.europesays.com\/fr\/87835\/","title":{"rendered":"l\u2019\u00e9v\u00eaque de Saint-Etienne r\u00e9agit \u00e0 l\u2019\u00e9lection du pape L\u00e9on XIV"},"content":{"rendered":"<p>\u00ab\u00a0Joie\u00a0\u00bb, c\u2019est le premier mot que l\u2019\u00e9lection de L\u00e9on XIV inspire \u00e0 Mgr Bataille, \u00e9v\u00eaque de Saint-\u00c9tienne. \u00ab\u00a0On attendait un pape. Fran\u00e7ois \u00e9tait fatigu\u00e9 et malade, mais il a beaucoup donn\u00e9, jusqu\u2019au bout, avec une tr\u00e8s belle fin et cette derni\u00e8re b\u00e9n\u00e9diction \u00e0 P\u00e2ques, sur la place Saint-Pierre\u00a0\u00bb, dit l\u2019\u00e9v\u00eaque. \u00ab\u00a0Puis est venu ce temps d\u2019attente et de discernement durant lequel on a senti que les choses se faisaient d\u2019une belle mani\u00e8re, sans opposition entre les cardinaux, qui ont pris le temps d\u2019\u00e9changer.\u00a0\u00bb<\/p>\n<p>  \u00ab\u00a0Pas une surprise, il \u00e9tait dans la liste des papes probables\u00a0\u00bb<\/p>\n<p>Le pr\u00e9lat souligne la dur\u00e9e tr\u00e8s courte (deux jours) de ce conclave\u00a0: \u00ab\u00a0Le fait qu\u2019il soit \u00e9lu si rapidement est la preuve d\u2019un vrai consensus sur son nom, ce qui met dans la confiance. Mais ce n\u2019est pas une r\u00e9elle surprise, car il \u00e9tait dans la liste des papes probables\u00a0\u00bb, continue Sylvain Bataille, conc\u00e9dant qu\u2019il n\u2019a jamais rencontr\u00e9 Robert Francis Prevost.<\/p>\n<p>\u00ab\u00a0Mais les retours que j\u2019ai eus de la part de ceux qui ont travaill\u00e9 avec lui sont tous tr\u00e8s positifs. C\u2019est quelqu\u2019un qui suit les dossiers et qui a l\u2019image d\u2019un homme ouvert \u00e0 la discussion et respectueux des personnes.\u00a0\u00bb<\/p>\n<p>Les cardinaux avaient plusieurs choix possibles, mais s\u2019ils ont opt\u00e9 pour le cardinal am\u00e9ricain, c\u2019est qu\u2019il a \u00ab\u00a0des tas de qualit\u00e9s\u00a0\u00bb, m\u00eame si, \u00ab\u00a0comme nous tous, il aura ses limites\u00a0\u00bb.<\/p>\n<p>  \u00ab\u00a0Qu\u2019il nous fasse avancer avec ce qu\u2019il est\u00a0\u00bb<\/p>\n<p>En tout cas, les premiers mots du nouveau souverain pontife ont s\u00e9duit Mgr Bataille\u00a0: \u00ab\u00a0Fran\u00e7ois a trac\u00e9 des grandes lignes qu\u2019il faut poursuivre, que ce soit \u00e0 l\u2019int\u00e9rieur de l\u2019\u00c9glise, en faveur de la paix ou sur l\u2019accueil des migrants. Cela demeurera des questions du nouveau pape, il y a une notion de continuit\u00e9 \u00e9vidente. Mais on est frapp\u00e9 de constater la libert\u00e9 de chacun des papes par rapport \u00e0 son pr\u00e9d\u00e9cesseur. On s\u2019inscrit dans une histoire que l\u2019on prolonge et, en m\u00eame temps, chacun s\u2019assume avec son style, avec ce qu\u2019il a \u00e0 donner.<\/p>\n<p>Ce qu\u2019il attend de L\u00e9on XIV\u00a0: \u00ab\u00a0Qu\u2019il avance et qu\u2019il nous fasse avancer avec ce qu\u2019il est\u00a0\u00bb. Et de pointer, en ces temps troubles, \u00ab\u00a0son souci de la communion et de la conciliation\u00a0\u00bb du nouvel \u00e9v\u00eaque de Rome. Mais le chef de l\u2019\u00c9glise dans la Loire souhaite laisser du temps \u00e0 son nouveau pape\u00a0: \u00ab\u00a0Il arrive, laissons-le se d\u00e9ployer.\u00a0\u00bb<\/p>\n","protected":false},"excerpt":{"rendered":"\u00ab\u00a0Joie\u00a0\u00bb, c\u2019est le premier mot que l\u2019\u00e9lection de L\u00e9on XIV inspire \u00e0 Mgr Bataille, \u00e9v\u00eaque de Saint-\u00c9tienne. \u00ab\u00a0On&hellip;\n","protected":false},"author":2,"featured_media":87836,"comment_status":"","ping_status":"","sticky":false,"template":"","format":"standard","meta":{"footnotes":""},"categories":[9653],"tags":[1111,11,2430,7539,1777,674,107,1011,27,3367,12,5889,25,4001,7538,104],"class_list":{"0":"post-87835","1":"post","2":"type-post","3":"status-publish","4":"format-standard","5":"has-post-thumbnail","7":"category-saint-etienne","8":"tag-actu","9":"tag-actualites","10":"tag-auvergne-rhone-alpes","11":"tag-edition-loire-sud","12":"tag-eu","13":"tag-europe","14":"tag-fil-info","15":"tag-fr","16":"tag-france","17":"tag-loire","18":"tag-news","19":"tag-religion-croyance","20":"tag-republique-francaise","21":"tag-saint-etienne","22":"tag-saint-etienne-ville","23":"tag-societe"},"share_on_mastodon":{"url":"https:\/\/pubeurope.com\/@fr\/114480171097196760","error":""},"_links":{"self":[{"href":"https:\/\/www.europesays.com\/fr\/wp-json\/wp\/v2\/posts\/87835","targetHints":{"allow":["GET"]}}],"collection":[{"href":"https:\/\/www.europesays.com\/fr\/wp-json\/wp\/v2\/posts"}],"about":[{"href":"https:\/\/www.europesays.com\/fr\/wp-json\/wp\/v2\/types\/post"}],"author":[{"embeddable":true,"href":"https:\/\/www.europesays.com\/fr\/wp-json\/wp\/v2\/users\/2"}],"replies":[{"embeddable":true,"href":"https:\/\/www.europesays.com\/fr\/wp-json\/wp\/v2\/comments?post=87835"}],"version-history":[{"count":0,"href":"https:\/\/www.europesays.com\/fr\/wp-json\/wp\/v2\/posts\/87835\/revisions"}],"wp:featuredmedia":[{"embeddable":true,"href":"https:\/\/www.europesays.com\/fr\/wp-json\/wp\/v2\/media\/87836"}],"wp:attachment":[{"href":"https:\/\/www.europesays.com\/fr\/wp-json\/wp\/v2\/media?parent=87835"}],"wp:term":[{"taxonomy":"category","embeddable":true,"href":"https:\/\/www.europesays.com\/fr\/wp-json\/wp\/v2\/categories?post=87835"},{"taxonomy":"post_tag","embeddable":true,"href":"https:\/\/www.europesays.com\/fr\/wp-json\/wp\/v2\/tags?post=87835"}],"curies":[{"name":"wp","href":"https:\/\/api.w.org\/{rel}","templated":true}]}}