{"id":878379,"date":"2026-04-19T02:05:17","date_gmt":"2026-04-19T02:05:17","guid":{"rendered":"https:\/\/www.europesays.com\/fr\/878379\/"},"modified":"2026-04-19T02:05:17","modified_gmt":"2026-04-19T02:05:17","slug":"un-homme-arme-tue-six-personnes-en-ukraine-avant-detre-abattu-par-la-police","status":"publish","type":"post","link":"https:\/\/www.europesays.com\/fr\/878379\/","title":{"rendered":"Un homme arm\u00e9 tue six personnes en Ukraine avant d&rsquo;\u00eatre abattu par la police"},"content":{"rendered":"<p>Un homme arm\u00e9 qui a tu\u00e9 au moins six personnes \u00e0 Kyiv, la capitale ukrainienne, avant de prendre des otages et de se retrancher dans un supermarch\u00e9 samedi, a \u00e9t\u00e9 abattu par la police lors d\u2019une fusillade, ont d\u00e9clar\u00e9 des responsables ukrainiens.<\/p>\n<p>Les unit\u00e9s sp\u00e9ciales de la police tactique ukrainienne ont pris d\u2019assaut le magasin apr\u00e8s l\u2019\u00e9chec des tentatives de contact avec le tireur par l\u2019interm\u00e9diaire d\u2019un n\u00e9gociateur, a expliqu\u00e9 le chef du minist\u00e8re ukrainien de l\u2019Int\u00e9rieur, Igor Klymenko, dans un communiqu\u00e9 publi\u00e9 sur les r\u00e9seaux sociaux. L\u2019agresseur a \u00e9t\u00e9 tu\u00e9 alors qu\u2019il r\u00e9sistait \u00e0 son arrestation, a-t-il pr\u00e9cis\u00e9.<\/p>\n<p>S\u2019adressant aux journalistes sur les lieux, M.\u00a0Klymenko a d\u00e9clar\u00e9 que le tireur avait tu\u00e9 quatre passants dans la rue avant de p\u00e9n\u00e9trer dans le supermarch\u00e9 et d\u2019abattre une cinqui\u00e8me personne. <\/p>\n<p>Le maire Vitali Klitschko a indiqu\u00e9 qu\u2019une sixi\u00e8me victime, une jeune femme, \u00e9tait d\u00e9c\u00e9d\u00e9e des suites de ses blessures \u00e0 l\u2019h\u00f4pital.<\/p>\n<p>Un journaliste de l\u2019Associated Press pr\u00e9sent sur les lieux a vu les corps des victimes dans la rue, recouverts de couvertures de secours avant d\u2019\u00eatre emport\u00e9s.<\/p>\n<p>M.\u00a0Klymenko a indiqu\u00e9 que le tireur \u00e9tait n\u00e9 en 1968, mais n\u2019a donn\u00e9 aucune autre pr\u00e9cision quant \u00e0 son identit\u00e9. Les n\u00e9gociateurs de la police ont dialogu\u00e9 avec l\u2019agresseur pendant environ 40\u00a0minutes avant de prendre d\u2019assaut le b\u00e2timent, a-t-il pr\u00e9cis\u00e9. <\/p>\n<p>Avant que le tireur ne soit abattu lors d\u2019une fusillade, une n\u00e9gociatrice de la police, v\u00eatue d\u2019un gilet pare-balles et se tenant derri\u00e8re un v\u00e9hicule blind\u00e9, a utilis\u00e9 un m\u00e9gaphone pour interpeller l\u2019agresseur. \u00abCe n\u2019est pas la faute des gens. S\u2019il vous pla\u00eet, laissez-les partir et nous discuterons avec vous\u00bb, lui a-t-elle dit.<\/p>\n<p>\u00abNous avons essay\u00e9 de le persuader, sachant qu\u2019il y avait probablement une personne bless\u00e9e \u00e0 l\u2019int\u00e9rieur. Nous avons m\u00eame propos\u00e9 d\u2019apporter des garrots pour arr\u00eater l\u2019h\u00e9morragie, mais il n\u2019a pas r\u00e9pondu, a affirm\u00e9 M.\u00a0Klymenko. En cons\u00e9quence, l\u2019ordre a \u00e9t\u00e9 donn\u00e9 de le neutraliser.\u00bb<\/p>\n<p>M.\u00a0Klymenko, qui portait un gilet pare-balles, a rapport\u00e9 que l\u2019homme \u00e9tait arm\u00e9 d\u2019une carabine. Ce fusil d\u2019assaut \u00e0 canon court \u00e9tait l\u00e9galement enregistr\u00e9, a-t-il ajout\u00e9.<\/p>\n<p>En d\u00e9cembre dernier, l\u2019agresseur \u00abs\u2019est pr\u00e9sent\u00e9 aux autorit\u00e9s comp\u00e9tentes pour faire tester son arme, car son permis arrivait \u00e0 expiration. Il a fourni un certificat m\u00e9dical. Il avait \u00e9galement d\u00e9pos\u00e9 une demande de renouvellement de son permis pour cette arme. C\u2019est tout ce que nous pouvons dire pour l\u2019instant\u00bb, a d\u00e9clar\u00e9 M.\u00a0Klymenko.<\/p>\n<p>Il a ajout\u00e9 que l\u2019enqu\u00eate d\u00e9terminera quel \u00e9tablissement m\u00e9dical a d\u00e9livr\u00e9 le certificat. <\/p>\n<p>La fusillade a eu lieu dans le quartier Holosiiv de Kyiv, a pr\u00e9cis\u00e9 le maire. Des images t\u00e9l\u00e9vis\u00e9es de la sc\u00e8ne montraient des policiers se mettant \u00e0 l\u2019abri dans le centre commercial abritant le supermarch\u00e9 pendant que des coups de feu \u00e9taient tir\u00e9s. Les passants ont \u00e9t\u00e9 \u00e9vacu\u00e9s des lieux.<\/p>\n<p>___<\/p>\n<p>Katie Marie Davies, journaliste de l\u2019Associated Press \u00e0 Manchester, en Angleterre, a contribu\u00e9 \u00e0 cette d\u00e9p\u00eache. <\/p>\n","protected":false},"excerpt":{"rendered":"Un homme arm\u00e9 qui a tu\u00e9 au moins six personnes \u00e0 Kyiv, la capitale ukrainienne, avant de prendre&hellip;\n","protected":false},"author":2,"featured_media":878380,"comment_status":"","ping_status":"","sticky":false,"template":"","format":"standard","meta":{"footnotes":"","_share_on_mastodon":"0"},"categories":[1590],"tags":[11,1777,674,1854,20106,12,220],"class_list":["post-878379","post","type-post","status-publish","format-standard","has-post-thumbnail","category-ukraine","tag-actualites","tag-eu","tag-europe","tag-https-lactualite-com-sujet-international","tag-https-lactualite-com-sujet-justice","tag-news","tag-ukraine"],"share_on_mastodon":{"url":"https:\/\/pubeurope.com\/@fr\/116428926462224425","error":""},"_links":{"self":[{"href":"https:\/\/www.europesays.com\/fr\/wp-json\/wp\/v2\/posts\/878379","targetHints":{"allow":["GET"]}}],"collection":[{"href":"https:\/\/www.europesays.com\/fr\/wp-json\/wp\/v2\/posts"}],"about":[{"href":"https:\/\/www.europesays.com\/fr\/wp-json\/wp\/v2\/types\/post"}],"author":[{"embeddable":true,"href":"https:\/\/www.europesays.com\/fr\/wp-json\/wp\/v2\/users\/2"}],"replies":[{"embeddable":true,"href":"https:\/\/www.europesays.com\/fr\/wp-json\/wp\/v2\/comments?post=878379"}],"version-history":[{"count":0,"href":"https:\/\/www.europesays.com\/fr\/wp-json\/wp\/v2\/posts\/878379\/revisions"}],"wp:featuredmedia":[{"embeddable":true,"href":"https:\/\/www.europesays.com\/fr\/wp-json\/wp\/v2\/media\/878380"}],"wp:attachment":[{"href":"https:\/\/www.europesays.com\/fr\/wp-json\/wp\/v2\/media?parent=878379"}],"wp:term":[{"taxonomy":"category","embeddable":true,"href":"https:\/\/www.europesays.com\/fr\/wp-json\/wp\/v2\/categories?post=878379"},{"taxonomy":"post_tag","embeddable":true,"href":"https:\/\/www.europesays.com\/fr\/wp-json\/wp\/v2\/tags?post=878379"}],"curies":[{"name":"wp","href":"https:\/\/api.w.org\/{rel}","templated":true}]}}