{"id":87839,"date":"2025-05-09T22:13:49","date_gmt":"2025-05-09T22:13:49","guid":{"rendered":"https:\/\/www.europesays.com\/fr\/87839\/"},"modified":"2025-05-09T22:13:49","modified_gmt":"2025-05-09T22:13:49","slug":"la-securite-routiere-a-velo-enseignee-des-le-cm2","status":"publish","type":"post","link":"https:\/\/www.europesays.com\/fr\/87839\/","title":{"rendered":"la s\u00e9curit\u00e9 routi\u00e8re \u00e0 v\u00e9lo enseign\u00e9e d\u00e8s le CM2"},"content":{"rendered":"<p>Chaque ann\u00e9e, le p\u00f4le s\u00e9curit\u00e9, sous la d\u00e9l\u00e9gation de Michel Thevenot, et celui des affaires scolaires, sous la d\u00e9l\u00e9gation de B\u00e9atrice Bauer, organisaient la journ\u00e9e des s\u00e9curit\u00e9s pour les \u00e9l\u00e8ves de CM2. Une journ\u00e9e ax\u00e9e sur la s\u00e9curit\u00e9 routi\u00e8re pour sensibiliser les jeunes d\u00e8s le plus jeune \u00e2ge.<\/p>\n<p>Depuis 2023, la journ\u00e9e des s\u00e9curit\u00e9s est devenue la manifestation intercommunale&#8230;<\/p>\n","protected":false},"excerpt":{"rendered":"Chaque ann\u00e9e, le p\u00f4le s\u00e9curit\u00e9, sous la d\u00e9l\u00e9gation de Michel Thevenot, et celui des affaires scolaires, sous la&hellip;\n","protected":false},"author":2,"featured_media":87840,"comment_status":"","ping_status":"","sticky":false,"template":"","format":"standard","meta":{"footnotes":""},"categories":[9635],"tags":[1111,11,1704,1057,1777,674,1011,27,775,10425,11260,1702,12,25,16937],"class_list":{"0":"post-87839","1":"post","2":"type-post","3":"status-publish","4":"format-standard","5":"has-post-thumbnail","7":"category-nancy","8":"tag-actu","9":"tag-actualites","10":"tag-edition-nancy-et-agglomeration","11":"tag-education","12":"tag-eu","13":"tag-europe","14":"tag-fr","15":"tag-france","16":"tag-grand-est","17":"tag-maternelle-elementaire","18":"tag-metropole-du-grand-nancy-54b4","19":"tag-nancy","20":"tag-news","21":"tag-republique-francaise","22":"tag-saint-max"},"share_on_mastodon":{"url":"https:\/\/pubeurope.com\/@fr\/114480182997121405","error":""},"_links":{"self":[{"href":"https:\/\/www.europesays.com\/fr\/wp-json\/wp\/v2\/posts\/87839","targetHints":{"allow":["GET"]}}],"collection":[{"href":"https:\/\/www.europesays.com\/fr\/wp-json\/wp\/v2\/posts"}],"about":[{"href":"https:\/\/www.europesays.com\/fr\/wp-json\/wp\/v2\/types\/post"}],"author":[{"embeddable":true,"href":"https:\/\/www.europesays.com\/fr\/wp-json\/wp\/v2\/users\/2"}],"replies":[{"embeddable":true,"href":"https:\/\/www.europesays.com\/fr\/wp-json\/wp\/v2\/comments?post=87839"}],"version-history":[{"count":0,"href":"https:\/\/www.europesays.com\/fr\/wp-json\/wp\/v2\/posts\/87839\/revisions"}],"wp:featuredmedia":[{"embeddable":true,"href":"https:\/\/www.europesays.com\/fr\/wp-json\/wp\/v2\/media\/87840"}],"wp:attachment":[{"href":"https:\/\/www.europesays.com\/fr\/wp-json\/wp\/v2\/media?parent=87839"}],"wp:term":[{"taxonomy":"category","embeddable":true,"href":"https:\/\/www.europesays.com\/fr\/wp-json\/wp\/v2\/categories?post=87839"},{"taxonomy":"post_tag","embeddable":true,"href":"https:\/\/www.europesays.com\/fr\/wp-json\/wp\/v2\/tags?post=87839"}],"curies":[{"name":"wp","href":"https:\/\/api.w.org\/{rel}","templated":true}]}}