{"id":87849,"date":"2025-05-09T22:18:23","date_gmt":"2025-05-09T22:18:23","guid":{"rendered":"https:\/\/www.europesays.com\/fr\/87849\/"},"modified":"2025-05-09T22:18:23","modified_gmt":"2025-05-09T22:18:23","slug":"un-onze-du-psg-avec-de-nombreux-titis-contre-montpellier","status":"publish","type":"post","link":"https:\/\/www.europesays.com\/fr\/87849\/","title":{"rendered":"Un onze du PSG avec de nombreux titis contre Montpellier ? &#8211;"},"content":{"rendered":"<p><img width=\"700\" height=\"350\" src=\"https:\/\/www.europesays.com\/fr\/wp-content\/uploads\/2025\/04\/Luis-Enrique-3.jpg\" class=\"attachment-jannah-image-post size-jannah-image-post wp-post-image\" alt=\"Luis enrique\" is_main_img=\"1\" decoding=\"async\" fetchpriority=\"high\"  \/><br \/>\n Image :<br \/>\npsg.fr<\/p>\n<p>Demain soir (21 heures, DAZN), le PSG se d\u00e9place \u00e0<br \/>\nMontpellier pour le compte de la 33e journ\u00e9e. Pour cette rencontre,<br \/>\nLuis Enrique devrait de nouveau faire largement<br \/>\ntourner.\u00a0<\/p>\n<p>M\u00eame s\u2019il lui reste deux matches de <strong>Ligue 1<\/strong>, le<br \/>\n<strong>PSG<\/strong> a deux \u00e9ch\u00e9ances plus importantes en cette fin<br \/>\nde saison, les finales de <strong>Coupe de France<\/strong> contre<br \/>\nle <strong>Stade de Reims<\/strong> (24 mai) et de <strong>Ligue des<br \/>\nchampions<\/strong> contre l\u2019<strong>Inter Milan<\/strong> (31 mai).<br \/>\nAfin d\u2019arriver dans les meilleures conditions pour ces deux<br \/>\nrencontres, <strong><a href=\"https:\/\/canal-supporters.com\/enrique-lequipe-et-les-supporters-meritent-de-gagner-la-ligue-des-champions\/\" title=\"\" rel=\"nofollow noopener\" target=\"_blank\">Luis Enrique<\/a><\/strong> va, comme depuis le d\u00e9but de la<br \/>\nsaison, g\u00e9rer son effectif. Pour le match contre les<br \/>\nMontpelli\u00e9rains, le coach espagnol a d\u00e9cid\u00e9 de laisser au repos<br \/>\n<a href=\"https:\/\/canal-supporters.com\/plusieurs-joueurs-du-psg-laisses-au-repos-contre-montpellier\/\" title=\"\" rel=\"nofollow noopener\" target=\"_blank\">sept de ses cadres<\/a> (<strong>Gianluigi Donnarumma,<br \/>\nAchraf Hakimi, Marquinhos, Nuno Mendes, Willian Pacho, Fabian<br \/>\nRuiz<\/strong> et <strong>Vitinha<\/strong>). Comme contre<br \/>\n<strong>Strasbourg,<\/strong> il va r\u00e9aliser une large revue<br \/>\nd\u2019effectif.\u00a0<\/p>\n<p>A voir aussi : <a href=\"https:\/\/canal-supporters.com\/psg-les-titis-attendus-a-lentrainement\/\" title=\"\" rel=\"nofollow noopener\" target=\"_blank\">PSG : Les titis attendus \u00e0 l\u2019entra\u00eenement<\/a><\/p>\n<p><a href=\"https:\/\/x.com\/CanalSupporters\" target=\"_blank\" rel=\"noopener nofollow\" title=\"\">canalsupporters.com<\/a><\/p>\n<p>Deuxi\u00e8me<br \/>\ntitularisation de suite pour Axel Tape ?<\/p>\n<p>Contre le dernier de <strong>Ligue 1<\/strong>, qui est d\u00e9j\u00e0<br \/>\ncondamn\u00e9 \u00e0 la descente en <strong>Ligue 2<\/strong>, le coach du<br \/>\n<strong>PSG<\/strong> devrait titulariser <strong>Matvey<br \/>\nSafonov<\/strong> dans les buts. Le portier russe serait d\u00e9fendu par<br \/>\nun quatuor compos\u00e9 de <strong>Joao Neves<\/strong>, dans un r\u00f4le de<br \/>\nlat\u00e9ral droit hybride, au c\u00f4t\u00e9 d\u2019<strong>Axel Tape<\/strong>, qui<br \/>\nencha\u00eenerait sa deuxi\u00e8me titularisation de suite en <strong>Ligue<br \/>\n1,<\/strong> <strong>Lucas Beraldo<\/strong> et <strong>Lucas<br \/>\nHernandez<\/strong>, indique\u00a0<a href=\"https:\/\/www.leparisien.fr\/sports\/football\/ligue-1\/montpellier-psg-la-composition-probable-de-paris-avec-tape-mayulu-et-mbaye-titulaires-09-05-2025-CQLIZAAN6ZD4NFGRFCKYB7BDBY.php\" target=\"_blank\" rel=\"noreferrer noopener nofollow\">Le Parisien<\/a>.<br \/>\nPour composer son milieu de terrain, <strong>Luis Enrique<\/strong><br \/>\ndevrait choisir <strong>Warren Za\u00efre-Emery<\/strong>, qui porterait<br \/>\nle brassard de capitaine en l\u2019absence de<br \/>\n<strong>Marquinhos<\/strong> et <strong>Hakimi<\/strong>,<br \/>\n<strong>Senny Mayulu<\/strong> et <strong>Lee Kang-in<\/strong>.<br \/>\nEnfin, <strong>Bradley Barcola<\/strong>, <strong>Gon\u00e7alo<br \/>\nRamos<\/strong> et <strong>Ibrahim Mbaye<\/strong> devraient \u00eatre<br \/>\nalign\u00e9s en attaque.\u00a0<\/p>\n<ul class=\"wp-block-list\">\n<li>Le XI probable du <strong>PSG<\/strong> selon Le Parisien : Safonov \u2013 Neves, Beraldo, Tape, Hernandez \u2013 Mayulu, Za\u00efre-Emery (cap.), Lee \u2013 Mbaye, Ramos, Barcola<\/li>\n<\/ul>\n","protected":false},"excerpt":{"rendered":"Image : psg.fr Demain soir (21 heures, DAZN), le PSG se d\u00e9place \u00e0 Montpellier pour le compte de&hellip;\n","protected":false},"author":2,"featured_media":65469,"comment_status":"","ping_status":"","sticky":false,"template":"","format":"standard","meta":{"footnotes":""},"categories":[9599],"tags":[17010,1111,11,14249,81,12795,12796,4479,1777,674,1011,27,1610,66,1611,921,1612,1613,19230,19786,2208,17012,12,2680,626,91,92,93,25,1615,14301,1616,1617,1618,1619,96,12801],"class_list":{"0":"post-87849","1":"post","2":"type-post","3":"status-publish","4":"format-standard","5":"has-post-thumbnail","7":"category-montpellier","8":"tag-33e-journee","9":"tag-actu","10":"tag-actualites","11":"tag-axel-tape","12":"tag-canal-supporters","13":"tag-compo-probable","14":"tag-composition-probable","15":"tag-enrique","16":"tag-eu","17":"tag-europe","18":"tag-fr","19":"tag-france","20":"tag-ibrahim-mbaye","21":"tag-ligue-1","22":"tag-ligue-1-macdonalds","23":"tag-luis-enrique","24":"tag-mayulu","25":"tag-mbaye","26":"tag-mhsc-psg","27":"tag-mhscpsg","28":"tag-montpellier","29":"tag-montpellier-psg","30":"tag-news","31":"tag-occitanie","32":"tag-paris","33":"tag-paris-saint-germain","34":"tag-paris-sg","35":"tag-psg","36":"tag-republique-francaise","37":"tag-senny-mayulu","38":"tag-tape","39":"tag-titis","40":"tag-titis-du-psg","41":"tag-titis-parisiens","42":"tag-titis-psg","43":"tag-une","44":"tag-xi-probable"},"share_on_mastodon":{"url":"https:\/\/pubeurope.com\/@fr\/114480198907500995","error":""},"_links":{"self":[{"href":"https:\/\/www.europesays.com\/fr\/wp-json\/wp\/v2\/posts\/87849","targetHints":{"allow":["GET"]}}],"collection":[{"href":"https:\/\/www.europesays.com\/fr\/wp-json\/wp\/v2\/posts"}],"about":[{"href":"https:\/\/www.europesays.com\/fr\/wp-json\/wp\/v2\/types\/post"}],"author":[{"embeddable":true,"href":"https:\/\/www.europesays.com\/fr\/wp-json\/wp\/v2\/users\/2"}],"replies":[{"embeddable":true,"href":"https:\/\/www.europesays.com\/fr\/wp-json\/wp\/v2\/comments?post=87849"}],"version-history":[{"count":0,"href":"https:\/\/www.europesays.com\/fr\/wp-json\/wp\/v2\/posts\/87849\/revisions"}],"wp:featuredmedia":[{"embeddable":true,"href":"https:\/\/www.europesays.com\/fr\/wp-json\/wp\/v2\/media\/65469"}],"wp:attachment":[{"href":"https:\/\/www.europesays.com\/fr\/wp-json\/wp\/v2\/media?parent=87849"}],"wp:term":[{"taxonomy":"category","embeddable":true,"href":"https:\/\/www.europesays.com\/fr\/wp-json\/wp\/v2\/categories?post=87849"},{"taxonomy":"post_tag","embeddable":true,"href":"https:\/\/www.europesays.com\/fr\/wp-json\/wp\/v2\/tags?post=87849"}],"curies":[{"name":"wp","href":"https:\/\/api.w.org\/{rel}","templated":true}]}}