{"id":87856,"date":"2025-05-09T22:22:09","date_gmt":"2025-05-09T22:22:09","guid":{"rendered":"https:\/\/www.europesays.com\/fr\/87856\/"},"modified":"2025-05-09T22:22:09","modified_gmt":"2025-05-09T22:22:09","slug":"brive-domine-grenoble-et-prend-la-tete-soyaux-angouleme-et-provence-rugby-en-barrages","status":"publish","type":"post","link":"https:\/\/www.europesays.com\/fr\/87856\/","title":{"rendered":"Brive domine Grenoble et prend la t\u00eate, Soyaux-Angoul\u00eame et Provence Rugby en barrages"},"content":{"rendered":"<p>Suite et fin de la 29e et avant-derni\u00e8re journ\u00e9e de Pro D2 ce vendredi soir, avec notamment le succ\u00e8s du nouveau leader, Brive, \u00e0 Grenoble.<\/p>\n<p class=\"fig-paragraph\">Brive s&rsquo;est empar\u00e9 de la t\u00eate\u00a0<a href=\"https:\/\/www.lefigaro.fr\/sports\/rugby\/pro-d2\/classement\" target=\"_blank\" rel=\"noopener\" data-gtm-custom-categorie=\"navigation\" data-gtm-custom-action=\"crossclick\" data-gtm-custom-label=\"Contextuel\" data-gtm-event=\"customEventSPE\">au classement de la Pro D2<\/a>\u00a0au d\u00e9triment de Grenoble, battu vendredi en Corr\u00e8ze (38-13) lors de\u00a0<a href=\"https:\/\/www.lefigaro.fr\/sports\/rugby\/pro-d2\/calendrier-resultats\" target=\"_blank\" rel=\"noopener\" data-gtm-custom-categorie=\"navigation\" data-gtm-custom-action=\"crossclick\" data-gtm-custom-label=\"Contextuel\" data-gtm-event=\"customEventSPE\">la 29e et avant-derni\u00e8re journ\u00e9e<\/a>\u00a0o\u00f9 Soyaux-Angoul\u00eame et Provence Rugby ont d\u00e9croch\u00e9 leur qualification pour les barrages de la phase finale. Gr\u00e2ce \u00e0 ce succ\u00e8s bonifi\u00e9 (5 essais), les Brivistes font coup double en validant leur place en demi-finales tout en d\u00e9tr\u00f4nant les anciens leaders grenoblois, qui encaissent une quatri\u00e8me d\u00e9faite \u00e0 l&rsquo;ext\u00e9rieur.<\/p>\n<p class=\"fig-paragraph\">Derri\u00e8re le duo de t\u00eate, assur\u00e9 d&rsquo;acc\u00e9der directement aux demi-finales, on conna\u00eet d\u00e9sormais les quatre autres \u00e9quipes qualifi\u00e9es pour la phase finale: Colomiers (3e), Provence Rugby (4e), Soyaux-Angoul\u00eame (5e) et Montauban (6e) disputeront les barrages pour tenter de les rejoindre. Pour Soyaux-Angoul\u00eame, il s&rsquo;agira d&rsquo;une grande premi\u00e8re. \u00c0 l\u2019instar de\u00a0<a href=\"http:\/\/www.lefigaro.fr\/sports\/rugby\/pro-d2-montauban-ecrase-beziers-et-decroche-son-ticket-pour-les-phases-finales-20250508\" data-fig-type=\"NewsFlash\" data-gtm-custom-categorie=\"navigation\" data-gtm-custom-action=\"crossclick\" data-gtm-custom-label=\"Contextuel\" data-gtm-event=\"customEventSPE\" data-fig-domain=\"LEFIGARO\" target=\"_blank\" rel=\"noopener\">Montauban, vainqueur la veille de B\u00e9ziers (42-17)<\/a>, Soyaux-Angoul\u00eame et Provence Rugby ont valid\u00e9 leur billet pour les barrages en battant respectivement \u00e0 domicile Oyonnax (44-27) et Biarritz (46-14), \u00e0 chaque fois avec le bonus offensif. Colomiers a conserv\u00e9 sa troisi\u00e8me place, synonyme de barrage \u00e0 domicile, en battant avec le bonus offensif Nice (46-19), dernier et d\u00e9j\u00e0 certain d&rsquo;\u00e9voluer en Nationale.<\/p>\n<p>Aurillac peut encore croire au maintien direct<\/p>\n<p class=\"fig-paragraph\">En bas de classement, Aurillac, actuellement barragiste (15e), est all\u00e9 s&rsquo;imposer \u00e0 Nevers (21-20) et peut encore croire au maintien direct avant la r\u00e9ception de Montauban lors de la derni\u00e8re journ\u00e9e. Les Auvergnats sont \u00e0 deux points d&rsquo;Agen (14e), battu \u00e0 Dax (10-9). Les Agenais joueront eux leur survie \u00e0 domicile face \u00e0 Mont-de-Marsan (10e), large vainqueur vendredi de Valence-Romans (52-20).<\/p>\n","protected":false},"excerpt":{"rendered":"Suite et fin de la 29e et avant-derni\u00e8re journ\u00e9e de Pro D2 ce vendredi soir, avec notamment le&hellip;\n","protected":false},"author":2,"featured_media":87857,"comment_status":"","ping_status":"","sticky":false,"template":"","format":"standard","meta":{"footnotes":""},"categories":[9566],"tags":[1111,47,11,2430,1465,1109,83,451,1112,1777,674,1108,107,1106,1107,63,1011,27,1472,2731,11462,1110,1114,3996,66,446,2182,12,1113,25,479,11463,517,1467,10887],"class_list":{"0":"post-87856","1":"post","2":"type-post","3":"status-publish","4":"format-standard","5":"has-post-thumbnail","7":"category-grenoble","8":"tag-actu","9":"tag-actualite","10":"tag-actualites","11":"tag-auvergne-rhone-alpes","12":"tag-basket","13":"tag-breves","14":"tag-coupe-de-france","15":"tag-coupe-du-monde","16":"tag-depeches","17":"tag-eu","18":"tag-europe","19":"tag-fil","20":"tag-fil-info","21":"tag-flash","22":"tag-flash-actu","23":"tag-football","24":"tag-fr","25":"tag-france","26":"tag-golf","27":"tag-grenoble","28":"tag-hippisme","29":"tag-informations","30":"tag-infos","31":"tag-jeux-olympiques","32":"tag-ligue-1","33":"tag-ligue-2","34":"tag-nba","35":"tag-news","36":"tag-nouvelles","37":"tag-republique-francaise","38":"tag-rugby","39":"tag-solitaire","40":"tag-sport","41":"tag-tennis","42":"tag-voile"},"share_on_mastodon":{"url":"https:\/\/pubeurope.com\/@fr\/114480214430626028","error":""},"_links":{"self":[{"href":"https:\/\/www.europesays.com\/fr\/wp-json\/wp\/v2\/posts\/87856","targetHints":{"allow":["GET"]}}],"collection":[{"href":"https:\/\/www.europesays.com\/fr\/wp-json\/wp\/v2\/posts"}],"about":[{"href":"https:\/\/www.europesays.com\/fr\/wp-json\/wp\/v2\/types\/post"}],"author":[{"embeddable":true,"href":"https:\/\/www.europesays.com\/fr\/wp-json\/wp\/v2\/users\/2"}],"replies":[{"embeddable":true,"href":"https:\/\/www.europesays.com\/fr\/wp-json\/wp\/v2\/comments?post=87856"}],"version-history":[{"count":0,"href":"https:\/\/www.europesays.com\/fr\/wp-json\/wp\/v2\/posts\/87856\/revisions"}],"wp:featuredmedia":[{"embeddable":true,"href":"https:\/\/www.europesays.com\/fr\/wp-json\/wp\/v2\/media\/87857"}],"wp:attachment":[{"href":"https:\/\/www.europesays.com\/fr\/wp-json\/wp\/v2\/media?parent=87856"}],"wp:term":[{"taxonomy":"category","embeddable":true,"href":"https:\/\/www.europesays.com\/fr\/wp-json\/wp\/v2\/categories?post=87856"},{"taxonomy":"post_tag","embeddable":true,"href":"https:\/\/www.europesays.com\/fr\/wp-json\/wp\/v2\/tags?post=87856"}],"curies":[{"name":"wp","href":"https:\/\/api.w.org\/{rel}","templated":true}]}}