{"id":87886,"date":"2025-05-09T22:38:18","date_gmt":"2025-05-09T22:38:18","guid":{"rendered":"https:\/\/www.europesays.com\/fr\/87886\/"},"modified":"2025-05-09T22:38:18","modified_gmt":"2025-05-09T22:38:18","slug":"a-marseille-balade-avec-ces-arpenteurs-en-lutte-contre-la-privatisation-des-collines-et-sentiers-liberation","status":"publish","type":"post","link":"https:\/\/www.europesays.com\/fr\/87886\/","title":{"rendered":"\u00e0 Marseille, balade avec ces arpenteurs en lutte contre la privatisation des collines et sentiers \u2013 Lib\u00e9ration"},"content":{"rendered":"<p class=\"sc-ksZaOG ehjQrN text-element\">\u00abC\u2019est priv\u00e9, l\u00e0, ou pas ?\u00bb Moment de conciliabule : nos guides d\u00e9plient leurs cartes et comparent les indications. Nous ne sommes que sur les collines qui surplombent Marseille, et c\u2019est en consultant le cadastre que l\u2019un d\u2019eux parvient \u00e0 \u00e9tablir : \u00abAh oui ! on est en plein milieu de la copro[pri\u00e9t\u00e9] !\u00bb Cela explique les rondes suspicieuses d\u2019un septuag\u00e9naire bien mis, polo et lunettes de soleil, qui se demande qui est ce petit groupe de promeneurs qui a pris son pique-nique sous ses fen\u00eatres.<\/p>\n<p class=\"sc-ksZaOG ehjQrN text-element\">Les membres du bureau des guides commencent \u00e0 avoir l\u2019habitude de ce genre de r\u00e9actions. Voil\u00e0 plus d\u2019une dizaine d\u2019ann\u00e9es que cette bande de \u00abpo\u00e8tes qui marchent\u00bb, comme ils aiment \u00e0 se d\u00e9crire, arpente les sentiers urbains pour explorer diff\u00e9rents pans de la ville : les infrastructures industrielles, la <a href=\"https:\/\/www.liberation.fr\/forums\/la-redecouverte-du-ruisseau-des-aygalades-veritable-personnage-de-marseille-20241018_BBWKH2NXFJGILLYBD4TKHR4UG4\/\" target=\"_blank\" rel=\"nofollow noopener\">red\u00e9couverte d\u2019un ruisseau disparu<\/a> ou une visite des bureaux de vote des quartiers ais\u00e9s qui ont enregistr\u00e9 plus de 50 % des bulletins en faveur du Rassemblement national aux l\u00e9gislatives.<\/p>\n<p class=\"sc-ksZaOG ehjQrN text-element\">L\u2019objectif de la marche du jour est diff\u00e9rent : il s\u2019agit de suivre avec les pieds l\u2019\u00e9volution des lois. Dans Du droit de d\u00e9ambuler (Wildproject, 2025), la juriste Sarah Vanuxem, qui travaille avec le collectif et fait la visite en notre compagnie, constate que le droit occidental moderne mena<\/p>\n","protected":false},"excerpt":{"rendered":"\u00abC\u2019est priv\u00e9, l\u00e0, ou pas ?\u00bb Moment de conciliabule : nos guides d\u00e9plient leurs cartes et comparent les&hellip;\n","protected":false},"author":2,"featured_media":87887,"comment_status":"","ping_status":"","sticky":false,"template":"","format":"standard","meta":{"footnotes":""},"categories":[2814],"tags":[1111,11,5253,1777,674,1011,27,884,12,882,25],"class_list":{"0":"post-87886","1":"post","2":"type-post","3":"status-publish","4":"format-standard","5":"has-post-thumbnail","7":"category-marseille","8":"tag-actu","9":"tag-actualites","10":"tag-biodiversite-cest-la-sante","11":"tag-eu","12":"tag-europe","13":"tag-fr","14":"tag-france","15":"tag-marseille","16":"tag-news","17":"tag-provence-alpes-cote-dazur","18":"tag-republique-francaise"},"share_on_mastodon":{"url":"https:\/\/pubeurope.com\/@fr\/114480277488505415","error":""},"_links":{"self":[{"href":"https:\/\/www.europesays.com\/fr\/wp-json\/wp\/v2\/posts\/87886","targetHints":{"allow":["GET"]}}],"collection":[{"href":"https:\/\/www.europesays.com\/fr\/wp-json\/wp\/v2\/posts"}],"about":[{"href":"https:\/\/www.europesays.com\/fr\/wp-json\/wp\/v2\/types\/post"}],"author":[{"embeddable":true,"href":"https:\/\/www.europesays.com\/fr\/wp-json\/wp\/v2\/users\/2"}],"replies":[{"embeddable":true,"href":"https:\/\/www.europesays.com\/fr\/wp-json\/wp\/v2\/comments?post=87886"}],"version-history":[{"count":0,"href":"https:\/\/www.europesays.com\/fr\/wp-json\/wp\/v2\/posts\/87886\/revisions"}],"wp:featuredmedia":[{"embeddable":true,"href":"https:\/\/www.europesays.com\/fr\/wp-json\/wp\/v2\/media\/87887"}],"wp:attachment":[{"href":"https:\/\/www.europesays.com\/fr\/wp-json\/wp\/v2\/media?parent=87886"}],"wp:term":[{"taxonomy":"category","embeddable":true,"href":"https:\/\/www.europesays.com\/fr\/wp-json\/wp\/v2\/categories?post=87886"},{"taxonomy":"post_tag","embeddable":true,"href":"https:\/\/www.europesays.com\/fr\/wp-json\/wp\/v2\/tags?post=87886"}],"curies":[{"name":"wp","href":"https:\/\/api.w.org\/{rel}","templated":true}]}}