{"id":87890,"date":"2025-05-09T22:40:18","date_gmt":"2025-05-09T22:40:18","guid":{"rendered":"https:\/\/www.europesays.com\/fr\/87890\/"},"modified":"2025-05-09T22:40:18","modified_gmt":"2025-05-09T22:40:18","slug":"la-licra-denonce-une-agression-raciste-antimusulmane","status":"publish","type":"post","link":"https:\/\/www.europesays.com\/fr\/87890\/","title":{"rendered":"la Licra d\u00e9nonce une \u00ab\u00a0agression raciste antimusulmane\u00a0\u00bb"},"content":{"rendered":"<p>Voile d&rsquo;une femme arrach\u00e9 \u00e0 Lyon : la Licra d\u00e9nonce une \u00ab\u00a0agression raciste antimusulmane\u00a0\u00bb &#8211; LyonMag<\/p>\n<p itemprop=\"description\"><strong>Alors que le parquet enqu\u00eate sur l&rsquo;agression pr\u00e9sum\u00e9e d&rsquo;une femme le dimanche 4 mai \u00e0 Lyon, la Licra r\u00e9agit.<\/strong><\/p>\n<p>Elle d\u00e9nonce \u00ab\u00a0avec la plus grande fermet\u00e9\u00a0\u00bb ce qu&rsquo;elle appelle une \u00ab\u00a0agression raciste antimusulmane\u00a0\u00bb commise dans le quartier de la Part-Dieu.<\/p>\n<p>Pour rappel, selon le t\u00e9moignage de la victime, elle aurait \u00e9t\u00e9 victime d&rsquo;insultes puis projet\u00e9e au sol par une autre femme <a href=\"https:\/\/www.lyonmag.com\/article\/143878\/enquete-ouverte-a-lyon-le-voile-d-une-femme-musulmane-aurait-ete-arrache-par-un-individu-a-la-part-dieu\" target=\"_blank\" rel=\"noopener\">qui lui aurait retir\u00e9 son voile<\/a> \u00e0 une station de tramway.<\/p>\n<p>\u00ab\u00a0L&rsquo;ensauvagement du d\u00e9bat public conduit \u00e0 un climat de violence de plus en plus d\u00e9l\u00e9t\u00e8re\u00a0\u00bb, se d\u00e9sole la Licra, appelant les pouvoirs publics et l&rsquo;ensemble des citoyens \u00e0 \u00ab\u00a0r\u00e9agir et refuser la g\u00e9n\u00e9ralisation du repli identitaire et de la brutalit\u00e9\u00a0\u00bb.<\/p>\n","protected":false},"excerpt":{"rendered":"Voile d&rsquo;une femme arrach\u00e9 \u00e0 Lyon : la Licra d\u00e9nonce une \u00ab\u00a0agression raciste antimusulmane\u00a0\u00bb &#8211; LyonMag Alors que&hellip;\n","protected":false},"author":2,"featured_media":87891,"comment_status":"","ping_status":"","sticky":false,"template":"","format":"standard","meta":{"footnotes":""},"categories":[1889],"tags":[1111,11,2813,2190,2430,1109,251,1112,2811,1777,674,118,1011,27,1922,1110,1114,2428,2810,12,241,316,25,2812,517,800],"class_list":{"0":"post-87890","1":"post","2":"type-post","3":"status-publish","4":"format-standard","5":"has-post-thumbnail","7":"category-lyon","8":"tag-actu","9":"tag-actualites","10":"tag-article","11":"tag-asvel","12":"tag-auvergne-rhone-alpes","13":"tag-breves","14":"tag-culture","15":"tag-depeches","16":"tag-economique","17":"tag-eu","18":"tag-europe","19":"tag-faits-divers","20":"tag-fr","21":"tag-france","22":"tag-info","23":"tag-informations","24":"tag-infos","25":"tag-lyon","26":"tag-lyonmag","27":"tag-news","28":"tag-ol","29":"tag-politique","30":"tag-republique-francaise","31":"tag-sociale","32":"tag-sport","33":"tag-transports"},"share_on_mastodon":{"url":"https:\/\/pubeurope.com\/@fr\/114480285310346128","error":""},"_links":{"self":[{"href":"https:\/\/www.europesays.com\/fr\/wp-json\/wp\/v2\/posts\/87890","targetHints":{"allow":["GET"]}}],"collection":[{"href":"https:\/\/www.europesays.com\/fr\/wp-json\/wp\/v2\/posts"}],"about":[{"href":"https:\/\/www.europesays.com\/fr\/wp-json\/wp\/v2\/types\/post"}],"author":[{"embeddable":true,"href":"https:\/\/www.europesays.com\/fr\/wp-json\/wp\/v2\/users\/2"}],"replies":[{"embeddable":true,"href":"https:\/\/www.europesays.com\/fr\/wp-json\/wp\/v2\/comments?post=87890"}],"version-history":[{"count":0,"href":"https:\/\/www.europesays.com\/fr\/wp-json\/wp\/v2\/posts\/87890\/revisions"}],"wp:featuredmedia":[{"embeddable":true,"href":"https:\/\/www.europesays.com\/fr\/wp-json\/wp\/v2\/media\/87891"}],"wp:attachment":[{"href":"https:\/\/www.europesays.com\/fr\/wp-json\/wp\/v2\/media?parent=87890"}],"wp:term":[{"taxonomy":"category","embeddable":true,"href":"https:\/\/www.europesays.com\/fr\/wp-json\/wp\/v2\/categories?post=87890"},{"taxonomy":"post_tag","embeddable":true,"href":"https:\/\/www.europesays.com\/fr\/wp-json\/wp\/v2\/tags?post=87890"}],"curies":[{"name":"wp","href":"https:\/\/api.w.org\/{rel}","templated":true}]}}