{"id":87892,"date":"2025-05-09T22:41:28","date_gmt":"2025-05-09T22:41:28","guid":{"rendered":"https:\/\/www.europesays.com\/fr\/87892\/"},"modified":"2025-05-09T22:41:28","modified_gmt":"2025-05-09T22:41:28","slug":"jordan-bardella-patron-du-rn-a-demissionne-de-ses-fonctions-a-la-region-ile-de-france","status":"publish","type":"post","link":"https:\/\/www.europesays.com\/fr\/87892\/","title":{"rendered":"Jordan Bardella, patron du RN, a d\u00e9missionn\u00e9 de ses fonctions \u00e0 la r\u00e9gion \u00cele-de-France"},"content":{"rendered":"<p>            Par<br \/>\n        <strong><br \/>\n            <a href=\"https:\/\/actu.fr\/auteur\/sarah-coulet\" title=\"Consulter tous les articles de Sarah Coulet\" rel=\"nofollow noopener\" target=\"_blank\">Sarah Coulet<\/a><br \/>\n        <\/strong><\/p>\n<p>        Publi\u00e9 le<\/p>\n<p>            25 f\u00e9vr. 2025 \u00e0 12h39        <\/p>\n<p>En 2015, <a href=\"https:\/\/actu.fr\/tag\/jordan-bardella\" rel=\"nofollow noopener\" target=\"_blank\">Jordan Bardella<\/a> \u00e9tait \u00e9lu conseiller r\u00e9gional d\u2019\u00cele-de-France pour le d\u00e9partement de Seine-Saint-Denis. Neuf ans et un absent\u00e9isme record plus tard, le pr\u00e9sident du <a href=\"https:\/\/actu.fr\/tag\/rassemblement-national-rn\" rel=\"nofollow noopener\" target=\"_blank\">Rassemblement national<\/a> a donn\u00e9 sa <strong>d\u00e9mission<\/strong> le 19\u00a0f\u00e9vrier 2025, a appris <a href=\"https:\/\/actu.fr\/paris\/dernieres-actus\" rel=\"nofollow noopener\" target=\"_blank\">actu Paris<\/a> aupr\u00e8s de la r\u00e9gion, confirmant une information de <a href=\"https:\/\/www.liberation.fr\/politique\/jordan-bardella-demissionne-du-conseil-regional-dile-de-france-20250224_4AR6IN72DFF3FC5YCQNFQRQNNU\/\" rel=\"nofollow noopener\" target=\"_blank\">Lib\u00e9ration<\/a>.<\/p>\n<p>\u00c0 lire aussi\u2009: <a class=\"item__content\" href=\"https:\/\/actu.fr\/ile-de-france\/aubervilliers_93001\/une-fatigue-profonde-la-maire-d-aubervilliers-karine-franclet-se-met-en-retrait-de-ses-fonctions_62286463.html\" data-trk=\"{&quot;cta&quot;:{&quot;type&quot;:&quot;lien article&quot;,&quot;name&quot;:&quot;\\u00ab\\u2009Une fatigue profonde\\u2009\\u00bb\\u2009: la maire d\\u2019Aubervilliers Karine Franclet se met en retrait de ses fonctions&quot;,&quot;category&quot;:&quot;article&quot;,&quot;action&quot;:&quot;https:\\\/\\\/actu.fr\\\/ile-de-france\\\/aubervilliers_93001\\\/une-fatigue-profonde-la-maire-d-aubervilliers-karine-franclet-se-met-en-retrait-de-ses-fonctions_62286463.html&quot;,&quot;from&quot;:&quot;\\u00c0 lire aussi&quot;}}\" rel=\"nofollow noopener\" target=\"_blank\">\u00ab\u2009Une fatigue profonde\u2009\u00bb\u2009: la maire d\u2019Aubervilliers Karine Franclet se met en retrait de ses fonctions<\/a><\/p>\n<p>En 2024, pr\u00e8s de 90\u2009% d\u2019absent\u00e9isme<\/p>\n<p class=\" wall-content\">Selon les informations donn\u00e9es \u00e0 actu Paris par la collectivit\u00e9, Jordan Bardella \u00e9tait \u00ab\u2009invisible dans les s\u00e9ances pl\u00e9ni\u00e8res depuis 2021. Les taux d\u2019absent\u00e9isme de 2024 ne sont pas encore publi\u00e9s, mais son taux serait pr\u00e8s de <strong>90\u2009%<\/strong>.\u2009\u00bb<\/p>\n<p class=\" wall-content\">Il avait \u00e9t\u00e9 r\u00e9\u00e9lu conseiller r\u00e9gional en 2021. \u00c0 en juger par les chiffres d\u2019assiduit\u00e9 des \u00e9lus publi\u00e9s sur <a href=\"https:\/\/data.iledefrance.fr\/explore\/dataset\/assiduite-des-elus\/table\/?disjunctive.semestre&amp;sort=nom\" rel=\"nofollow noopener\" target=\"_blank\">le site<\/a>, son taux d\u2019absent\u00e9isme en 2023 \u00e9tait de 73\u2009%.\u00a0Depuis son \u00e9lection en tant que d\u00e9put\u00e9 europ\u00e9en en 2019, le bras droit de <a href=\"https:\/\/actu.fr\/tag\/marine-le-pen\" rel=\"nofollow noopener\" target=\"_blank\">Marine Le Pen<\/a> ne <strong>touchait plus son indemnit\u00e9<\/strong> de conseiller r\u00e9gional, rappelle l\u2019AFP. La rel\u00e8ve est depuis assur\u00e9e par Colette L\u00e9v\u00eaque, num\u00e9ro deux sur la liste RN en Seine-Saint-Denis.<\/p>\n<p class=\" wall-content\">Suivez toute l\u2019actualit\u00e9 de vos villes et m\u00e9dias favoris en vous inscrivant \u00e0 <a href=\"https:\/\/moncompte.actu.fr\" title=\"D\u00e9couvez Mon Actu\" rel=\"nofollow noopener\" data-trk=\"{&quot;cta&quot;:{&quot;action&quot;:&quot;https:\\\/\\\/moncompte.actu.fr&quot;,&quot;category&quot;:&quot;mon compte&quot;,&quot;from&quot;:&quot;article footer&quot;,&quot;name&quot;:&quot;Mon actu&quot;,&quot;type&quot;:&quot;cta&quot;}}\" target=\"_blank\">Mon Actu<\/a>.<\/p>\n<ul class=\"ac-article-tag wall-content\">\n<li><a href=\"https:\/\/actu.fr\/tag\/jordan-bardella\" data-trk=\"{&quot;cta&quot;:{&quot;action&quot;:&quot;Jordan Bardella&quot;,&quot;category&quot;:&quot;tag&quot;,&quot;from&quot;:&quot;article footer&quot;,&quot;name&quot;:&quot;Jordan Bardella&quot;,&quot;type&quot;:&quot;cta&quot;}}\" rel=\"nofollow noopener\" target=\"_blank\">#Jordan Bardella<\/a><\/li>\n<li><a href=\"https:\/\/actu.fr\/tag\/rassemblement-national-rn\" data-trk=\"{&quot;cta&quot;:{&quot;action&quot;:&quot;Rassemblement National (RN)&quot;,&quot;category&quot;:&quot;tag&quot;,&quot;from&quot;:&quot;article footer&quot;,&quot;name&quot;:&quot;Rassemblement National (RN)&quot;,&quot;type&quot;:&quot;cta&quot;}}\" rel=\"nofollow noopener\" target=\"_blank\">#Rassemblement National (RN)<\/a><\/li>\n<\/ul>\n","protected":false},"excerpt":{"rendered":"Par Sarah Coulet Publi\u00e9 le 25 f\u00e9vr. 2025 \u00e0 12h39 En 2015, Jordan Bardella \u00e9tait \u00e9lu conseiller r\u00e9gional&hellip;\n","protected":false},"author":2,"featured_media":87893,"comment_status":"","ping_status":"","sticky":false,"template":"","format":"standard","meta":{"footnotes":""},"categories":[1592],"tags":[1111,11,1777,674,1011,27,662,1077,12,626,316,2556,25],"class_list":{"0":"post-87892","1":"post","2":"type-post","3":"status-publish","4":"format-standard","5":"has-post-thumbnail","7":"category-ile-de-france","8":"tag-actu","9":"tag-actualites","10":"tag-eu","11":"tag-europe","12":"tag-fr","13":"tag-france","14":"tag-ile-de-france","15":"tag-jordan-bardella","16":"tag-news","17":"tag-paris","18":"tag-politique","19":"tag-rassemblement-national-rn","20":"tag-republique-francaise"},"share_on_mastodon":{"url":"https:\/\/pubeurope.com\/@fr\/114480289143188151","error":""},"_links":{"self":[{"href":"https:\/\/www.europesays.com\/fr\/wp-json\/wp\/v2\/posts\/87892","targetHints":{"allow":["GET"]}}],"collection":[{"href":"https:\/\/www.europesays.com\/fr\/wp-json\/wp\/v2\/posts"}],"about":[{"href":"https:\/\/www.europesays.com\/fr\/wp-json\/wp\/v2\/types\/post"}],"author":[{"embeddable":true,"href":"https:\/\/www.europesays.com\/fr\/wp-json\/wp\/v2\/users\/2"}],"replies":[{"embeddable":true,"href":"https:\/\/www.europesays.com\/fr\/wp-json\/wp\/v2\/comments?post=87892"}],"version-history":[{"count":0,"href":"https:\/\/www.europesays.com\/fr\/wp-json\/wp\/v2\/posts\/87892\/revisions"}],"wp:featuredmedia":[{"embeddable":true,"href":"https:\/\/www.europesays.com\/fr\/wp-json\/wp\/v2\/media\/87893"}],"wp:attachment":[{"href":"https:\/\/www.europesays.com\/fr\/wp-json\/wp\/v2\/media?parent=87892"}],"wp:term":[{"taxonomy":"category","embeddable":true,"href":"https:\/\/www.europesays.com\/fr\/wp-json\/wp\/v2\/categories?post=87892"},{"taxonomy":"post_tag","embeddable":true,"href":"https:\/\/www.europesays.com\/fr\/wp-json\/wp\/v2\/tags?post=87892"}],"curies":[{"name":"wp","href":"https:\/\/api.w.org\/{rel}","templated":true}]}}