{"id":87894,"date":"2025-05-09T22:42:10","date_gmt":"2025-05-09T22:42:10","guid":{"rendered":"https:\/\/www.europesays.com\/fr\/87894\/"},"modified":"2025-05-09T22:42:10","modified_gmt":"2025-05-09T22:42:10","slug":"ile-de-france-un-ado-soupconne-davoir-tue-son-jumeau","status":"publish","type":"post","link":"https:\/\/www.europesays.com\/fr\/87894\/","title":{"rendered":"Ile-de-France\u00a0: un ado soup\u00e7onn\u00e9 d&rsquo;avoir tu\u00e9 son jumeau"},"content":{"rendered":"<p>Un adolescent de 17 ans a \u00e9t\u00e9 mis en examen et plac\u00e9 en d\u00e9tention provisoire jeudi pour meurtre, soup\u00e7onn\u00e9 d\u2019avoir \u00e9gorg\u00e9 son fr\u00e8re jumeau \u00e0 Villeneuve-la-Garenne (Hauts-de-Seine), a indiqu\u00e9 vendredi le parquet de Nanterre, sollicit\u00e9 par l\u2019AFP.<\/p>\n<p>\u201cLe parquet de Nanterre a ouvert le 8 mai 2025 une information judiciaire du chef de meurtre. Le fr\u00e8re jumeau du d\u00e9funt, mineur de 17 ans, a \u00e9t\u00e9 mis en examen et plac\u00e9 en d\u00e9tention provisoire dans la soir\u00e9e\u201d, a expliqu\u00e9 le minist\u00e8re public.<\/p>\n<p>Selon les premiers \u00e9l\u00e9ments de l\u2019enqu\u00eate, une dispute a \u00e9clat\u00e9 entre les deux fr\u00e8res jumeaux mardi midi. Au cours de l\u2019altercation, l\u2019un d\u2019eux a port\u00e9 un coup de couteau \u00e0 la gorge de l\u2019autre, avant de prendre la fuite, a pr\u00e9cis\u00e9 une source polici\u00e8re.<\/p>\n<p>Vers 13H00, le m\u00e9decin du SAMU a constat\u00e9 le d\u00e9c\u00e8s de la victime, qui avait \u00e9t\u00e9 retrouv\u00e9e au domicile familial.<\/p>\n<p>Sur place, les policiers ont d\u00e9couvert un couteau ensanglant\u00e9.<\/p>\n<p>Selon la source polici\u00e8re, le mis en cause, retrouv\u00e9 par son p\u00e8re, avait ensuite \u00e9t\u00e9 interpell\u00e9 sans incident et plac\u00e9 en garde \u00e0 vue.<\/p>\n","protected":false},"excerpt":{"rendered":"Un adolescent de 17 ans a \u00e9t\u00e9 mis en examen et plac\u00e9 en d\u00e9tention provisoire jeudi pour meurtre,&hellip;\n","protected":false},"author":2,"featured_media":87895,"comment_status":"","ping_status":"","sticky":false,"template":"","format":"standard","meta":{"footnotes":""},"categories":[1592],"tags":[1111,11,1777,674,118,1011,27,662,777,12,626,25,19792],"class_list":{"0":"post-87894","1":"post","2":"type-post","3":"status-publish","4":"format-standard","5":"has-post-thumbnail","7":"category-ile-de-france","8":"tag-actu","9":"tag-actualites","10":"tag-eu","11":"tag-europe","12":"tag-faits-divers","13":"tag-fr","14":"tag-france","15":"tag-ile-de-france","16":"tag-meurtre","17":"tag-news","18":"tag-paris","19":"tag-republique-francaise","20":"tag-villeneuve-la-garenne"},"share_on_mastodon":{"url":"https:\/\/pubeurope.com\/@fr\/114480293072478699","error":""},"_links":{"self":[{"href":"https:\/\/www.europesays.com\/fr\/wp-json\/wp\/v2\/posts\/87894","targetHints":{"allow":["GET"]}}],"collection":[{"href":"https:\/\/www.europesays.com\/fr\/wp-json\/wp\/v2\/posts"}],"about":[{"href":"https:\/\/www.europesays.com\/fr\/wp-json\/wp\/v2\/types\/post"}],"author":[{"embeddable":true,"href":"https:\/\/www.europesays.com\/fr\/wp-json\/wp\/v2\/users\/2"}],"replies":[{"embeddable":true,"href":"https:\/\/www.europesays.com\/fr\/wp-json\/wp\/v2\/comments?post=87894"}],"version-history":[{"count":0,"href":"https:\/\/www.europesays.com\/fr\/wp-json\/wp\/v2\/posts\/87894\/revisions"}],"wp:featuredmedia":[{"embeddable":true,"href":"https:\/\/www.europesays.com\/fr\/wp-json\/wp\/v2\/media\/87895"}],"wp:attachment":[{"href":"https:\/\/www.europesays.com\/fr\/wp-json\/wp\/v2\/media?parent=87894"}],"wp:term":[{"taxonomy":"category","embeddable":true,"href":"https:\/\/www.europesays.com\/fr\/wp-json\/wp\/v2\/categories?post=87894"},{"taxonomy":"post_tag","embeddable":true,"href":"https:\/\/www.europesays.com\/fr\/wp-json\/wp\/v2\/tags?post=87894"}],"curies":[{"name":"wp","href":"https:\/\/api.w.org\/{rel}","templated":true}]}}