{"id":87915,"date":"2025-05-09T22:54:15","date_gmt":"2025-05-09T22:54:15","guid":{"rendered":"https:\/\/www.europesays.com\/fr\/87915\/"},"modified":"2025-05-09T22:54:15","modified_gmt":"2025-05-09T22:54:15","slug":"une-delegation-irlandaise-recue-pour-les-800-ans-de-la-canonisation-de-laurent-otoole","status":"publish","type":"post","link":"https:\/\/www.europesays.com\/fr\/87915\/","title":{"rendered":"Une d\u00e9l\u00e9gation irlandaise re\u00e7ue pour les 800 ans de la canonisation de Laurent O&rsquo;Toole"},"content":{"rendered":"<p>            Par<br \/>\n        <strong><br \/>\n            <a href=\"https:\/\/actu.fr\/auteur\/jerome-buresi\" title=\"Consulter tous les articles de J\u00e9r\u00f4me Buresi\" target=\"_blank\" rel=\"noopener\">J\u00e9r\u00f4me Buresi<\/a><br \/>\n        <\/strong><\/p>\n<p>        Publi\u00e9 le<\/p>\n<p>            9 mai 2025 \u00e0 20h30        <\/p>\n<p>La ville d\u2019<a href=\"https:\/\/actu.fr\/normandie\/eu_76255\" target=\"_blank\" rel=\"noopener\">Eu<\/a>, en <b>Seine-Maritime<\/b>, c\u00e9l\u00e8bre cette ann\u00e9e le <b>800e anniversaire<\/b> de la canonisation de <b>saint Laurent O\u2019Toole<\/b>.<\/p>\n<p class=\" wall-content\">Le dimanche 11 mai 2025, une d\u00e9l\u00e9gation irlandaise sera ainsi accueillie \u00e0 Eu. Laurent est le saint patron de l\u2019archidioc\u00e8se catholique de <b>Dublin<\/b>.<\/p>\n<p class=\" wall-content\">\u00ab Environ 70 personnes seront pr\u00e9sentes dont les <b>deux archev\u00eaques de Dublin<\/b>, le catholique et celui de l\u2019\u00c9glise anglicane d\u2019Irlande, l\u2019<b>archev\u00eaque de Rouen<\/b> et l\u2019<b>\u00e9v\u00eaque d\u2019Amiens<\/b> \u00bb, d\u00e9crit Philippe Maheut, pr\u00eatre de la paroisse. L\u2019Ambassadeur d\u2019Irlande en France est annonc\u00e9.<\/p>\n<p class=\" wall-content\">La d\u00e9l\u00e9gation sera re\u00e7ue par la municipalit\u00e9 dans la salle du Carrosse du ch\u00e2teau, \u00e0 10 h. \u00ab Nous sommes heureux de participer, de mani\u00e8re la\u00efque, \u00e0 cet \u00e9v\u00e9nement \u00bb, indique le maire, <b>Michel Barbier<\/b>.<\/p>\n<p>Le programme<\/p>\n<p class=\" wall-content\">Une procession partira ensuite vers la coll\u00e9giale, avant la messe de 11 h, avec la participation de la ma\u00eetrise de la coll\u00e9giale.<\/p>\n<p>Vid\u00e9os : en ce moment sur Actu<\/p>\n<p class=\" wall-content\">La messe sera pr\u00e9sid\u00e9e par l\u2019archev\u00eaque de Dublin. Des chants seront interpr\u00e9t\u00e9s en trois langues : fran\u00e7ais, anglais et ga\u00e9lique.<\/p>\n<p class=\" wall-content\">\u00c0 16 h 45, un rendez-vous sera donn\u00e9 \u00e0 la croix celtique de la place Saint-Laurent O\u2019Toole pour une procession d\u2019accompagnement du buste reliquaire de Laurent O\u2019Toole.<\/p>\n<p class=\" wall-content\">Celui-ci sera accompagn\u00e9 par des chevaliers de l\u2019ordre du Saint-S\u00e9pulcre, venus d\u2019Irlande.<\/p>\n<p class=\" wall-content\">La c\u00e9l\u00e9bration de l\u2019office \u0153cum\u00e9nique, \u00e0 17 h, sera accompagn\u00e9e par la ma\u00eetrise Saint-Evode de la cath\u00e9drale de Rouen.<\/p>\n<p class=\" wall-content\">Dans le d\u00e9ambulatoire de la coll\u00e9giale, une exposition sera visible.<\/p>\n<p class=\" wall-content\">Pour le stationnement, le parking de l\u2019ancien lyc\u00e9e et le parc du Ch\u00e2teau seront ouverts.<\/p>\n<p class=\" wall-content\">Suivez toute l\u2019actualit\u00e9 de vos villes et m\u00e9dias favoris en vous inscrivant \u00e0 <a href=\"https:\/\/moncompte.actu.fr\" title=\"D\u00e9couvez Mon Actu\" rel=\"nofollow noopener\" data-trk=\"{&quot;cta&quot;:{&quot;action&quot;:&quot;https:\\\/\\\/moncompte.actu.fr&quot;,&quot;category&quot;:&quot;mon compte&quot;,&quot;from&quot;:&quot;article footer&quot;,&quot;name&quot;:&quot;Mon actu&quot;,&quot;type&quot;:&quot;cta&quot;}}\" target=\"_blank\">Mon Actu<\/a>.<\/p>\n","protected":false},"excerpt":{"rendered":"Par J\u00e9r\u00f4me Buresi Publi\u00e9 le 9 mai 2025 \u00e0 20h30 La ville d\u2019Eu, en Seine-Maritime, c\u00e9l\u00e8bre cette ann\u00e9e&hellip;\n","protected":false},"author":2,"featured_media":87916,"comment_status":"","ping_status":"","sticky":false,"template":"","format":"standard","meta":{"footnotes":""},"categories":[1586],"tags":[11,1777,674,1779,1011,27,516,12,4020,25,104,1778,364,3587],"class_list":{"0":"post-87915","1":"post","2":"type-post","3":"status-publish","4":"format-standard","5":"has-post-thumbnail","7":"category-europe","8":"tag-actualites","9":"tag-eu","10":"tag-europe","11":"tag-european-union","12":"tag-fr","13":"tag-france","14":"tag-irlande","15":"tag-news","16":"tag-religion","17":"tag-republique-francaise","18":"tag-societe","19":"tag-ue","20":"tag-union-europeenne","21":"tag-villes-soeurs"},"share_on_mastodon":{"url":"https:\/\/pubeurope.com\/@fr\/114480340276484437","error":""},"_links":{"self":[{"href":"https:\/\/www.europesays.com\/fr\/wp-json\/wp\/v2\/posts\/87915","targetHints":{"allow":["GET"]}}],"collection":[{"href":"https:\/\/www.europesays.com\/fr\/wp-json\/wp\/v2\/posts"}],"about":[{"href":"https:\/\/www.europesays.com\/fr\/wp-json\/wp\/v2\/types\/post"}],"author":[{"embeddable":true,"href":"https:\/\/www.europesays.com\/fr\/wp-json\/wp\/v2\/users\/2"}],"replies":[{"embeddable":true,"href":"https:\/\/www.europesays.com\/fr\/wp-json\/wp\/v2\/comments?post=87915"}],"version-history":[{"count":0,"href":"https:\/\/www.europesays.com\/fr\/wp-json\/wp\/v2\/posts\/87915\/revisions"}],"wp:featuredmedia":[{"embeddable":true,"href":"https:\/\/www.europesays.com\/fr\/wp-json\/wp\/v2\/media\/87916"}],"wp:attachment":[{"href":"https:\/\/www.europesays.com\/fr\/wp-json\/wp\/v2\/media?parent=87915"}],"wp:term":[{"taxonomy":"category","embeddable":true,"href":"https:\/\/www.europesays.com\/fr\/wp-json\/wp\/v2\/categories?post=87915"},{"taxonomy":"post_tag","embeddable":true,"href":"https:\/\/www.europesays.com\/fr\/wp-json\/wp\/v2\/tags?post=87915"}],"curies":[{"name":"wp","href":"https:\/\/api.w.org\/{rel}","templated":true}]}}