{"id":87924,"date":"2025-05-09T22:59:09","date_gmt":"2025-05-09T22:59:09","guid":{"rendered":"https:\/\/www.europesays.com\/fr\/87924\/"},"modified":"2025-05-09T22:59:09","modified_gmt":"2025-05-09T22:59:09","slug":"apres-le-bug-de-la-billetterie-pour-la-finale-poitiers-tours-un-accord-trouve","status":"publish","type":"post","link":"https:\/\/www.europesays.com\/fr\/87924\/","title":{"rendered":"apr\u00e8s le \u00ab\u00a0bug\u00a0\u00bb de la billetterie pour la finale Poitiers-Tours, un accord trouv\u00e9"},"content":{"rendered":"<p>D\u00e8s son ouverture, le 2\u00a0mai 2025 au soir, la billetterie est prise d\u2019assaut. Dans les loges VIP de la salle Lawson-Body, \u00e0 Poitiers, le pr\u00e9sident de l\u2019Alterna Stade poitevin Volley-Ball c\u00e9l\u00e8bre <a title=\"Lien vers la NR\" target=\"_blank\" href=\"https:\/\/www.lanouvellerepublique.fr\/poitiers\/msl-ce-sera-poitiers-tours-en-finale-1746481922\" rel=\"noopener\">la qualification de ses prot\u00e9g\u00e9s pour la finale de Marmara SpikeLigue \u00e0 domicile<\/a>, le samedi suivant. Si bien que lorsque Fran\u00e7ois Garreau apprend qu\u2019un \u00ab\u00a0bug informatique\u00a0\u00bb a emp\u00each\u00e9 la r\u00e9servation de places pour les supporteurs du Tours Volley-Ball (TVB) c\u2019est la douche froide. \u00ab\u00a0J\u2019ai tout de suite vu la pol\u00e9mique arriver.\u00a0\u00bb<\/p>\n<p>La coutume veut que le club h\u00f4te r\u00e9serve 10\u00a0% des places disponibles aux fans de l\u2019\u00e9quipe adverse. Soit, dans le cas de la salle Lawson-Body, le \u00ab\u00a0temple du volley poitevin\u00a0\u00bb, 200 places environ. \u00ab\u00a0Avant m\u00eame notre qualification en finale, j\u2019avais demand\u00e9 qu\u2019un contingent de 162 places soit mis de c\u00f4t\u00e9 pour l\u2019\u00e9quipe que l\u2019on serait susceptible de rencontrer en finale, Montpellier ou Tours\u00a0\u00bb, assure Fran\u00e7ois Garreau. Soit, dans le d\u00e9tail, \u00ab\u00a0les 32 places obligatoires pour le staff et les familles de joueurs, 30 pour leurs officiels et 100 places pour les supporteurs.\u00a0\u00bb<\/p>\n<p>Une finale, \u00e7a se joue avec deux \u00e9quipes\u00a0: une sur le terrain, et une dans les tribunes<\/p>\n<p><strong>Cathy Le Goff, pr\u00e9sidente des Int\u2019nables, le collectif de supporteurs du Tours Volley-Ball<\/strong><\/p>\n<p>Dans les faits, seules 50 places ont \u00e9t\u00e9 fl\u00e9ch\u00e9es pour les supporteurs du TVB. Si bien que lorsque leur \u00e9quipe s\u2019est qualifi\u00e9e en finale, trois jours apr\u00e8s l\u2019Alterna SPVB, <a title=\"Lien vers la NR\" target=\"_blank\" href=\"https:\/\/www.lanouvellerepublique.fr\/poitiers\/tours-le-manque-de-places-pour-les-supporteurs-du-tvb-ne-passe-pas-1746809602\" rel=\"noopener\">des dizaines de Tourangeaux ont d\u00e9chant\u00e9<\/a>\u00a0en contactant la billetterie du club poitevin. \u00ab\u00a0Depuis quatre jours, c\u2019est coup de fil sur coup de fil. Les gens sont tr\u00e8s remont\u00e9s, t\u00e9moigne Cathy Le Goff, pr\u00e9sidente des Int\u2019nables, le collectif de supporteurs du Tours Volley-Ball. Quand on l\u2019a appris, on a trouv\u00e9 \u00e7a antisportif. Une finale, \u00e7a se joue avec deux \u00e9quipes\u00a0: une sur le terrain, et une dans les tribunes.\u00a0\u00bb<\/p>\n<p>137<\/p>\n<p>C\u2019est le nombre de places finalement fl\u00e9ch\u00e9es aux Tourangeaux, contre 162 pr\u00e9vues initialement.<\/p>\n<p>Ardoise effac\u00e9e\u00a0?<\/p>\n<p>Apr\u00e8s un mea-culpa \u00e0 son homologue tourangeau, Fran\u00e7ois Bruneau, le pr\u00e9sident de l\u2019Alterna Stade poitevin, s\u2019emploie \u00e0 trouver des \u00ab\u00a0solutions\u00a0\u00bb. Le 9\u00a0mai, veille de la finale, il annonce avoir d\u00e9got\u00e9 50 nouvelles places, en rognant sur celles de quelques officiels et en ouvrant des cr\u00e9neaux debout. Des d\u00e9lais trop courts pour que les supporteurs du TVB, contraints d\u2019annuler plusieurs r\u00e9servations de minibus en d\u00e9but de semaine, fassent le d\u00e9placement. \u00ab\u00a0Finalement, on s\u2019est accord\u00e9 sur 25 places suppl\u00e9mentaires pour Tours, donc 137 au total.\u00a0\u00bb<\/p>\n<p>Sans rancune, pour les supporteurs tourangeaux\u00a0? \u00ab\u00a0Du moment que j\u2019ai pu r\u00e9cup\u00e9rer 3 places debout pour ma famille, \u00e7a va\u00a0\u00bb, temp\u00e8re Arnaud, qui soutient le TVB depuis trente-cinq\u00a0ans. \u00ab\u00a0On n\u2019a rien contre les supporteurs de Poitiers, qui n\u2019y sont pour rien\u00a0\u00bb, abonde Cathy Le Goff. En revanche, \u00ab\u00a0la meilleure mani\u00e8re de nous venger, c\u2019est d\u2019aller gagner chez eux\u00a0!\u00a0\u00bb Intenables.<\/p>\n","protected":false},"excerpt":{"rendered":"D\u00e8s son ouverture, le 2\u00a0mai 2025 au soir, la billetterie est prise d\u2019assaut. Dans les loges VIP de&hellip;\n","protected":false},"author":2,"featured_media":87925,"comment_status":"","ping_status":"","sticky":false,"template":"","format":"standard","meta":{"footnotes":""},"categories":[1417],"tags":[1392,1654,1011,27,1393,4387,1653,60,1390,1584,1470,1469],"class_list":{"0":"post-87924","1":"post","2":"type-post","3":"status-publish","4":"format-standard","5":"has-post-thumbnail","7":"category-volley","8":"tag-a-la-une-local","9":"tag-alterna-stade-poitevin-volley-ball","10":"tag-fr","11":"tag-france","12":"tag-loisirs","13":"tag-loisirs-sportifs","14":"tag-poitiers","15":"tag-sports","16":"tag-tours","17":"tag-vienne","18":"tag-volley","19":"tag-volleyball"},"share_on_mastodon":{"url":"https:\/\/pubeurope.com\/@fr\/114480360051957745","error":""},"_links":{"self":[{"href":"https:\/\/www.europesays.com\/fr\/wp-json\/wp\/v2\/posts\/87924","targetHints":{"allow":["GET"]}}],"collection":[{"href":"https:\/\/www.europesays.com\/fr\/wp-json\/wp\/v2\/posts"}],"about":[{"href":"https:\/\/www.europesays.com\/fr\/wp-json\/wp\/v2\/types\/post"}],"author":[{"embeddable":true,"href":"https:\/\/www.europesays.com\/fr\/wp-json\/wp\/v2\/users\/2"}],"replies":[{"embeddable":true,"href":"https:\/\/www.europesays.com\/fr\/wp-json\/wp\/v2\/comments?post=87924"}],"version-history":[{"count":0,"href":"https:\/\/www.europesays.com\/fr\/wp-json\/wp\/v2\/posts\/87924\/revisions"}],"wp:featuredmedia":[{"embeddable":true,"href":"https:\/\/www.europesays.com\/fr\/wp-json\/wp\/v2\/media\/87925"}],"wp:attachment":[{"href":"https:\/\/www.europesays.com\/fr\/wp-json\/wp\/v2\/media?parent=87924"}],"wp:term":[{"taxonomy":"category","embeddable":true,"href":"https:\/\/www.europesays.com\/fr\/wp-json\/wp\/v2\/categories?post=87924"},{"taxonomy":"post_tag","embeddable":true,"href":"https:\/\/www.europesays.com\/fr\/wp-json\/wp\/v2\/tags?post=87924"}],"curies":[{"name":"wp","href":"https:\/\/api.w.org\/{rel}","templated":true}]}}