{"id":87957,"date":"2025-05-09T23:17:10","date_gmt":"2025-05-09T23:17:10","guid":{"rendered":"https:\/\/www.europesays.com\/fr\/87957\/"},"modified":"2025-05-09T23:17:10","modified_gmt":"2025-05-09T23:17:10","slug":"tagliatelles-raviolis-des-pates-fraiches-vendues-en-grande-surface-rappelees-pour-une-suspicion-de-listeria","status":"publish","type":"post","link":"https:\/\/www.europesays.com\/fr\/87957\/","title":{"rendered":"Tagliatelles, raviolis\u2026 des p\u00e2tes fra\u00eeches vendues en grande surface rappel\u00e9es pour une suspicion de listeria"},"content":{"rendered":"<p>Plusieurs produits de la marque Daminiani pourraient contenir cette bact\u00e9rie qui peut entra\u00eener fi\u00e8vre, maux de t\u00eate, troubles digestifs, complications neurologiques ou encore dangers pour la grossesse.<\/p>\n<p class=\"fig-paragraph\">Un\u00a0<a href=\"http:\/\/www.lefigaro.fr\/conso\/alimentation-les-rappels-de-produits-alimentaires-ont-ils-vraiment-augmente-20220916\" data-fig-type=\"Article\" data-gtm-custom-categorie=\"navigation\" data-gtm-custom-action=\"crossclick\" data-gtm-custom-label=\"Contextuel\" data-gtm-event=\"customEventSPE\" data-fig-domain=\"LEFIGARO\" target=\"_blank\" rel=\"noopener\">nouveau rappel<\/a>\u00a0de produits alimentaires a \u00e9t\u00e9 lanc\u00e9 par le site gouvernemental Rappel Conso. En cause\u00a0: la d\u00e9tection de Listeria monocytogenes, une bact\u00e9rie r<a href=\"http:\/\/www.lefigaro.fr\/conso\/risques-de-listeriose-erreur-de-date-des-huitres-et-du-saumon-fume-rappeles-dans-toute-la-france-20241231\" data-fig-type=\"NewsFlash\" data-gtm-custom-categorie=\"navigation\" data-gtm-custom-action=\"crossclick\" data-gtm-custom-label=\"Contextuel\" data-gtm-event=\"customEventSPE\" data-fig-domain=\"LEFIGARO\" target=\"_blank\" rel=\"noopener\">esponsable de la list\u00e9riose<\/a>, dans plusieurs r\u00e9f\u00e9rences de p\u00e2tes fra\u00eeches de la marque Daminiani, vendues dans les enseignes E.Leclerc, Intermarch\u00e9, Carrefour et Syst\u00e8me U. La commercialisation de ces produits s\u2019est d\u00e9roul\u00e9e entre le 25 avril et le 7 mai 2025. Le rappel est en vigueur jusqu\u2019au 15 juin.<\/p>\n<p class=\"fig-paragraph\">Parmi les produits vis\u00e9s, on retrouve\u00a0:<\/p>\n<ul class=\"fig-list\">\n<li><strong>Tagliatelles fra\u00eeches aux \u0153ufs bio (300 g)<\/strong>\u00a0: GTIN 3760060590022, lot 25115, date limite de consommation 29\/05\/2025.<\/li>\n<li><strong>Soleil ricotta \u00e9pinard (300 g)<\/strong>\u00a0: GTIN 3760060588616, lot 25118, date limite de consommation 01\/06\/2025.<\/li>\n<li><strong>Soleil ch\u00e8vre miel (300 g)<\/strong>\u00a0: GTIN 3760060588661, lot 25115, Date limite de consommation 29\/05\/2025.<\/li>\n<li><strong>Raviolis b\u0153uf et c\u00e8pes (300 g)<\/strong>\u00a0: GTIN 3760060588579, lot 25115, date limite de consommation 29\/05\/2025.<\/li>\n<li><strong>Raviolis b\u0153uf jambon cru parmesan (250 g)<\/strong>\u00a0: GTIN 3760060588630, lot 25118, date limite de consommation 01\/06\/2025.<\/li>\n<li><strong>Girelles ricotta \u00e9pinard parmesan (500 g)<\/strong>\u00a0: GTIN 3760060564993, lot 25115, date limite de consommation 29\/05\/2025 et GTIN 3760060564993, lot 25118, date limite de consommation 01\/06\/2025.<\/li>\n<\/ul>\n<p class=\"fig-paragraph\">Tous ces produits \u00e9taient conditionn\u00e9s en barquette plastique et distribu\u00e9s \u00e0 l\u2019\u00e9chelle nationale. La Listeria monocytogenes est une bact\u00e9rie que l\u2019on peut retrouver dans des aliments r\u00e9frig\u00e9r\u00e9s \u00e0 longue dur\u00e9e de conservation. Elle se d\u00e9veloppe m\u00eame \u00e0 basse temp\u00e9rature, ce qui la rend particuli\u00e8rement redoutable.<\/p>\n<p class=\"fig-paragraph\">En cas d\u2019ingestion, la list\u00e9riose peut provoquer des sympt\u00f4mes proches de ceux de la grippe\u00a0: fi\u00e8vre, maux de t\u00eate, courbatures, parfois accompagn\u00e9s de troubles digestifs. Mais les cons\u00e9quences peuvent \u00eatre bien plus graves. Le minist\u00e8re de la Sant\u00e9 alerte\u00a0: \u00abDes formes graves avec des complications neurologiques et des atteintes maternelles ou f\u0153tales chez la femme enceinte peuvent \u00e9galement parfois survenir\u00bb. Chez les femmes enceintes, l\u2019infection repr\u00e9sente notamment un risque d\u2019accouchement pr\u00e9matur\u00e9 ou de d\u00e9c\u00e8s in utero.<\/p>\n<p class=\"fig-paragraph\">Les personnes \u00e2g\u00e9es, immunod\u00e9prim\u00e9es ou enceintes doivent donc redoubler de prudence. \u00abLes personnes qui auraient consomm\u00e9 les produits mentionn\u00e9s ci-dessus et qui pr\u00e9senteraient de la fi\u00e8vre, isol\u00e9e ou accompagn\u00e9e de maux de t\u00eate, et des courbatures, sont invit\u00e9es \u00e0 consulter leur m\u00e9decin traitant en lui signalant cette consommation\u00bb, recommande Rappel conso.<\/p>\n<p class=\"fig-paragraph\">Si vous d\u00e9tenez l\u2019une des r\u00e9f\u00e9rences rappel\u00e9es, deux options s\u2019offrent \u00e0 vous\u00a0: la jeter ou bien la rapporter en magasin. Dans tous les cas, un remboursement est pr\u00e9vu. Pour toute question compl\u00e9mentaire, les consommateurs peuvent contacter les services clients des enseignes concern\u00e9es. La liste compl\u00e8te des produits rappel\u00e9s est \u00e9galement disponible sur\u00a0<a href=\"https:\/\/rappel.conso.gouv.fr\/\" target=\"_blank\" rel=\"nofollow noopener\" data-gtm-custom-categorie=\"navigation\" data-gtm-custom-action=\"crossclick\" data-gtm-custom-label=\"Contextuel\" data-gtm-event=\"customEventSPE\">rappel.conso.gouv.fr<\/a>.<\/p>\n","protected":false},"excerpt":{"rendered":"Plusieurs produits de la marque Daminiani pourraient contenir cette bact\u00e9rie qui peut entra\u00eener fi\u00e8vre, maux de t\u00eate, troubles&hellip;\n","protected":false},"author":2,"featured_media":87958,"comment_status":"","ping_status":"","sticky":false,"template":"","format":"standard","meta":{"footnotes":""},"categories":[6],"tags":[1117,35,130,7064,33,34,638,1011,27,1116,342,639,19803,2551,1118,19804,137],"class_list":{"0":"post-87957","1":"post","2":"type-post","3":"status-publish","4":"format-standard","5":"has-post-thumbnail","7":"category-economie","8":"tag-assurance","9":"tag-business","10":"tag-consommation","11":"tag-consommer","12":"tag-economie","13":"tag-economy","14":"tag-figaro","15":"tag-fr","16":"tag-france","17":"tag-immobilier","18":"tag-impots","19":"tag-le-figaro","20":"tag-pates","21":"tag-patrimoine","22":"tag-placement","23":"tag-rappel-conso","24":"tag-retraite"},"share_on_mastodon":{"url":"https:\/\/pubeurope.com\/@fr\/114480430698439695","error":""},"_links":{"self":[{"href":"https:\/\/www.europesays.com\/fr\/wp-json\/wp\/v2\/posts\/87957","targetHints":{"allow":["GET"]}}],"collection":[{"href":"https:\/\/www.europesays.com\/fr\/wp-json\/wp\/v2\/posts"}],"about":[{"href":"https:\/\/www.europesays.com\/fr\/wp-json\/wp\/v2\/types\/post"}],"author":[{"embeddable":true,"href":"https:\/\/www.europesays.com\/fr\/wp-json\/wp\/v2\/users\/2"}],"replies":[{"embeddable":true,"href":"https:\/\/www.europesays.com\/fr\/wp-json\/wp\/v2\/comments?post=87957"}],"version-history":[{"count":0,"href":"https:\/\/www.europesays.com\/fr\/wp-json\/wp\/v2\/posts\/87957\/revisions"}],"wp:featuredmedia":[{"embeddable":true,"href":"https:\/\/www.europesays.com\/fr\/wp-json\/wp\/v2\/media\/87958"}],"wp:attachment":[{"href":"https:\/\/www.europesays.com\/fr\/wp-json\/wp\/v2\/media?parent=87957"}],"wp:term":[{"taxonomy":"category","embeddable":true,"href":"https:\/\/www.europesays.com\/fr\/wp-json\/wp\/v2\/categories?post=87957"},{"taxonomy":"post_tag","embeddable":true,"href":"https:\/\/www.europesays.com\/fr\/wp-json\/wp\/v2\/tags?post=87957"}],"curies":[{"name":"wp","href":"https:\/\/api.w.org\/{rel}","templated":true}]}}