{"id":87982,"date":"2025-05-09T23:33:40","date_gmt":"2025-05-09T23:33:40","guid":{"rendered":"https:\/\/www.europesays.com\/fr\/87982\/"},"modified":"2025-05-09T23:33:40","modified_gmt":"2025-05-09T23:33:40","slug":"en-images-pres-de-rouen-cette-ville-a-elu-sa-premiere-mini-miss","status":"publish","type":"post","link":"https:\/\/www.europesays.com\/fr\/87982\/","title":{"rendered":"EN IMAGES. Pr\u00e8s de Rouen, cette ville a \u00e9lu sa premi\u00e8re mini miss\u00a0!"},"content":{"rendered":"<p>            Par<br \/>\n        <strong><br \/>\n            <a href=\"https:\/\/actu.fr\/auteur\/le-journal-delbeuf\" title=\"Consulter tous les articles de R\u00e9daction Elbeuf\" rel=\"nofollow noopener\" target=\"_blank\">R\u00e9daction Elbeuf<\/a><br \/>\n        <\/strong><\/p>\n<p>        Publi\u00e9 le<\/p>\n<p>            9 mai 2025 \u00e0 17h15        <\/p>\n<p>Sous un soleil radieux, La P\u00e9niche d\u2019Elbeuf a vibr\u00e9, le jeudi 8 mai 2025, au rythme des rires et des pas timides mais fiers d\u2019une <b>vingtaine de petites candidates<\/b>.<\/p>\n<p class=\" wall-content\">Leur objectif ? Remporter l\u2019\u00e9charpe de <b>Mini miss Elbeuf 2025<\/b> ! Un \u00e9v\u00e9nement in\u00e9dit port\u00e9 par l\u2019association People Project 76, en partenariat avec Elsa, Miss Beaut\u00e9 Normandie 2024.<\/p>\n<p>Bienveillance et simplicit\u00e9<\/p>\n<p class=\" wall-content\">C\u2019est Elsa, la jeune miss de 26 ans au sourire communicatif, qui a eu l\u2019id\u00e9e de ce concours. \u00ab\u00a0L\u2019objectif, c\u2019est que les petites filles s\u2019amusent, tout simplement\u00a0\u00bb, confie-t-elle, v\u00eatue pour l\u2019occasion\u2026 d\u2019un pantalon. Un choix qu\u2019elle assume.<\/p>\n<blockquote class=\"ac-article-quote wall-content\">\n<p>Une miss peut \u00eatre \u00e9l\u00e9gante sans forc\u00e9ment porter une robe de princesse. Je souhaite le partager aux petites filles<\/p>\n<p>Elsa<\/p><\/blockquote>\n<p class=\" wall-content\">Du haut de leurs quelques ann\u00e9es, les petites candidates \u2013 de la maternelle \u00e0 la primaire \u2013 ont su attendrir le public. Pas seulement par leur allure, mais aussi par leur aisance \u00e0 r\u00e9pondre \u00e0 de petites questions : additions, mots d\u2019anglais, g\u00e9ographie\u2026\u00a0<\/p>\n<p>      <img   decoding=\"async\" loading=\"lazy\" class=\"size-large\" src=\"https:\/\/www.europesays.com\/fr\/wp-content\/uploads\/2025\/05\/f0da62be0e18625da62be0e1829da6v-960x640.jpg\" alt=\"Pr\u00e9paration du d\u00e9fil\u00e9 dans les locaux de la P\u00e9niche\" width=\"960\" height=\"640\"\/><br \/>\n    Pr\u00e9paration du d\u00e9fil\u00e9, dans les locaux de La P\u00e9niche. \u00a9Le Journal d\u2019ElbeufVid\u00e9os : en ce moment sur Actu<\/p>\n<p class=\" wall-content\">Parents et proches, tout sourire, ont applaudi avec fiert\u00e9 chacune des prestations. Hapsatou, membre de l\u2019association organisatrice, \u00e9tait ravie par cette initiative : \u00ab\u00a0Petite, j\u2019aurais r\u00eav\u00e9 d\u2019un tel moment. Aujourd\u2019hui, le but est vraiment de faire plaisir \u00e0 ces jeunes filles.\u00a0\u00bb\u00a0<\/p>\n<p>      <img   decoding=\"async\" loading=\"lazy\" class=\"size-large\" src=\"https:\/\/www.europesays.com\/fr\/wp-content\/uploads\/2025\/05\/6711dace0e1865b11dace0e185f11dv-960x640.jpg\" alt=\"Interview des candidates\" width=\"960\" height=\"640\"\/><br \/>\n    Les interviews des candidates, pour mieux les conna\u00eetre. \u00a9Le Journal d\u2019Elbeuf<\/p>\n<p class=\" wall-content\">Parmi les participantes, la jeune Safia, qui r\u00eave de devenir m\u00e9decin, a impressionn\u00e9 par son aisance. Fatimata, quant \u00e0 elle, a confi\u00e9 vouloir devenir polici\u00e8re. De belles ambitions pour les petites courageuses.<\/p>\n<p>      <img   decoding=\"async\" loading=\"lazy\" class=\"size-large\" src=\"https:\/\/www.europesays.com\/fr\/wp-content\/uploads\/2025\/05\/2940f1cf0e1867d40f1cf0e188150fv-960x640.jpg\" alt=\"La tension palpable lors des r\u00e9sultats\" width=\"960\" height=\"640\"\/><br \/>\n    La tension \u00e9tait palpable, \u00e0 l\u2019annonce des r\u00e9sultats. \u00a9Le Journal d\u2019Elbeuf<\/p>\n<p class=\" wall-content\">Quand le verdict est tomb\u00e9, l\u2019\u00e9motion \u00e9tait palpable chez les jeunes filles. La jeune A\u00efda a \u00e9t\u00e9 sacr\u00e9e Mini miss Elbeuf, d\u00e9clarant \u00eatre \u00ab\u00a0tr\u00e8s contente d\u2019avoir particip\u00e9\u00a0\u00bb. \u00c0 ses c\u00f4t\u00e9s, Cybelle, tout sourire, a d\u00e9croch\u00e9 la deuxi\u00e8me place sous les applaudissements du public pr\u00e9sent.<\/p>\n<p>      <img   decoding=\"async\" loading=\"lazy\" class=\"size-large\" src=\"https:\/\/www.europesays.com\/fr\/wp-content\/uploads\/2025\/05\/8d52a3b01e1866262a3b01e18a662av-960x640.jpg\" alt=\"Aida mini miss Elbeuf et les deux dauphines du concours\" width=\"960\" height=\"640\"\/><br \/>\n    A\u00efda, mini miss Elbeuf 2025, et les deux dauphines du concours. \u00a9Le Journal d\u2019Elbeuf<\/p>\n<p class=\" wall-content\">Suivez toute l\u2019actualit\u00e9 de vos villes et m\u00e9dias favoris en vous inscrivant \u00e0 <a href=\"https:\/\/moncompte.actu.fr\" title=\"D\u00e9couvez Mon Actu\" rel=\"nofollow noopener\" data-trk=\"{&quot;cta&quot;:{&quot;action&quot;:&quot;https:\\\/\\\/moncompte.actu.fr&quot;,&quot;category&quot;:&quot;mon compte&quot;,&quot;from&quot;:&quot;article footer&quot;,&quot;name&quot;:&quot;Mon actu&quot;,&quot;type&quot;:&quot;cta&quot;}}\" target=\"_blank\">Mon Actu<\/a>.<\/p>\n","protected":false},"excerpt":{"rendered":"Par R\u00e9daction Elbeuf Publi\u00e9 le 9 mai 2025 \u00e0 17h15 Sous un soleil radieux, La P\u00e9niche d\u2019Elbeuf a&hellip;\n","protected":false},"author":2,"featured_media":87983,"comment_status":"","ping_status":"","sticky":false,"template":"","format":"standard","meta":{"footnotes":""},"categories":[9587],"tags":[1111,11,1777,674,1011,27,1757,12,5161,25,9590],"class_list":{"0":"post-87982","1":"post","2":"type-post","3":"status-publish","4":"format-standard","5":"has-post-thumbnail","7":"category-rouen","8":"tag-actu","9":"tag-actualites","10":"tag-eu","11":"tag-europe","12":"tag-fr","13":"tag-france","14":"tag-insolite","15":"tag-news","16":"tag-normandie","17":"tag-republique-francaise","18":"tag-rouen"},"share_on_mastodon":{"url":"https:\/\/pubeurope.com\/@fr\/114480493720437000","error":""},"_links":{"self":[{"href":"https:\/\/www.europesays.com\/fr\/wp-json\/wp\/v2\/posts\/87982","targetHints":{"allow":["GET"]}}],"collection":[{"href":"https:\/\/www.europesays.com\/fr\/wp-json\/wp\/v2\/posts"}],"about":[{"href":"https:\/\/www.europesays.com\/fr\/wp-json\/wp\/v2\/types\/post"}],"author":[{"embeddable":true,"href":"https:\/\/www.europesays.com\/fr\/wp-json\/wp\/v2\/users\/2"}],"replies":[{"embeddable":true,"href":"https:\/\/www.europesays.com\/fr\/wp-json\/wp\/v2\/comments?post=87982"}],"version-history":[{"count":0,"href":"https:\/\/www.europesays.com\/fr\/wp-json\/wp\/v2\/posts\/87982\/revisions"}],"wp:featuredmedia":[{"embeddable":true,"href":"https:\/\/www.europesays.com\/fr\/wp-json\/wp\/v2\/media\/87983"}],"wp:attachment":[{"href":"https:\/\/www.europesays.com\/fr\/wp-json\/wp\/v2\/media?parent=87982"}],"wp:term":[{"taxonomy":"category","embeddable":true,"href":"https:\/\/www.europesays.com\/fr\/wp-json\/wp\/v2\/categories?post=87982"},{"taxonomy":"post_tag","embeddable":true,"href":"https:\/\/www.europesays.com\/fr\/wp-json\/wp\/v2\/tags?post=87982"}],"curies":[{"name":"wp","href":"https:\/\/api.w.org\/{rel}","templated":true}]}}