{"id":87999,"date":"2025-05-09T23:42:35","date_gmt":"2025-05-09T23:42:35","guid":{"rendered":"https:\/\/www.europesays.com\/fr\/87999\/"},"modified":"2025-05-09T23:42:35","modified_gmt":"2025-05-09T23:42:35","slug":"une-femme-denonce-une-agression-sexuelle-dans-un-centre-de-remise-en-forme-pres-de-nantes","status":"publish","type":"post","link":"https:\/\/www.europesays.com\/fr\/87999\/","title":{"rendered":"Une femme d\u00e9nonce une agression sexuelle dans un centre de remise en forme pr\u00e8s de Nantes"},"content":{"rendered":"<tr wp_automatic_readability=\"2.9262295081967\">\n<td valign=\"middle\" align=\"center\" class=\"col-logo\">\n    <img decoding=\"async\" src=\"https:\/\/www.europesays.com\/fr\/wp-content\/uploads\/2025\/04\/presse-ocean.gif\" alt=\"logo Presse-Oc\u00e9an\" height=\"66\"\/><\/p>\n<\/td>\n<td class=\"col-titre\">\n\t\t\tVendredi 09 mai 2025 11:40<br \/>\n\t\t\t<a class=\"icon-bulle sizeL count\" href=\"#ancreAvis\"><br \/>\n\t&#8230;<br \/>\n<\/a><\/td>\n<\/tr>\n<p>\t\t<a class=\"mavillebox2 elmt-photo\" href=\"https:\/\/maville.com\/photosmvi\/2025\/05\/09\/P35217524D6799747G.jpg\" title=\" Le centre de remise en forme avait envoy\u00e9 un courrier pour interdire au mis en cause de revenir.  \u00a9  Photo archives Presse Oc\u00e9an  &lt;!--TAG-BLC credit--&gt;\" rel=\"galerie_actu nofollow noopener\" target=\"_blank\"><br \/>\n\t<img decoding=\"async\" src=\"https:\/\/www.europesays.com\/fr\/wp-content\/uploads\/2025\/05\/P35217524D6799747G_crop_640-330_.jpg\" alt=\"photo  le centre de remise en forme avait envoy\u00e9 un courrier pour interdire au mis en cause de revenir.  \u00a9  photo archives presse oc\u00e9an \"\/><br \/>\n\t1<br \/>\n<\/a><\/p>\n<p class=\"elmt-legende\"> Le centre de remise en forme avait envoy\u00e9 un courrier pour interdire au mis en cause de revenir.  \u00a9  Photo archives Presse Oc\u00e9an  <\/p>\n<p>\t\tUne cliente a port\u00e9 plainte contre un homme qui lui a touch\u00e9 les fesses, jeudi 8\u00a0mai 2025 \u00e0 18\u00a0heures, \u00e0 Calic\u00e9o, centre de remise en forme de Saint-Herblain. Un suspect de 35\u00a0ans, connu \u00ab\u00a0pour avoir commis des faits similaires\u00a0\u00bb, a \u00e9t\u00e9 interpell\u00e9.<\/p>\n<p><b>Cet article est r\u00e9serv\u00e9 aux abonn\u00e9s<\/b><\/p>\n<p>Pour un acc\u00e8s imm\u00e9diat, abonnez-vous<\/p>\n<p><b>1\u00e8re semaine offerte<\/b><\/p>\n<p>\t\t JMC \u00a0\u00a0<br \/>\n\t\tPresse-Oc\u00e9an<\/p>\n<p>Retrouvez d&rsquo;autres actus sur la commune de :<\/p>\n<p>\t\t&#13;<\/p>\n","protected":false},"excerpt":{"rendered":"Vendredi 09 mai 2025 11:40 &#8230; 1 Le centre de remise en forme avait envoy\u00e9 un courrier pour&hellip;\n","protected":false},"author":2,"featured_media":88000,"comment_status":"","ping_status":"","sticky":false,"template":"","format":"standard","meta":{"footnotes":""},"categories":[2818],"tags":[1111,11,1120,3335,7891,1777,674,1294,4988,1011,27,766,12,2636,3762,19807,25,19684],"class_list":{"0":"post-87999","1":"post","2":"type-post","3":"status-publish","4":"format-standard","5":"has-post-thumbnail","7":"category-nantes","8":"tag-actu","9":"tag-actualites","10":"tag-agression","11":"tag-centre","12":"tag-denonce","13":"tag-eu","14":"tag-europe","15":"tag-femme","16":"tag-forme","17":"tag-fr","18":"tag-france","19":"tag-nantes","20":"tag-news","21":"tag-pays-de-la-loire","22":"tag-pres","23":"tag-remise","24":"tag-republique-francaise","25":"tag-sexuelle"},"share_on_mastodon":{"url":"https:\/\/pubeurope.com\/@fr\/114480529033524291","error":""},"_links":{"self":[{"href":"https:\/\/www.europesays.com\/fr\/wp-json\/wp\/v2\/posts\/87999","targetHints":{"allow":["GET"]}}],"collection":[{"href":"https:\/\/www.europesays.com\/fr\/wp-json\/wp\/v2\/posts"}],"about":[{"href":"https:\/\/www.europesays.com\/fr\/wp-json\/wp\/v2\/types\/post"}],"author":[{"embeddable":true,"href":"https:\/\/www.europesays.com\/fr\/wp-json\/wp\/v2\/users\/2"}],"replies":[{"embeddable":true,"href":"https:\/\/www.europesays.com\/fr\/wp-json\/wp\/v2\/comments?post=87999"}],"version-history":[{"count":0,"href":"https:\/\/www.europesays.com\/fr\/wp-json\/wp\/v2\/posts\/87999\/revisions"}],"wp:featuredmedia":[{"embeddable":true,"href":"https:\/\/www.europesays.com\/fr\/wp-json\/wp\/v2\/media\/88000"}],"wp:attachment":[{"href":"https:\/\/www.europesays.com\/fr\/wp-json\/wp\/v2\/media?parent=87999"}],"wp:term":[{"taxonomy":"category","embeddable":true,"href":"https:\/\/www.europesays.com\/fr\/wp-json\/wp\/v2\/categories?post=87999"},{"taxonomy":"post_tag","embeddable":true,"href":"https:\/\/www.europesays.com\/fr\/wp-json\/wp\/v2\/tags?post=87999"}],"curies":[{"name":"wp","href":"https:\/\/api.w.org\/{rel}","templated":true}]}}