{"id":88001,"date":"2025-05-09T23:43:23","date_gmt":"2025-05-09T23:43:23","guid":{"rendered":"https:\/\/www.europesays.com\/fr\/88001\/"},"modified":"2025-05-09T23:43:23","modified_gmt":"2025-05-09T23:43:23","slug":"top-5-des-nouveaux-spots-a-tester-en-mai-big-city-nantes","status":"publish","type":"post","link":"https:\/\/www.europesays.com\/fr\/88001\/","title":{"rendered":"top 5 des nouveaux spots \u00e0 tester en mai \u2013 Big City Nantes"},"content":{"rendered":"<p>Nantes continue de nous surprendre avec de nouveaux spots \u00e0 d\u00e9couvrir  ! En mai 2025, \u00e7a sent bon le renouveau avec beaucoup <strong>de lieux gourmands<\/strong> ! Brunch irlandais, boulangerie, installation de 2 nouveaux bouillons, ou encore stand espagnol au March\u00e9 des Arts\u2026 <a href=\"https:\/\/www.bigcitynantes.fr\/\" target=\"_blank\" rel=\"noreferrer noopener nofollow\">Big City Nantes<\/a> t\u2019a s\u00e9lectionn\u00e9 cinq nouvelles p\u00e9pites qui vont te faire kiffer en ce d\u00e9but de printemps. <strong>Suis le guide, on t\u2019explique tout \u00e7a !<\/strong><\/p>\n<p>Copains &amp; Levain : une boulangerie entre copains<img loading=\"lazy\" decoding=\"async\" width=\"680\" height=\"510\" src=\"https:\/\/www.europesays.com\/fr\/wp-content\/uploads\/2025\/05\/Copain-Levain.png\" alt=\"\" class=\"lazyload wp-image-113655\" style=\"aspect-ratio:16\/9;object-fit:cover\"  data-\/>boulangerie copain &amp; levain<\/p>\n<p>Cette boulangerie conviviale et chaleureuse vient de s\u2019installer sur l\u2019\u00cele de Nantes ! <strong>Copains &amp; Levain<\/strong> c\u2019est 4 copains passionn\u00e9s qui se connaissent depuis 10 ans. Leur <strong>boulangerie artisanale<\/strong> propose du pain au levain, des p\u00e2tisseries maison et une gamme de snacking inspir\u00e9e de leurs voyages ! Avec un choix vari\u00e9 de sucr\u00e9 et de sal\u00e9, il y en a pour tous les go\u00fbts, \u00e0 d\u00e9guster sur place ou \u00e0 emporter \ud83d\ude09<\/p>\n<p>\ud83d\udccd 13 Rue des Marchandises, 44200 Nantes<\/p>\n<p>Black Shelter \u00e0 Orvault : le nouveau spot irlandais<img loading=\"lazy\" decoding=\"async\" width=\"2048\" height=\"1365\" src=\"https:\/\/www.europesays.com\/fr\/wp-content\/uploads\/2025\/05\/Black-Shelter-Brunch.jpg\" alt=\"\" class=\"lazyload wp-image-113624\" style=\"aspect-ratio:16\/9;object-fit:cover\"  data-\/>Black shelter, orvault<\/p>\n<p>Plonge en Irlande le temps d\u2019un ap\u00e9ro, d\u2019un repas ou m\u00eame d\u2019un brunch ! Le petit fr\u00e8re du <strong>Black Shelter<\/strong> de Carquefou vient d\u2019ouvrir \u00e0<strong> Orvault<\/strong>. M\u00e9lodies irlandaises et d\u00e9corations comme dans les rues de Dublin, tu voyages sans quitter Nantes ! Un <strong>brunch et buffet \u00e0 volont\u00e9<\/strong> chaque dimanche et le tout dans un cadre s\u2019inspirant des rues de Dublin, avec grand \u00e9cran pour la diffusion des matchs en semaine.<\/p>\n<p>\ud83d\udccd 4 Rue Cl\u00e9ment Ader, 44700 Orvault<\/p>\n<p>March\u00e9 des Arts : Tinto, Paella et tapas<img loading=\"lazy\" decoding=\"async\" width=\"680\" height=\"510\" src=\"https:\/\/www.europesays.com\/fr\/wp-content\/uploads\/2025\/05\/Marche-des-arts.png\" alt=\"\" class=\"lazyload wp-image-113641\" style=\"aspect-ratio:16\/9;object-fit:cover\"  data-\/>march\u00e9 des arts \u00e0 nantes<\/p>\n<p>Il y a du nouveau au<strong> March\u00e9 des Arts<\/strong> ! <strong>Deux nouveaux stands <\/strong>viennent s\u2019ajouter \u00e0 ce c\u00e9l\u00e8bre march\u00e9 sur l\u2019\u00cele de Nantes : <strong>Tinto<\/strong>, l\u2019artisan torr\u00e9facteur, et le traiteur espagnol <strong>Paellas y Tapas<\/strong>. Tinto te propose une <strong>carte de boissons chaudes et fraiches<\/strong>, entre expressos, m\u00e9thodes douces, Matcha et Chai \ud83e\udd29 Et si tes papilles veulent voyager, rends toi chez <strong>Paellas y Tapas<\/strong>, qui propose comme l\u2019indique son nom : paellas, tapas mais aussi frittata et sangria ! Le tout \u00e0 partager sur place ou \u00e0 emporter \ud83d\ude09<\/p>\n<p>\ud83d\udccd 6 boulevard de la Prairie au Duc, 44200 Nantes<\/p>\n<p>Nouveaux bouillons \u00e0 Nantes<img loading=\"lazy\" decoding=\"async\" width=\"1336\" height=\"828\" src=\"https:\/\/www.europesays.com\/fr\/wp-content\/uploads\/2025\/05\/Bouillon-Nantes.jpg\" alt=\"\" class=\"lazyload wp-image-113643\" style=\"aspect-ratio:16\/9;object-fit:cover\"  data-\/>Bouillon nantes<\/p>\n<p>Deux nouveaux <strong>bouillon<\/strong>s s\u2019installent \u00e0 <strong>Nantes<\/strong>, le<strong> bouillon de la paix<\/strong> et le <strong>bouillon gloriette<\/strong>, s\u2019inspirant des fameux bouillons parisiens ! On te rappelle le concept : <strong>cuisine traditionnelle \u00e0 prix doux<\/strong>, et bons plans gastronomiques. \u00c7a se passe <strong>rue de la Paix et Quai de la Fosse<\/strong>, alors pr\u00e9pare tes couverts on t\u2019y attend !<\/p>\n<p>\ud83d\udccd 8 rue de la Paix, 44000 Nantes<br \/>\ud83d\udccd 11 quai de la Fosse, 44000 Nantes<\/p>\n<p>Un nouveau Glouton Burger \u00e0 Rez\u00e9<img loading=\"lazy\" decoding=\"async\" width=\"680\" height=\"510\" src=\"https:\/\/www.europesays.com\/fr\/wp-content\/uploads\/2025\/05\/Glouton-Burger.png\" alt=\"\" class=\"lazyload wp-image-113657\" style=\"aspect-ratio:16\/9;object-fit:cover\"  data-\/><\/p>\n<p>Le c\u00e9l\u00e8bre empire du burger ouvre un <strong>nouveau lieu \u00e0 Rez\u00e9<\/strong> ! Sur le podium de la Coupe de France du Burger, <strong>Steven Arnaud<\/strong> ouvre son 3\u00e8me resto dans la m\u00e9tropole ! On sait que t\u2019en a d\u00e9j\u00e0 l\u2019eau \u00e0 la bouche \ud83e\udd29 <strong>Glouton<\/strong>, ce sont deux amis de longue date qui ont d\u00e9cid\u00e9 d\u2019unir leur passion commune, et d\u2019offrir des burgers \u00e9labor\u00e9s \u00e0 partir de produits locaux, frais, de qualit\u00e9 et des<strong> recettes maison<\/strong>. Le tout pr\u00e9par\u00e9 avec g\u00e9n\u00e9rosit\u00e9 dans un joli cadre chaleureux pour satisfaire les plus gourmands.<\/p>\n<p>\ud83d\udccd 160 Route des Sorini\u00e8res, 44400 Rez\u00e9<\/p>\n<p>Voil\u00e0 notre s\u00e9lection pour ce mois de mai ! Tu as\u00a0<strong>d\u2019autres suggestions<\/strong>\u00a0\u00e0 nous faire ? Commente nos posts sur les r\u00e9seaux sociaux, cela nous permettra\u00a0<strong>d\u2019enrichir le prochain top des nouveaux spots \u00e0 Nantes ! Bonne d\u00e9couverte \ud83d\ude04<\/strong><\/p>\n<p>Et si tu as manqu\u00e9 nos s\u00e9lections des mois pr\u00e9c\u00e9dents, pas de panique ! Il n\u2019est jamais trop tard pour d\u00e9couvrir ces superbes adresses :<\/p>\n","protected":false},"excerpt":{"rendered":"Nantes continue de nous surprendre avec de nouveaux spots \u00e0 d\u00e9couvrir ! En mai 2025, \u00e7a sent bon&hellip;\n","protected":false},"author":2,"featured_media":88002,"comment_status":"","ping_status":"","sticky":false,"template":"","format":"standard","meta":{"footnotes":""},"categories":[2818],"tags":[1111,11,7168,19808,4586,1777,674,1011,27,12086,766,12,2636,25,1669,1662,4064],"class_list":{"0":"post-88001","1":"post","2":"type-post","3":"status-publish","4":"format-standard","5":"has-post-thumbnail","7":"category-nantes","8":"tag-actu","9":"tag-actualites","10":"tag-bars","11":"tag-bistrot","12":"tag-cafe","13":"tag-eu","14":"tag-europe","15":"tag-fr","16":"tag-france","17":"tag-friperie","18":"tag-nantes","19":"tag-news","20":"tag-pays-de-la-loire","21":"tag-republique-francaise","22":"tag-sorties","23":"tag-vin","24":"tag-week-end"},"share_on_mastodon":{"url":"https:\/\/pubeurope.com\/@fr\/114480533122736230","error":""},"_links":{"self":[{"href":"https:\/\/www.europesays.com\/fr\/wp-json\/wp\/v2\/posts\/88001","targetHints":{"allow":["GET"]}}],"collection":[{"href":"https:\/\/www.europesays.com\/fr\/wp-json\/wp\/v2\/posts"}],"about":[{"href":"https:\/\/www.europesays.com\/fr\/wp-json\/wp\/v2\/types\/post"}],"author":[{"embeddable":true,"href":"https:\/\/www.europesays.com\/fr\/wp-json\/wp\/v2\/users\/2"}],"replies":[{"embeddable":true,"href":"https:\/\/www.europesays.com\/fr\/wp-json\/wp\/v2\/comments?post=88001"}],"version-history":[{"count":0,"href":"https:\/\/www.europesays.com\/fr\/wp-json\/wp\/v2\/posts\/88001\/revisions"}],"wp:featuredmedia":[{"embeddable":true,"href":"https:\/\/www.europesays.com\/fr\/wp-json\/wp\/v2\/media\/88002"}],"wp:attachment":[{"href":"https:\/\/www.europesays.com\/fr\/wp-json\/wp\/v2\/media?parent=88001"}],"wp:term":[{"taxonomy":"category","embeddable":true,"href":"https:\/\/www.europesays.com\/fr\/wp-json\/wp\/v2\/categories?post=88001"},{"taxonomy":"post_tag","embeddable":true,"href":"https:\/\/www.europesays.com\/fr\/wp-json\/wp\/v2\/tags?post=88001"}],"curies":[{"name":"wp","href":"https:\/\/api.w.org\/{rel}","templated":true}]}}