{"id":88009,"date":"2025-05-09T23:47:09","date_gmt":"2025-05-09T23:47:09","guid":{"rendered":"https:\/\/www.europesays.com\/fr\/88009\/"},"modified":"2025-05-09T23:47:09","modified_gmt":"2025-05-09T23:47:09","slug":"previsions-du-samedi-10-mai-2025-3","status":"publish","type":"post","link":"https:\/\/www.europesays.com\/fr\/88009\/","title":{"rendered":"pr\u00e9visions du samedi 10 mai 2025"},"content":{"rendered":"<p>Toulouse aura la chance de pouvoir profiter d&rsquo;une superbe journ\u00e9e ensoleill\u00e9e. Les maximales atteindront les 22\u00b0C et les minimales seront de 12\u00b0C. La ville sera touch\u00e9e par un vent de sud-est de 24 km\/h. Le matin, le mercure affichera 18\u00b0C en moyenne. L&rsquo;apr\u00e8s-midi, les valeurs s&rsquo;\u00e9chelonneront entre 17 et 22\u00b0C. De petites averses rendront la soir\u00e9e morose. On passera de samedi \u00e0 dimanche par une nuit claire.<\/p>\n<p>Il y a un risque d&rsquo;averses \u00e0 Toulouse demain. Une baisse des temp\u00e9ratures est \u00e0 pr\u00e9voir. Il va faire environ 15\u00b0C. Un vent de nord-ouest rafra\u00eechira sensiblement l&rsquo;atmosph\u00e8re. Le matin, on pr\u00e9voit des temp\u00e9ratures d&rsquo;environ 16\u00b0C. Les valeurs seront de 15\u00b0C au plus bas et de 18\u00b0C au plus haut l&rsquo;apr\u00e8s-midi. Des averses auront lieu dans la soir\u00e9e. Les temp\u00e9ratures tourneront autour des 12\u00b0C.<\/p>\n<p>Les conditions m\u00e9t\u00e9orologiques des journ\u00e9es suivantes vont changer progressivement. Apr\u00e8s des conditions m\u00e9t\u00e9orologiques stables lundi, la situation changera mardi.<\/p>\n<p><\/p>\n","protected":false},"excerpt":{"rendered":"Toulouse aura la chance de pouvoir profiter d&rsquo;une superbe journ\u00e9e ensoleill\u00e9e. Les maximales atteindront les 22\u00b0C et les&hellip;\n","protected":false},"author":2,"featured_media":88010,"comment_status":"","ping_status":"","sticky":false,"template":"","format":"standard","meta":{"footnotes":""},"categories":[2816],"tags":[1111,11,1777,674,1011,27,2722,2721,12,2680,2119,25,2312],"class_list":{"0":"post-88009","1":"post","2":"type-post","3":"status-publish","4":"format-standard","5":"has-post-thumbnail","7":"category-toulouse","8":"tag-actu","9":"tag-actualites","10":"tag-eu","11":"tag-europe","12":"tag-fr","13":"tag-france","14":"tag-haute-garonne","15":"tag-midi-pyrenees","16":"tag-news","17":"tag-occitanie","18":"tag-previsions-meteo","19":"tag-republique-francaise","20":"tag-toulouse"},"share_on_mastodon":{"url":"https:\/\/pubeurope.com\/@fr\/114480548702179975","error":""},"_links":{"self":[{"href":"https:\/\/www.europesays.com\/fr\/wp-json\/wp\/v2\/posts\/88009","targetHints":{"allow":["GET"]}}],"collection":[{"href":"https:\/\/www.europesays.com\/fr\/wp-json\/wp\/v2\/posts"}],"about":[{"href":"https:\/\/www.europesays.com\/fr\/wp-json\/wp\/v2\/types\/post"}],"author":[{"embeddable":true,"href":"https:\/\/www.europesays.com\/fr\/wp-json\/wp\/v2\/users\/2"}],"replies":[{"embeddable":true,"href":"https:\/\/www.europesays.com\/fr\/wp-json\/wp\/v2\/comments?post=88009"}],"version-history":[{"count":0,"href":"https:\/\/www.europesays.com\/fr\/wp-json\/wp\/v2\/posts\/88009\/revisions"}],"wp:featuredmedia":[{"embeddable":true,"href":"https:\/\/www.europesays.com\/fr\/wp-json\/wp\/v2\/media\/88010"}],"wp:attachment":[{"href":"https:\/\/www.europesays.com\/fr\/wp-json\/wp\/v2\/media?parent=88009"}],"wp:term":[{"taxonomy":"category","embeddable":true,"href":"https:\/\/www.europesays.com\/fr\/wp-json\/wp\/v2\/categories?post=88009"},{"taxonomy":"post_tag","embeddable":true,"href":"https:\/\/www.europesays.com\/fr\/wp-json\/wp\/v2\/tags?post=88009"}],"curies":[{"name":"wp","href":"https:\/\/api.w.org\/{rel}","templated":true}]}}