{"id":88011,"date":"2025-05-09T23:48:09","date_gmt":"2025-05-09T23:48:09","guid":{"rendered":"https:\/\/www.europesays.com\/fr\/88011\/"},"modified":"2025-05-09T23:48:09","modified_gmt":"2025-05-09T23:48:09","slug":"previsions-du-samedi-10-mai-2025-4","status":"publish","type":"post","link":"https:\/\/www.europesays.com\/fr\/88011\/","title":{"rendered":"pr\u00e9visions du samedi 10 mai 2025"},"content":{"rendered":"<p>Lille va conna\u00eetre une splendide journ\u00e9e particuli\u00e8rement ensoleill\u00e9e. Les valeurs seront de 8\u00b0C au minimum et de 21\u00b0C au maximum. Le matin, un l\u00e9ger vent d&rsquo;est sera ressenti par les habitants. L&rsquo;apr\u00e8s-midi, c&rsquo;est une hausse de plusieurs degr\u00e9s que vont enregistrer les temp\u00e9ratures. Les maximales iront jusqu&rsquo;\u00e0 21\u00b0C et les minimales seront de 20\u00b0C. Un vent de sud-est est attendu : il soufflera \u00e0 20 km\/h. Le soir, le mercure affichera 16\u00b0C en moyenne. Durant votre sommeil, dans la nuit de samedi \u00e0 dimanche, le ciel sera clair.<\/p>\n<p>Pour Lille, un temps plus chaud est \u00e0 pr\u00e9voir demain puisque le mercure va conna\u00eetre une augmentation. Les temp\u00e9ratures seront comprises entre 10 et 24\u00b0C. Un vent de sud-est rafra\u00eechira un peu l&rsquo;atmosph\u00e8re. C&rsquo;est un soleil magnifique qui va briller le matin. On pr\u00e9voit une embellie pour cet apr\u00e8s-midi. La m\u00e9t\u00e9o va se r\u00e9chauffer avec une hausse de plusieurs degr\u00e9s. Les valeurs s&rsquo;\u00e9chelonneront entre 22 et 24\u00b0C.<\/p>\n<p>La m\u00e9t\u00e9o restera inchang\u00e9e les jours \u00e0 venir. Des temp\u00e9ratures dans les 16\u00b0C iront de pair avec un ciel ensoleill\u00e9.<\/p>\n<p><\/p>\n","protected":false},"excerpt":{"rendered":"Lille va conna\u00eetre une splendide journ\u00e9e particuli\u00e8rement ensoleill\u00e9e. Les valeurs seront de 8\u00b0C au minimum et de 21\u00b0C&hellip;\n","protected":false},"author":2,"featured_media":88012,"comment_status":"","ping_status":"","sticky":false,"template":"","format":"standard","meta":{"footnotes":""},"categories":[2815],"tags":[1111,11,1777,674,1011,27,811,1307,12,1308,1309,2119,25],"class_list":{"0":"post-88011","1":"post","2":"type-post","3":"status-publish","4":"format-standard","5":"has-post-thumbnail","7":"category-lille","8":"tag-actu","9":"tag-actualites","10":"tag-eu","11":"tag-europe","12":"tag-fr","13":"tag-france","14":"tag-hauts-de-france","15":"tag-lille","16":"tag-news","17":"tag-nord","18":"tag-nord-pas-de-calais","19":"tag-previsions-meteo","20":"tag-republique-francaise"},"share_on_mastodon":{"url":"https:\/\/pubeurope.com\/@fr\/114480552570484683","error":""},"_links":{"self":[{"href":"https:\/\/www.europesays.com\/fr\/wp-json\/wp\/v2\/posts\/88011","targetHints":{"allow":["GET"]}}],"collection":[{"href":"https:\/\/www.europesays.com\/fr\/wp-json\/wp\/v2\/posts"}],"about":[{"href":"https:\/\/www.europesays.com\/fr\/wp-json\/wp\/v2\/types\/post"}],"author":[{"embeddable":true,"href":"https:\/\/www.europesays.com\/fr\/wp-json\/wp\/v2\/users\/2"}],"replies":[{"embeddable":true,"href":"https:\/\/www.europesays.com\/fr\/wp-json\/wp\/v2\/comments?post=88011"}],"version-history":[{"count":0,"href":"https:\/\/www.europesays.com\/fr\/wp-json\/wp\/v2\/posts\/88011\/revisions"}],"wp:featuredmedia":[{"embeddable":true,"href":"https:\/\/www.europesays.com\/fr\/wp-json\/wp\/v2\/media\/88012"}],"wp:attachment":[{"href":"https:\/\/www.europesays.com\/fr\/wp-json\/wp\/v2\/media?parent=88011"}],"wp:term":[{"taxonomy":"category","embeddable":true,"href":"https:\/\/www.europesays.com\/fr\/wp-json\/wp\/v2\/categories?post=88011"},{"taxonomy":"post_tag","embeddable":true,"href":"https:\/\/www.europesays.com\/fr\/wp-json\/wp\/v2\/tags?post=88011"}],"curies":[{"name":"wp","href":"https:\/\/api.w.org\/{rel}","templated":true}]}}