{"id":88019,"date":"2025-05-09T23:53:09","date_gmt":"2025-05-09T23:53:09","guid":{"rendered":"https:\/\/www.europesays.com\/fr\/88019\/"},"modified":"2025-05-09T23:53:09","modified_gmt":"2025-05-09T23:53:09","slug":"previsions-du-samedi-10-mai-2025-6","status":"publish","type":"post","link":"https:\/\/www.europesays.com\/fr\/88019\/","title":{"rendered":"pr\u00e9visions du samedi 10 mai 2025"},"content":{"rendered":"<p>\u00c0 Lyon les valeurs iront de 8 \u00e0 21\u00b0C sur l&rsquo;ensemble de la journ\u00e9e. Un vent de sud-est rafra\u00eechira l\u00e9g\u00e8rement l&rsquo;atmosph\u00e8re. Le ciel va s&rsquo;\u00e9claircir dans la matin\u00e9e. Les temp\u00e9ratures tourneront autour des 16\u00b0C. Il va y avoir des nuages avant que le soleil ne puisse faire son apparition pendant l&rsquo;apr\u00e8s-midi. Des pluies \u00e9parses sont pr\u00e9vues. D&rsquo;un autre c\u00f4t\u00e9, les temp\u00e9ratures vont enregistrer une hausse de plusieurs degr\u00e9s. Les valeurs afficheront entre 20 et 21\u00b0C. Dans la soir\u00e9e, des pluies \u00e9parses sont attendues. Il va faire en moyenne 15\u00b0C. Un ciel limpide est \u00e0 pr\u00e9voir dans la nuit entre samedi et dimanche.<\/p>\n<p>Demain, les temp\u00e9ratures s&rsquo;\u00e9chelonneront entre 9 et 21\u00b0C \u00e0 Lyon. Un splendide soleil va briller et ce, tout au long de la matin\u00e9e. Les temp\u00e9ratures avoisineront les 17\u00b0C. Un vent de sud-est soufflera un peu, avec 11 km\/h. C&rsquo;est \u00e0 un ciel couvert de nuages qu&rsquo;il faudra s&rsquo;attendre demain apr\u00e8s-midi. Intemp\u00e9ries : on annonce des pluies \u00e9parses. Les valeurs seront comprises entre 15 et 21\u00b0C. Demain soir, toujours des nuages dans le ciel qui emp\u00eachent le soleil d&rsquo;appara\u00eetre. Le temps sera marqu\u00e9 par de la pluie. Une l\u00e9g\u00e8re brise de sud-est sera ressentie par les habitants.<\/p>\n<p>On s&rsquo;attend \u00e0 une d\u00e9gradation mardi, apr\u00e8s un jour nuageux lundi.<\/p>\n<p><\/p>\n","protected":false},"excerpt":{"rendered":"\u00c0 Lyon les valeurs iront de 8 \u00e0 21\u00b0C sur l&rsquo;ensemble de la journ\u00e9e. Un vent de sud-est&hellip;\n","protected":false},"author":2,"featured_media":88020,"comment_status":"","ping_status":"","sticky":false,"template":"","format":"standard","meta":{"footnotes":""},"categories":[1889],"tags":[1111,11,2430,1777,674,1011,27,2428,12,2119,25,2429,2431],"class_list":{"0":"post-88019","1":"post","2":"type-post","3":"status-publish","4":"format-standard","5":"has-post-thumbnail","7":"category-lyon","8":"tag-actu","9":"tag-actualites","10":"tag-auvergne-rhone-alpes","11":"tag-eu","12":"tag-europe","13":"tag-fr","14":"tag-france","15":"tag-lyon","16":"tag-news","17":"tag-previsions-meteo","18":"tag-republique-francaise","19":"tag-rhone","20":"tag-rhone-alpes"},"share_on_mastodon":{"url":"https:\/\/pubeurope.com\/@fr\/114480572262237688","error":""},"_links":{"self":[{"href":"https:\/\/www.europesays.com\/fr\/wp-json\/wp\/v2\/posts\/88019","targetHints":{"allow":["GET"]}}],"collection":[{"href":"https:\/\/www.europesays.com\/fr\/wp-json\/wp\/v2\/posts"}],"about":[{"href":"https:\/\/www.europesays.com\/fr\/wp-json\/wp\/v2\/types\/post"}],"author":[{"embeddable":true,"href":"https:\/\/www.europesays.com\/fr\/wp-json\/wp\/v2\/users\/2"}],"replies":[{"embeddable":true,"href":"https:\/\/www.europesays.com\/fr\/wp-json\/wp\/v2\/comments?post=88019"}],"version-history":[{"count":0,"href":"https:\/\/www.europesays.com\/fr\/wp-json\/wp\/v2\/posts\/88019\/revisions"}],"wp:featuredmedia":[{"embeddable":true,"href":"https:\/\/www.europesays.com\/fr\/wp-json\/wp\/v2\/media\/88020"}],"wp:attachment":[{"href":"https:\/\/www.europesays.com\/fr\/wp-json\/wp\/v2\/media?parent=88019"}],"wp:term":[{"taxonomy":"category","embeddable":true,"href":"https:\/\/www.europesays.com\/fr\/wp-json\/wp\/v2\/categories?post=88019"},{"taxonomy":"post_tag","embeddable":true,"href":"https:\/\/www.europesays.com\/fr\/wp-json\/wp\/v2\/tags?post=88019"}],"curies":[{"name":"wp","href":"https:\/\/api.w.org\/{rel}","templated":true}]}}