{"id":88029,"date":"2025-05-09T23:58:10","date_gmt":"2025-05-09T23:58:10","guid":{"rendered":"https:\/\/www.europesays.com\/fr\/88029\/"},"modified":"2025-05-09T23:58:10","modified_gmt":"2025-05-09T23:58:10","slug":"previsions-du-samedi-10-mai-2025-7","status":"publish","type":"post","link":"https:\/\/www.europesays.com\/fr\/88029\/","title":{"rendered":"pr\u00e9visions du samedi 10 mai 2025"},"content":{"rendered":"<p>\u00c0 Paris les valeurs seront comprises entre 8 et 23\u00b0C aujourd&rsquo;hui. Un splendide soleil va briller et ce, tout au long de la matin\u00e9e. Les temp\u00e9ratures seront de 16\u00b0C. Un vent d&rsquo;est soufflera un peu, avec 14 km\/h. Apr\u00e8s quelques passages nuageux, on pr\u00e9voit des \u00e9claircies pour cet apr\u00e8s-midi. Les temp\u00e9ratures vont conna\u00eetre une augmentation de plusieurs degr\u00e9s. Les valeurs s&rsquo;\u00e9chelonneront de 21 \u00e0 23\u00b0C. Le passage de samedi \u00e0 dimanche s&rsquo;effectuera sous un ciel d\u00e9pourvu de nuages.<\/p>\n<p>Demain, c&rsquo;est une hausse de quelques degr\u00e9s que vont enregistrer les temp\u00e9ratures dans la ville de Paris. On anticipe des valeurs d&rsquo;environ 18\u00b0C. Un vent de sud-est rafra\u00eechira quelque peu l&rsquo;atmosph\u00e8re. Le matin, un beau soleil rayonnera. Les nuages seront pr\u00e9sents demain apr\u00e8s-midi. La m\u00e9t\u00e9o sera marqu\u00e9e par des pluies \u00e9parses. D&rsquo;un autre c\u00f4t\u00e9, les temp\u00e9ratures vont conna\u00eetre une augmentation de quelques degr\u00e9s. Les valeurs seront de 21\u00b0C au minimum et de 23\u00b0C au plus haut. Il faudra \u00eatre pr\u00e9voyant demain soir : de petites averses auront lieu.<\/p>\n<p>\u00c0 la suite d&rsquo;une journ\u00e9e nuageuse lundi, on s&rsquo;attend \u00e0 une am\u00e9lioration mardi.<\/p>\n<p>Soyez prudent sur la route ! Les pr\u00e9visions m\u00e9t\u00e9orologiques n&rsquo;y \u00e9tant pas propices, reportez les longs d\u00e9placements, pensez \u00e0 rouler doucement et \u00e0 utiliser votre frein moteur.<\/p>\n","protected":false},"excerpt":{"rendered":"\u00c0 Paris les valeurs seront comprises entre 8 et 23\u00b0C aujourd&rsquo;hui. Un splendide soleil va briller et ce,&hellip;\n","protected":false},"author":2,"featured_media":88030,"comment_status":"","ping_status":"","sticky":false,"template":"","format":"standard","meta":{"footnotes":""},"categories":[1888],"tags":[11,1777,674,1011,27,662,12,626,2119,25],"class_list":{"0":"post-88029","1":"post","2":"type-post","3":"status-publish","4":"format-standard","5":"has-post-thumbnail","7":"category-paris","8":"tag-actualites","9":"tag-eu","10":"tag-europe","11":"tag-fr","12":"tag-france","13":"tag-ile-de-france","14":"tag-news","15":"tag-paris","16":"tag-previsions-meteo","17":"tag-republique-francaise"},"share_on_mastodon":{"url":"https:\/\/pubeurope.com\/@fr\/114480592156125593","error":""},"_links":{"self":[{"href":"https:\/\/www.europesays.com\/fr\/wp-json\/wp\/v2\/posts\/88029","targetHints":{"allow":["GET"]}}],"collection":[{"href":"https:\/\/www.europesays.com\/fr\/wp-json\/wp\/v2\/posts"}],"about":[{"href":"https:\/\/www.europesays.com\/fr\/wp-json\/wp\/v2\/types\/post"}],"author":[{"embeddable":true,"href":"https:\/\/www.europesays.com\/fr\/wp-json\/wp\/v2\/users\/2"}],"replies":[{"embeddable":true,"href":"https:\/\/www.europesays.com\/fr\/wp-json\/wp\/v2\/comments?post=88029"}],"version-history":[{"count":0,"href":"https:\/\/www.europesays.com\/fr\/wp-json\/wp\/v2\/posts\/88029\/revisions"}],"wp:featuredmedia":[{"embeddable":true,"href":"https:\/\/www.europesays.com\/fr\/wp-json\/wp\/v2\/media\/88030"}],"wp:attachment":[{"href":"https:\/\/www.europesays.com\/fr\/wp-json\/wp\/v2\/media?parent=88029"}],"wp:term":[{"taxonomy":"category","embeddable":true,"href":"https:\/\/www.europesays.com\/fr\/wp-json\/wp\/v2\/categories?post=88029"},{"taxonomy":"post_tag","embeddable":true,"href":"https:\/\/www.europesays.com\/fr\/wp-json\/wp\/v2\/tags?post=88029"}],"curies":[{"name":"wp","href":"https:\/\/api.w.org\/{rel}","templated":true}]}}