{"id":88035,"date":"2025-05-10T00:01:09","date_gmt":"2025-05-10T00:01:09","guid":{"rendered":"https:\/\/www.europesays.com\/fr\/88035\/"},"modified":"2025-05-10T00:01:09","modified_gmt":"2025-05-10T00:01:09","slug":"les-services-de-securite-arretent-deux-espions-hongrois-presumes-budapest-retorque","status":"publish","type":"post","link":"https:\/\/www.europesays.com\/fr\/88035\/","title":{"rendered":"les services de s\u00e9curit\u00e9 arr\u00eatent deux espions hongrois pr\u00e9sum\u00e9s, Budapest r\u00e9torque"},"content":{"rendered":"<p>Les services de s\u00e9curit\u00e9 ukrainiens (SBU) ont affirm\u00e9 vendredi avoir arr\u00eat\u00e9 deux espions hongrois pr\u00e9sum\u00e9s dans la r\u00e9gion de Transcarpatie (ouest), une premi\u00e8re sur fond de relations tendues entre les deux pays voisins.<\/p>\n<p class=\"fig-paragraph\">Les services de s\u00e9curit\u00e9\u00a0<a href=\"http:\/\/www.lefigaro.fr\/international\/les-drones-navals-ukrainiens-menacent-desormais-l-aviation-russe-20250505\" data-fig-type=\"Article\" data-gtm-custom-categorie=\"navigation\" data-gtm-custom-action=\"crossclick\" data-gtm-custom-label=\"Contextuel\" data-gtm-event=\"customEventSPE\" data-fig-domain=\"LEFIGARO\" rel=\"nofollow noopener\" target=\"_blank\">ukrainiens<\/a>\u00a0(SBU) ont affirm\u00e9 vendredi avoir arr\u00eat\u00e9 deux espions hongrois pr\u00e9sum\u00e9s dans la r\u00e9gion de Transcarpatie (ouest), une premi\u00e8re sur fond de relations tendues entre les deux pays voisins.<\/p>\n<p class=\"fig-paragraph\">La\u00a0<a href=\"http:\/\/www.lefigaro.fr\/international\/hongrie-a-moins-d-un-an-des-legislatives-viktor-orban-affaibli-par-le-gel-des-fonds-europeens-20250422\" data-fig-type=\"Article\" data-gtm-custom-categorie=\"navigation\" data-gtm-custom-action=\"crossclick\" data-gtm-custom-label=\"Contextuel\" data-gtm-event=\"customEventSPE\" data-fig-domain=\"LEFIGARO\" rel=\"nofollow noopener\" target=\"_blank\">Hongrie<\/a>\u00a0a rapidement r\u00e9agi en expulsant deux diplomates ukrainiens, les accusant d&rsquo;espionnage et d\u00e9non\u00e7ant \u00ables constantes campagnes de d\u00e9nigrement\u00bb de l&rsquo;Ukraine, qui, en repr\u00e9sailles, a ensuite annonc\u00e9 vendredi soir l&rsquo;expulsion de deux diplomates hongrois de son territoire.<\/p>\n<p class=\"fig-paragraph\">Plus t\u00f4t, sur\u00a0<a href=\"http:\/\/www.lefigaro.fr\/conjoncture\/telegram-franchit-le-milliard-d-utilisateurs-son-fondateur-tacle-whatsapp-20250320\" data-fig-type=\"Article\" data-gtm-custom-categorie=\"navigation\" data-gtm-custom-action=\"crossclick\" data-gtm-custom-label=\"Contextuel\" data-gtm-event=\"customEventSPE\" data-fig-domain=\"LEFIGARO\" rel=\"nofollow noopener\" target=\"_blank\">Telegram<\/a>, le SBU avait annonc\u00e9 avoir d\u00e9masqu\u00e9, \u00abpour la premi\u00e8re fois dans l&rsquo;histoire de l&rsquo;Ukraine\u00bb, \u00abun r\u00e9seau de renseignement militaire hongrois qui menait des activit\u00e9s d&rsquo;espionnage\u00bb, en disant avoir arr\u00eat\u00e9 \u00abdeux agents du r\u00e9seau des services sp\u00e9ciaux hongrois\u00bb. Selon le SBU, les \u00abespions\u00bb devaient recueillir des informations sur la situation dans cette r\u00e9gion, situ\u00e9e \u00e0 des centaines de kilom\u00e8tres de la ligne de front avec la Russie mais frontali\u00e8re de la Hongrie et o\u00f9 une centaine de milliers de personnes, selon des estimations, ont des passeports hongrois.<\/p>\n<p>Localisation de bases militaires<\/p>\n<p class=\"fig-paragraph\">Les suspects avaient notamment pour t\u00e2che de transmettre des informations sur la localisation de bases militaires et syst\u00e8mes de d\u00e9fense a\u00e9rienne ukrainiens, ainsi que de sonder l&rsquo;opinion publique sur un \u00e9ventuel d\u00e9ploiement d&rsquo;un contingent de maintien de la paix hongrois dans ce territoire, a affirm\u00e9 le SBU. Les deux suspects, un homme et une femme, tous les deux anciens militaires, \u00e9taient supervis\u00e9s par un \u00abofficier de carri\u00e8re du service de renseignement militaire hongrois\u00bb, selon le SBU.<\/p>\n<p class=\"fig-paragraph\">En repr\u00e9sailles, le ministre hongrois des Affaires \u00e9trang\u00e8res Peter Szijjarto a annonc\u00e9 l&rsquo;expulsion de \u00abdeux espions travaillant sous couverture diplomatique \u00e0 l&rsquo;ambassade d&rsquo;Ukraine \u00e0 Budapest\u00bb, dans une vid\u00e9o publi\u00e9e sur Facebook. Pour lui, cette affaire t\u00e9moigne d&rsquo;une \u00abpropagande ukrainienne qui s&rsquo;intensifie\u00bb \u00e0 l&rsquo;encontre de Budapest, au moment o\u00f9 le Premier ministre Viktor Orban s&rsquo;oppose \u00e0 l&rsquo;entr\u00e9e de l&rsquo;Ukraine dans l&rsquo;UE.<\/p>\n<p class=\"fig-paragraph\">Viktor Orban, qui entretient depuis des ann\u00e9es des relations compliqu\u00e9es avec Kiev, figure parmi les rares dirigeants europ\u00e9ens proches du Kremlin et fustige r\u00e9guli\u00e8rement les sanctions europ\u00e9ennes contre la Russie. Parall\u00e8lement, il est oppos\u00e9 \u00e0 toute aide militaire \u00e0 Kiev, qui se bat depuis 2022 contre l&rsquo;invasion russe, et \u00e0 son adh\u00e9sion \u00e0 l&rsquo;UE, tout en accusant son voisin de porter atteinte aux droits de la minorit\u00e9 hongroise.<\/p>\n","protected":false},"excerpt":{"rendered":"Les services de s\u00e9curit\u00e9 ukrainiens (SBU) ont affirm\u00e9 vendredi avoir arr\u00eat\u00e9 deux espions hongrois pr\u00e9sum\u00e9s dans la r\u00e9gion&hellip;\n","protected":false},"author":2,"featured_media":88036,"comment_status":"","ping_status":"","sticky":false,"template":"","format":"standard","meta":{"footnotes":""},"categories":[1590],"tags":[259,11,260,1777,674,14,261,12,262,220,7247],"class_list":{"0":"post-88035","1":"post","2":"type-post","3":"status-publish","4":"format-standard","5":"has-post-thumbnail","7":"category-ukraine","8":"tag-actualite-internationale","9":"tag-actualites","10":"tag-affaires-etrangeres","11":"tag-eu","12":"tag-europe","13":"tag-international","14":"tag-ministere-des-affaires-etrangeres","15":"tag-news","16":"tag-politique-etrangere","17":"tag-ukraine","18":"tag-viktor-orban"},"share_on_mastodon":{"url":"https:\/\/pubeurope.com\/@fr\/114480603775724640","error":""},"_links":{"self":[{"href":"https:\/\/www.europesays.com\/fr\/wp-json\/wp\/v2\/posts\/88035","targetHints":{"allow":["GET"]}}],"collection":[{"href":"https:\/\/www.europesays.com\/fr\/wp-json\/wp\/v2\/posts"}],"about":[{"href":"https:\/\/www.europesays.com\/fr\/wp-json\/wp\/v2\/types\/post"}],"author":[{"embeddable":true,"href":"https:\/\/www.europesays.com\/fr\/wp-json\/wp\/v2\/users\/2"}],"replies":[{"embeddable":true,"href":"https:\/\/www.europesays.com\/fr\/wp-json\/wp\/v2\/comments?post=88035"}],"version-history":[{"count":0,"href":"https:\/\/www.europesays.com\/fr\/wp-json\/wp\/v2\/posts\/88035\/revisions"}],"wp:featuredmedia":[{"embeddable":true,"href":"https:\/\/www.europesays.com\/fr\/wp-json\/wp\/v2\/media\/88036"}],"wp:attachment":[{"href":"https:\/\/www.europesays.com\/fr\/wp-json\/wp\/v2\/media?parent=88035"}],"wp:term":[{"taxonomy":"category","embeddable":true,"href":"https:\/\/www.europesays.com\/fr\/wp-json\/wp\/v2\/categories?post=88035"},{"taxonomy":"post_tag","embeddable":true,"href":"https:\/\/www.europesays.com\/fr\/wp-json\/wp\/v2\/tags?post=88035"}],"curies":[{"name":"wp","href":"https:\/\/api.w.org\/{rel}","templated":true}]}}