{"id":880382,"date":"2026-04-20T03:54:23","date_gmt":"2026-04-20T03:54:23","guid":{"rendered":"https:\/\/www.europesays.com\/fr\/880382\/"},"modified":"2026-04-20T03:54:23","modified_gmt":"2026-04-20T03:54:23","slug":"toulouse-une-gendarme-blesse-grievement-un-homme-qui-agressait-son-collegue-4","status":"publish","type":"post","link":"https:\/\/www.europesays.com\/fr\/880382\/","title":{"rendered":"Toulouse : Une gendarme blesse gri\u00e8vement un homme qui agressait son coll\u00e8gue"},"content":{"rendered":"<p class=\"mb-4 text-lg md:leading-8 break-words\"><strong>agression &#8211; La victime du tir est \u00e0 l\u2019h\u00f4pital en urgence absolue et ses jours sont compt\u00e9s<\/strong><\/p>\n<p class=\"mb-4 text-lg md:leading-8 break-words\"><a href=\"https:\/\/www.20minutes.fr\/dossier\/gendarmerie?at_medium=RSS%20feed&amp;at_campaign=ynews&amp;utm_source=yahoo&amp;utm_medium=rss&amp;utm_campaign=news_feed&amp;utm_content=in_article_link\" rel=\"nofollow noopener\" target=\"_blank\" data-ylk=\"slk:Une gendarme;elm:context_link;itc:0;sec:content-canvas\" data-yga=\"{&quot;yLinkElement&quot;:&quot;context_link&quot;,&quot;yModuleName&quot;:&quot;content-canvas&quot;,&quot;yLinkText&quot;:&quot;Une gendarme&quot;}\" class=\"link \">Une gendarme<\/a> a gravement bless\u00e9 samedi soir un homme pr\u00e8s de Toulouse, en tirant sur lui avec son <a href=\"https:\/\/www.20minutes.fr\/dossier\/armes?at_medium=RSS%20feed&amp;at_campaign=ynews&amp;utm_source=yahoo&amp;utm_medium=rss&amp;utm_campaign=news_feed&amp;utm_content=in_article_link\" rel=\"nofollow noopener\" target=\"_blank\" data-ylk=\"slk:arme de service;elm:context_link;itc:0;sec:content-canvas\" data-yga=\"{&quot;yLinkElement&quot;:&quot;context_link&quot;,&quot;yModuleName&quot;:&quot;content-canvas&quot;,&quot;yLinkText&quot;:&quot;arme de service&quot;}\" class=\"link \">arme de service<\/a> pour qu\u2019il cesse de frapper l\u2019un de ses coll\u00e8gues, a indiqu\u00e9 dimanche soir le parquet. \u00ab Touch\u00e9 au thorax \u00bb , puis \u00ab hospitalis\u00e9 en urgence absolue \u00bb, cet homme d\u2019une quarantaine d\u2019ann\u00e9es reste en r\u00e9animation et ses jours sont toujours en danger, explique dans un communiqu\u00e9 le <a href=\"https:\/\/www.20minutes.fr\/dossier\/procureur_de_la_republique?at_medium=RSS%20feed&amp;at_campaign=ynews&amp;utm_source=yahoo&amp;utm_medium=rss&amp;utm_campaign=news_feed&amp;utm_content=in_article_link\" rel=\"nofollow noopener\" target=\"_blank\" data-ylk=\"slk:procureur de la R\u00e9publique;elm:context_link;itc:0;sec:content-canvas\" data-yga=\"{&quot;yLinkElement&quot;:&quot;context_link&quot;,&quot;yModuleName&quot;:&quot;content-canvas&quot;,&quot;yLinkText&quot;:&quot;procureur de la R\u00e9publique&quot;}\" class=\"link \">procureur de la R\u00e9publique<\/a> de Toulouse, David Charmatz.<\/p>\n<p class=\"mb-4 text-lg md:leading-8 break-words\">Samedi soir, ces deux gendarmes se sont rendus au domicile de ce \u00ab mis en cause \u00bb pour \u00ab des faits de violences conjugales \u00bb, \u00e0 Escalquens, \u00e0 une quinzaine de kilom\u00e8tres au sud-est de Toulouse, pr\u00e9cise David Charmatz.<\/p>\n<p>Le fils de la victime du tir mis en garde \u00e0 vue<\/p>\n<p class=\"mb-4 text-lg md:leading-8 break-words\">A leur arriv\u00e9e, il a \u00ab pris \u00e0 partie \u00bb les gendarmes \u00ab verbalement, puis physiquement dans la cage d\u2019escalier de l\u2019immeuble, les contraignant \u00e0 reculer jusqu\u2019au rez-de-chauss\u00e9e o\u00f9 il les poursuivait \u00bb, ajoute-t-il.<\/p>\n<p class=\"mb-4 text-lg md:leading-8 break-words\">\u00ab L\u00e0, malgr\u00e9 l\u2019usage du pistolet \u00e0 impulsion \u00e9lectrique, il se ruait sur les gendarmes qui \u00e9taient bloqu\u00e9s dans le sas de sortie, empoignant et frappant l\u2019un d\u2019eux \u00e0 plusieurs reprises. Il continuait malgr\u00e9 les sommations \u00bb de la coll\u00e8gue du gendarme agress\u00e9, \u00ab ce qui la conduisait \u00e0 faire usage de son arme de service \u00bb, selon le communiqu\u00e9.<\/p>\n<p class=\"mb-4 text-lg md:leading-8 break-words\">Le fils de la victime du tir, \u00e2g\u00e9 de 15 ans, \u00ab qui a reconnu avoir particip\u00e9 aux violences \u00bb, a \u00e9t\u00e9 mis en garde \u00e0 vue dans un premier temps. Sa garde \u00e0 vue \u00ab a \u00e9t\u00e9 lev\u00e9e durant la nuit, compte tenu de la situation critique de (&#8230;)<\/p>\n<p class=\"mb-4 text-lg md:leading-8 break-words\"><a href=\"https:\/\/www.20minutes.fr\/societe\/4219098-20260419-toulouse-gendarme-blesse-grievement-homme-agressait-collegue?at_medium=RSS%20feed&amp;at_campaign=ynews&amp;utm_source=yahoo&amp;utm_medium=rss&amp;utm_campaign=news_feed&amp;utm_content=read_more_link&quot;\" rel=\"nofollow noopener\" target=\"_blank\" data-ylk=\"slk:Lire la suite sur 20minutes;elm:context_link;itc:0;sec:content-canvas\" data-yga=\"{&quot;yLinkElement&quot;:&quot;context_link&quot;,&quot;yModuleName&quot;:&quot;content-canvas&quot;,&quot;yLinkText&quot;:&quot;Lire la suite sur 20minutes&quot;}\" class=\"link \">Lire la suite sur 20minutes<\/a><\/p>\n<p>\u00c0 lire aussi :<br \/><a href=\"https:\/\/www.20minutes.fr\/faits_divers\/4217085-20260407-val-oise-homme-tue-frere-grievement-blesse-apres-bagarre-suivie-fusillade?at_medium=RSS%20feed&amp;at_campaign=ynews&amp;utm_source=yahoo&amp;utm_medium=rss&amp;utm_campaign=news_feed&amp;utm_content=related_content_link\" rel=\"nofollow noopener\" target=\"_blank\" data-ylk=\"slk:Val-d\u2019Oise : Un homme tu\u00e9 et son fr\u00e8re gri\u00e8vement bless\u00e9 apr\u00e8s une bagarre suivie d\u2019une fusillade;elm:context_link;itc:0;sec:content-canvas\" data-yga=\"{&quot;yLinkElement&quot;:&quot;context_link&quot;,&quot;yModuleName&quot;:&quot;content-canvas&quot;,&quot;yLinkText&quot;:&quot;Val-d\u2019Oise &quot;}\" class=\"link \">Val-d\u2019Oise : Un homme tu\u00e9 et son fr\u00e8re gri\u00e8vement bless\u00e9 apr\u00e8s une bagarre suivie d\u2019une fusillade<\/a><br \/><a href=\"https:\/\/www.20minutes.fr\/faits_divers\/4219038-20260418-castres-trentenaire-retrouve-mort-pleine-rue-enquete-ouverte?at_medium=RSS%20feed&amp;at_campaign=ynews&amp;utm_source=yahoo&amp;utm_medium=rss&amp;utm_campaign=news_feed&amp;utm_content=related_content_link\" rel=\"nofollow noopener\" target=\"_blank\" data-ylk=\"slk:Castres : Un trentenaire, retrouv\u00e9 mort en pleine rue, une enqu\u00eate ouverte;elm:context_link;itc:0;sec:content-canvas\" data-yga=\"{&quot;yLinkElement&quot;:&quot;context_link&quot;,&quot;yModuleName&quot;:&quot;content-canvas&quot;,&quot;yLinkText&quot;:&quot;Castres &quot;}\" class=\"link \">Castres : Un trentenaire, retrouv\u00e9 mort en pleine rue, une enqu\u00eate ouverte<\/a><\/p>\n","protected":false},"excerpt":{"rendered":"agression &#8211; La victime du tir est \u00e0 l\u2019h\u00f4pital en urgence absolue et ses jours sont compt\u00e9s Une&hellip;\n","protected":false},"author":2,"featured_media":880383,"comment_status":"","ping_status":"","sticky":false,"template":"","format":"standard","meta":{"footnotes":"","_share_on_mastodon":"0"},"categories":[2816],"tags":[1111,11,81789,1777,674,1011,27,19911,12,2680,3764,25,2312],"class_list":["post-880382","post","type-post","status-publish","format-standard","has-post-thumbnail","category-toulouse","tag-actu","tag-actualites","tag-david-charmatz","tag-eu","tag-europe","tag-fr","tag-france","tag-gendarme","tag-news","tag-occitanie","tag-procureur-de-la-republique","tag-republique-francaise","tag-toulouse"],"share_on_mastodon":{"url":"https:\/\/pubeurope.com\/@fr\/116435017251174291","error":""},"_links":{"self":[{"href":"https:\/\/www.europesays.com\/fr\/wp-json\/wp\/v2\/posts\/880382","targetHints":{"allow":["GET"]}}],"collection":[{"href":"https:\/\/www.europesays.com\/fr\/wp-json\/wp\/v2\/posts"}],"about":[{"href":"https:\/\/www.europesays.com\/fr\/wp-json\/wp\/v2\/types\/post"}],"author":[{"embeddable":true,"href":"https:\/\/www.europesays.com\/fr\/wp-json\/wp\/v2\/users\/2"}],"replies":[{"embeddable":true,"href":"https:\/\/www.europesays.com\/fr\/wp-json\/wp\/v2\/comments?post=880382"}],"version-history":[{"count":0,"href":"https:\/\/www.europesays.com\/fr\/wp-json\/wp\/v2\/posts\/880382\/revisions"}],"wp:featuredmedia":[{"embeddable":true,"href":"https:\/\/www.europesays.com\/fr\/wp-json\/wp\/v2\/media\/880383"}],"wp:attachment":[{"href":"https:\/\/www.europesays.com\/fr\/wp-json\/wp\/v2\/media?parent=880382"}],"wp:term":[{"taxonomy":"category","embeddable":true,"href":"https:\/\/www.europesays.com\/fr\/wp-json\/wp\/v2\/categories?post=880382"},{"taxonomy":"post_tag","embeddable":true,"href":"https:\/\/www.europesays.com\/fr\/wp-json\/wp\/v2\/tags?post=880382"}],"curies":[{"name":"wp","href":"https:\/\/api.w.org\/{rel}","templated":true}]}}