{"id":88039,"date":"2025-05-10T00:03:21","date_gmt":"2025-05-10T00:03:21","guid":{"rendered":"https:\/\/www.europesays.com\/fr\/88039\/"},"modified":"2025-05-10T00:03:21","modified_gmt":"2025-05-10T00:03:21","slug":"adolescence-la-serie-qui-secoue-le-royaume-unis","status":"publish","type":"post","link":"https:\/\/www.europesays.com\/fr\/88039\/","title":{"rendered":"Adolescence, la s\u00e9rie qui secoue le Royaume Unis"},"content":{"rendered":"<p>\u00ab\u00a0Adolescence\u00a0\u00bb fait parler et couler de l\u2019encre, des sph\u00e8res m\u00e9diatiques aux sph\u00e8res politiques. Thriller sur un f\u00e9minicide dont est accus\u00e9 un jeune ado de 13 ans, la mini-s\u00e9rie donne \u00e0 voir la fragilit\u00e9 des ados modernes face aux masculinistes et incels d\u2019Internet.<\/p>\n<p>\u00abLa s\u00e9rie t\u00e9l\u00e9vis\u00e9e que tous les parents devraient regarder\u00bb, ce sont les mots du Times pour qualifier la mini s\u00e9rie Adolescence. Cr\u00e9\u00e9e par Stephen Graham, Jack Thorne, diffus\u00e9e sur Netflix depuis le 13 mars, et bient\u00f4t \u00e0 Westminster ainsi que dans les \u00e9coles britanniques.<\/p>\n<p>Adolescence est un thriller bas\u00e9 sur un effroyable meurtre\u00a0: celui de Katie, jeune ado, violemment poignard\u00e9e. Jamie, accus\u00e9 de cet affreux f\u00e9minicide a 13 ans, c\u2019est un camarade de classe de Katie. Pourquoi aurait-il tu\u00e9 Katie ? C\u2019est la question qui guide les enqu\u00eateur\u00b7ices, qui obs\u00e8de le p\u00e8re du jeune gar\u00e7on, qui occuppe la psychologue\u2026 Une partie de la r\u00e9ponse se trouverait dans les contenus misogynes et masculinistes auquel Jamie aurait \u00e9t\u00e9 expos\u00e9 sur les r\u00e9seaux, lui comme tous ses camarades du coll\u00e8ge. <\/p>\n<p>L\u2019obscure th\u00e9orie du 80\/20<\/p>\n<p>Jamie, comme ses potes du coll\u00e8ge, parle des incels, des influenceurs d\u2019internet qui d\u00e9testent les femmes. Tous et toutes connaissent Andrew Tate, l\u2019une des figures des incels, qui r\u00e9pand \u00e0 l\u2019envie sa th\u00e9orie du 80\/20 selon laquelle 80% des femmes ne sont attir\u00e9es que par 20% des hommes seulement. Pour pr\u00e9parer sa s\u00e9rie, Jack Thorne raconte qu\u2019il a plong\u00e9 dans ces sph\u00e8res pendant six mois, il parle de \u201cprofondeurs obscures\u201d dont il est sorti terrifi\u00e9 \u00e0 l\u2019id\u00e9e que son fils de 8 ans puisse un jour entendre des discours pareils.<\/p>\n<\/p>\n<p>\u00c0 travers 4 \u00e9pisodes d\u2019une heure, tourn\u00e9s en 4 plans s\u00e9quence, Adolescence nous immerge dans les couloirs du commissariat, puis dans le coll\u00e8ge du petit gar\u00e7on, lors de son rendez-vous avec une psychologue et enfin dans la maison de famille.<\/p>\n<p>Adolescence souligne la fragilit\u00e9 des ados, et les nouvelles formes complexes que prennent les violences des rapports qu\u2019ils ont les un\u00b7es avec les autres. Les r\u00e9seaux sociaux regorgent de vid\u00e9os de masculinistes qui ont le plan en quelques \u00e9tapes pour devenir un m\u00e2le alpha (<a href=\"https:\/\/www.instagram.com\/reflechis_frere\/\" data-type=\"link\" data-id=\"https:\/\/www.instagram.com\/reflechis_frere\/\" target=\"_blank\" rel=\"noreferrer noopener nofollow\">le compte \u00ab\u00a0R\u00e9fl\u00e9chis fr\u00e8re\u00a0\u00bb s\u2019en est astucieusement amus\u00e9<\/a>). Ils deviennent coachs en s\u00e9duction, en musculation, en crypto monnaie et autres d\u00e9veloppements personnels. Des contenus qui peuvent \u00eatre pouss\u00e9s par l\u2019alogithme sous les yeux des jeunes adolescents, leur inculquant (consciemment ou non) une image patriarcale et violente des dynamiques de relations humaines.<\/p>\n<p>Interdire les r\u00e9seaux sociaux ? <\/p>\n<p>La mini-s\u00e9rie Adolescence fait r\u00e9fl\u00e9chir<b> <\/b>les britanniques, tr\u00e8s concr\u00e8tement m\u00eame : elle a raviv\u00e9 le d\u00e9bat sur l\u2019utilisation des t\u00e9l\u00e9phones par les jeunes. Le cr\u00e9ateur de la s\u00e9rie, lui, milite pour interdire les r\u00e9seaux sociaux aux moins de 16 ans, comme l\u2019a fait l\u2019Australie l\u2019ann\u00e9e derni\u00e8re. Les associations britanniques qui militent pour restreindre l\u2019acc\u00e8s des r\u00e9seaux sociaux aux enfants et adolescents ont d\u2019ailleurs depuis la diffusion de la s\u00e9rie re\u00e7u une vague de soutien et de dons. La France a saut\u00e9 un plus petit pas en interdisant les t\u00e9l\u00e9phones dans les \u00e9coles et coll\u00e8ges, depuis la rentr\u00e9e de 2024.<\/p>\n<p>Le r\u00f4le des parents : d\u00e9construire les dynamiques sexistes <\/p>\n<p>Au del\u00e0 de l\u2019interdiction, il y a (surtout?) l\u2019\u00e9ducation. Interrog\u00e9e par plusieurs m\u00e9dias, la chercheuse St\u00e9phanie Lamy, experte des mouvances masculinistes (autrice de \u00ab\u00a0La Terreur masculiniste\u00a0\u00bb) recommande de lutter contre l\u2019entre-soi masculin et son pendant qui est l\u2019effacement total de la perspective des femmes et des minorit\u00e9s. \u00c7a veut dire, re-faire exister pleinement les femmes. St\u00e9phanie Lamy explique qu\u2019il est essentiel que les parents d\u00e9construisent leurs propres dynamiques sexistes, car \u201cc\u2019est sur ce terreau que se construit le discours masculiniste.\u201d Elle pr\u00e9cise que la position des p\u00e8res est primordiale : \u201cils doivent s\u2019effacer et laisser les discours maternels prendre autant de place que les leurs\u201d.<\/p>\n<p>Enfin, elle conseille de laisser trainer des bouquins, des documentaires et d\u2019inciter ses ados \u00e0 signaler les contenus masculinistes <a href=\"https:\/\/www.nova.fr\/news\/abrege-soeur-le-compte-tiktok-qui-abrege-les-mascus-440223-24-03-2025\/\" data-type=\"link\" data-id=\"https:\/\/www.nova.fr\/news\/abrege-soeur-le-compte-tiktok-qui-abrege-les-mascus-440223-24-03-2025\/\" target=\"_blank\" rel=\"noreferrer noopener nofollow\">qu\u2019ils et elles pourraient croiser sur internet<\/a>.\u00a0C\u2019est comme \u00e7a que derni\u00e8rement, <a href=\"https:\/\/www.lesinrocks.com\/societe\/stephanie-lamy-cest-la-premiere-fois-quun-acte-masculiniste-est-qualifie-de-terroriste-par-la-justice-francaise-651752-20-02-2025\/\" data-type=\"link\" data-id=\"https:\/\/www.lesinrocks.com\/societe\/stephanie-lamy-cest-la-premiere-fois-quun-acte-masculiniste-est-qualifie-de-terroriste-par-la-justice-francaise-651752-20-02-2025\/\" target=\"_blank\" rel=\"noreferrer noopener nofollow\">un attentat incel a \u00e9t\u00e9 d\u00e9jou\u00e9 \u00e0 Annecy !<\/a> Le signalement Pharos a sans doute \u00e9t\u00e9 fait par un jeune qui trainait sur son t\u00e9l\u00e9phone.<\/p>\n<p>Adolescence bient\u00f4t diffus\u00e9e dans les \u00e9coles<\/p>\n<p>La mini-s\u00e9rie touche la presse, les parents, les profs, jusqu\u2019\u00e0 la sph\u00e8re politique\u00a0: devant le Parlement britannique, la d\u00e9put\u00e9e travailliste Anneliese Midgley a demand\u00e9 au Premier ministre s\u2019il soutenait l\u2019appel des cr\u00e9ateurs \u00e0 projeter leur s\u00e9rie au palais de Westminster et dans les \u00e9coles. Celui-ci a r\u00e9pondu positivement, expliquant qu\u2019il a regard\u00e9 la s\u00e9rie avec ses adolescents, et qu\u2019il souhaite sensibiliser les jeunes aux questions soci\u00e9tales que suscitent Adolescence.<\/p>\n<p>                                                            <script async src=\"\/\/www.instagram.com\/embed.js\"><\/script><\/p>\n","protected":false},"excerpt":{"rendered":"\u00ab\u00a0Adolescence\u00a0\u00bb fait parler et couler de l\u2019encre, des sph\u00e8res m\u00e9diatiques aux sph\u00e8res politiques. Thriller sur un f\u00e9minicide dont&hellip;\n","protected":false},"author":2,"featured_media":88040,"comment_status":"","ping_status":"","sticky":false,"template":"","format":"standard","meta":{"footnotes":""},"categories":[1588],"tags":[11,5215,16434,1777,674,19810,19811,127,12,473,1853,19812,5389,19813,5883,1851,1850,1852],"class_list":{"0":"post-88039","1":"post","2":"type-post","3":"status-publish","4":"format-standard","5":"has-post-thumbnail","7":"category-royaume-uni","8":"tag-actualites","9":"tag-adolescence","10":"tag-ados","11":"tag-eu","12":"tag-europe","13":"tag-incel","14":"tag-masculinistes","15":"tag-netflix","16":"tag-news","17":"tag-royaume-uni","18":"tag-royaume-uni-de-grande-bretagne-et-dirlande-du-nord","19":"tag-su00e9go-raffaitin","20":"tag-su00e9rie","21":"tag-tas-vu-lheure","22":"tag-thriller","23":"tag-uk","24":"tag-united-kingdom","25":"tag-united-kingdom-of-great-britain-and-northern-ireland"},"share_on_mastodon":{"url":"https:\/\/pubeurope.com\/@fr\/114480611758503765","error":""},"_links":{"self":[{"href":"https:\/\/www.europesays.com\/fr\/wp-json\/wp\/v2\/posts\/88039","targetHints":{"allow":["GET"]}}],"collection":[{"href":"https:\/\/www.europesays.com\/fr\/wp-json\/wp\/v2\/posts"}],"about":[{"href":"https:\/\/www.europesays.com\/fr\/wp-json\/wp\/v2\/types\/post"}],"author":[{"embeddable":true,"href":"https:\/\/www.europesays.com\/fr\/wp-json\/wp\/v2\/users\/2"}],"replies":[{"embeddable":true,"href":"https:\/\/www.europesays.com\/fr\/wp-json\/wp\/v2\/comments?post=88039"}],"version-history":[{"count":0,"href":"https:\/\/www.europesays.com\/fr\/wp-json\/wp\/v2\/posts\/88039\/revisions"}],"wp:featuredmedia":[{"embeddable":true,"href":"https:\/\/www.europesays.com\/fr\/wp-json\/wp\/v2\/media\/88040"}],"wp:attachment":[{"href":"https:\/\/www.europesays.com\/fr\/wp-json\/wp\/v2\/media?parent=88039"}],"wp:term":[{"taxonomy":"category","embeddable":true,"href":"https:\/\/www.europesays.com\/fr\/wp-json\/wp\/v2\/categories?post=88039"},{"taxonomy":"post_tag","embeddable":true,"href":"https:\/\/www.europesays.com\/fr\/wp-json\/wp\/v2\/tags?post=88039"}],"curies":[{"name":"wp","href":"https:\/\/api.w.org\/{rel}","templated":true}]}}