{"id":88043,"date":"2025-05-10T00:05:15","date_gmt":"2025-05-10T00:05:15","guid":{"rendered":"https:\/\/www.europesays.com\/fr\/88043\/"},"modified":"2025-05-10T00:05:15","modified_gmt":"2025-05-10T00:05:15","slug":"les-turons-font-une-halte-au-marche-de-leurope-a-tours","status":"publish","type":"post","link":"https:\/\/www.europesays.com\/fr\/88043\/","title":{"rendered":"Les Turons font une halte au march\u00e9 de l\u2019Europe, \u00e0 Tours"},"content":{"rendered":"<p>Jeudi 8\u00a0mai 2025, c\u2019est au son du carnyx que Civitas Turonorum ralliait ses troupes. Quelle meilleure fa\u00e7on d\u2019attirer les passants du march\u00e9 du Beffroi que le souffle puissant de cette trompe de guerre gauloise\u00a0?<\/p>\n<p>L\u2019association, pr\u00e9sid\u00e9e par Francis L\u00e9v\u00eaque, promeut la culture gallo-romaine et pr\u00e9sentait aux curieux ses activit\u00e9s de reconstitution historique, du tissage aux cartes de galons \u00e0 la poterie en passant par les lampes \u00e0 huile.<\/p>\n<p>En cette matin\u00e9e frisquette, point d\u2019atours l\u00e9gers mais de chaudes tenues gauloises en laine teint\u00e9e aux pigments naturels, confectionn\u00e9es par ces adh\u00e9rents entich\u00e9s de v\u00e9rit\u00e9 historique. Six places pour la cinqui\u00e8me \u00e9dition de Caesarodunum, sur le site de Marmoutier les 23 et 24\u00a0ao\u00fbt prochains, \u00e9taient mises en jeu. \u00ab\u00a0Cette ann\u00e9e, nous aurons un four plus complexe pour la cuisson de nos poteries et nous proposerons au public un spectacle th\u00e9\u00e2tral Le mariage de Pappus, une farce romaine\u00a0\u00bb, r\u00e9sume Julien Roy, vice-pr\u00e9sident de Civitas Turonorum.<\/p>\n","protected":false},"excerpt":{"rendered":"Jeudi 8\u00a0mai 2025, c\u2019est au son du carnyx que Civitas Turonorum ralliait ses troupes. Quelle meilleure fa\u00e7on d\u2019attirer&hellip;\n","protected":false},"author":2,"featured_media":88044,"comment_status":"","ping_status":"","sticky":false,"template":"","format":"standard","meta":{"footnotes":""},"categories":[1586],"tags":[11,1777,674,1011,27,1757,1393,12,5116,25,14827],"class_list":{"0":"post-88043","1":"post","2":"type-post","3":"status-publish","4":"format-standard","5":"has-post-thumbnail","7":"category-europe","8":"tag-actualites","9":"tag-eu","10":"tag-europe","11":"tag-fr","12":"tag-france","13":"tag-insolite","14":"tag-loisirs","15":"tag-news","16":"tag-quartiers","17":"tag-republique-francaise","18":"tag-tours-europe"},"share_on_mastodon":{"url":"https:\/\/pubeurope.com\/@fr\/114480619588831897","error":""},"_links":{"self":[{"href":"https:\/\/www.europesays.com\/fr\/wp-json\/wp\/v2\/posts\/88043","targetHints":{"allow":["GET"]}}],"collection":[{"href":"https:\/\/www.europesays.com\/fr\/wp-json\/wp\/v2\/posts"}],"about":[{"href":"https:\/\/www.europesays.com\/fr\/wp-json\/wp\/v2\/types\/post"}],"author":[{"embeddable":true,"href":"https:\/\/www.europesays.com\/fr\/wp-json\/wp\/v2\/users\/2"}],"replies":[{"embeddable":true,"href":"https:\/\/www.europesays.com\/fr\/wp-json\/wp\/v2\/comments?post=88043"}],"version-history":[{"count":0,"href":"https:\/\/www.europesays.com\/fr\/wp-json\/wp\/v2\/posts\/88043\/revisions"}],"wp:featuredmedia":[{"embeddable":true,"href":"https:\/\/www.europesays.com\/fr\/wp-json\/wp\/v2\/media\/88044"}],"wp:attachment":[{"href":"https:\/\/www.europesays.com\/fr\/wp-json\/wp\/v2\/media?parent=88043"}],"wp:term":[{"taxonomy":"category","embeddable":true,"href":"https:\/\/www.europesays.com\/fr\/wp-json\/wp\/v2\/categories?post=88043"},{"taxonomy":"post_tag","embeddable":true,"href":"https:\/\/www.europesays.com\/fr\/wp-json\/wp\/v2\/tags?post=88043"}],"curies":[{"name":"wp","href":"https:\/\/api.w.org\/{rel}","templated":true}]}}