{"id":88047,"date":"2025-05-10T00:07:08","date_gmt":"2025-05-10T00:07:08","guid":{"rendered":"https:\/\/www.europesays.com\/fr\/88047\/"},"modified":"2025-05-10T00:07:08","modified_gmt":"2025-05-10T00:07:08","slug":"le-pakistan-accuse-linde-davoir-tire-des-missiles-aux-portes-dislamabad","status":"publish","type":"post","link":"https:\/\/www.europesays.com\/fr\/88047\/","title":{"rendered":"Le Pakistan accuse l\u2019Inde d\u2019avoir tir\u00e9 des missiles aux portes d\u2019Islamabad"},"content":{"rendered":"<p>Peu avant l\u2019aube, ce samedi, plusieurs explosions ont retenti, dont l\u2019une pr\u00e8s de la capitale. Plusieurs bases a\u00e9riennes pakistanaises auraient \u00e9t\u00e9 prises pour cible.<\/p>\n<p class=\"fig-paragraph\">Le Pakistan a accus\u00e9 samedi 10 mai l\u2019Inde d\u2019avoir tir\u00e9 des missiles sur trois de ses bases a\u00e9riennes, dont une pr\u00e8s d\u2019Islamabad, alors que\u00a0<a href=\"http:\/\/www.lefigaro.fr\/international\/le-desir-de-sauver-la-face-est-decisif-des-deux-cotes-tout-comprendre-de-l-escalade-entre-l-inde-et-le-pakistan-20250508\" target=\"_blank\" data-fig-type=\"Article\" rel=\"noopener\" data-gtm-custom-categorie=\"navigation\" data-gtm-custom-action=\"crossclick\" data-gtm-custom-label=\"Contextuel\" data-gtm-event=\"customEventSPE\" data-fig-domain=\"LEFIGARO\">la pire confrontation entre les deux puissances<\/a>\u00a0nucl\u00e9aires depuis des d\u00e9cennies a d\u00e9j\u00e0 tu\u00e9 une cinquantaine de civils des deux camps. Peu avant l\u2019aube, alors que deux explosions venaient de retentir \u00e0 Islamabad et dans sa ville jumelle Rawalpindi, si\u00e8ge de l\u2019arm\u00e9e et du renseignement, le porte-parole de l\u2019arm\u00e9e pakistanaise est apparu \u00e0 la t\u00e9l\u00e9vision d\u2019\u00c9tat. \u00abL\u2019Inde a attaqu\u00e9 avec des missiles (&#8230;) les bases de Nour Khan, Mourid et Chorkot ont \u00e9t\u00e9 vis\u00e9es\u00bb, a-t-il dit. \u00abMaintenant, attendez notre r\u00e9ponse\u00bb, a-t-il conclu en anglais.<\/p>\n<p class=\"fig-paragraph\">Si Islamabad assure ne pas avoir encore men\u00e9 la \u00abriposte\u00bb qu\u2019il promet depuis des frappes indiennes mercredi, pour la deuxi\u00e8me soir\u00e9e cons\u00e9cutive, New Delhi a affirm\u00e9 avoir \u00e9t\u00e9 la cible d\u2019une vague d\u2019attaques de drones pakistanais au Cachemire et au Penjab, dans le nord-ouest de son territoire. Le chef de l\u2019ex\u00e9cutif du Cachemire, Omar Abdullah, a rapport\u00e9 des \u00abd\u00e9tonations intermittentes\u00bb \u00e0 Jammu. \u00abPlus d\u2019\u00e9lectricit\u00e9 maintenant. On entend des sir\u00e8nes dans la ville\u00bb, a-t-il \u00e9crit sur X.<\/p>\n<p>A\u00e9roports ferm\u00e9s<\/p>\n<p class=\"fig-paragraph\">Mercredi, l\u2019Inde avait men\u00e9 des frappes sur le sol pakistanais, en repr\u00e9sailles \u00e0 un attentat commis le 22 avril dans le Cachemire indien. L\u2019attaque qui a tu\u00e9 26 civils n\u2019a pas \u00e9t\u00e9 revendiqu\u00e9e mais l\u2019Inde accuse le Pakistan malgr\u00e9 ses d\u00e9n\u00e9gations. Depuis, les frappes de missiles, les tirs d\u2019artillerie et les attaques de drones se succ\u00e8dent alors que les deux voisins, rivaux depuis leur douloureuse partition en 1947, ignorent les appels \u00e0 la d\u00e9sescalade venus de l\u2019\u00e9tranger. L\u2019Inde a ferm\u00e9 24 a\u00e9roports et les m\u00e9dias locaux affirment que le trafic a\u00e9rien sera suspendu jusqu\u2019\u00e0 la semaine prochaine.<\/p>\n<p class=\"fig-paragraph\">Jeudi soir d\u00e9j\u00e0, l\u2019Inde avait rapport\u00e9 \u00abde multiples attaques\u00bb sur son territoire et des tirs d\u2019artillerie qui ont continu\u00e9 toute la nuit le long de la \u00abligne de contr\u00f4le\u00bb, la fronti\u00e8re de facto qui partage le Cachemire. Devant la presse, une porte-parole de l\u2019arm\u00e9e, Vyomika Singh, a d\u00e9crit des \u00abincursions (&#8230;) avec environ 300 \u00e0 400 drones\u00bb, selon elle toutes repouss\u00e9es. L\u2019officier a encore \u00e9voqu\u00e9 \u00abdes pertes et des bless\u00e9s\u00bb dans les deux camps, sans plus de pr\u00e9cision. L\u2019arm\u00e9e pakistanaise a pour sa part affirm\u00e9 avoir abattu 77 drones indiens depuis le d\u00e9but des hostilit\u00e9s. Les affirmations des deux camps sont impossibles \u00e0 v\u00e9rifier de source ind\u00e9pendante, notamment parce que de nombreuses zones sont inaccessibles.<\/p>\n<p class=\"fig-paragraph\">Les deux capitales n\u2019ont donn\u00e9 vendredi aucun signe d\u2019apaisement et continu\u00e9 \u00e0 se renvoyer la responsabilit\u00e9 des combats et des pertes civiles qu\u2019ils causent. Le centre de r\u00e9flexion International Crisis Group (ICG) s\u2019est inqui\u00e9t\u00e9 de \u00abla rh\u00e9torique belliqueuse, l\u2019agitation domestique et la logique jusqu\u2019au-boutiste de la surench\u00e8re\u00bb des deux voisins.<\/p>\n<p>\u00abNos vies ne valent rien\u00bb<\/p>\n<p class=\"fig-paragraph\">Si des deux c\u00f4t\u00e9s de la fronti\u00e8re, dirigeants et haut grad\u00e9s multiplient les menaces, les habitants, eux, enterrent leurs morts et tentent de reprendre le cours de leur vie sous la menace des bombardements. \u00abCe matin je suis venu au march\u00e9 pour trouver un peu de travail mais tout est ferm\u00e9\u00bb, d\u00e9plore aupr\u00e8s de l\u2019AFP Mohammed Lateef Bhat, un habitant d\u2019Uri, au Cachemire indien. \u00abJe vais rentrer les mains vides.\u00bb \u00abNos vies ne valent rien, \u00e0 tout moment, des familles enti\u00e8res peuvent dispara\u00eetre\u00bb, s\u2019inqui\u00e8te de son c\u00f4t\u00e9 Nassir Ahmed Khan, 50 ans, depuis son village proche de la Ligne de contr\u00f4le. \u00abNos enfants ne peuvent pas dormir et on ne peut pas partager un repas tranquillement.\u00bb Des dizaines de millions d\u2019enfants sont priv\u00e9s d\u2019\u00e9cole des deux c\u00f4t\u00e9s de la fronti\u00e8re.<\/p>\n<p class=\"fig-paragraph\">Vendredi, le chef de la diplomatie saoudienne, Adel Al-Jubeir a atterri sur la base de Nour Khan. Apr\u00e8s son rival iranien all\u00e9 \u00e0 Islamabad puis Delhi ces derniers jours, Ryad tente de pousser les deux voisins \u00e0 la \u00abd\u00e9sescalade\u00bb et cherche \u00e0 \u00ab\u0153uvrer pour r\u00e9soudre toutes les sujets de dispute par le dialogue et les voies diplomatiques\u00bb, selon un communiqu\u00e9 de la diplomatie saoudienne publi\u00e9 par l\u2019agence de presse officielle saoudienne (SPA).<\/p>\n<p class=\"fig-paragraph\">La confrontation entre les deux pays fait \u00e9galement rage sur le front de l\u2019information. L\u2019Inde a ordonn\u00e9 jeudi \u00e0 X de bloquer plus de 8.000 comptes, dont ceux de m\u00e9dias internationaux. Le r\u00e9seau social a dit s\u2019y \u00eatre conform\u00e9 \u00e0 contrec\u0153ur, d\u00e9non\u00e7ant une \u00abcensure\u00bb. New Delhi avait d\u00e9j\u00e0 exig\u00e9 l\u2019interdiction en Inde de plusieurs comptes de figures politiques, de c\u00e9l\u00e9brit\u00e9s ou de m\u00e9dias pakistanais.<\/p>\n","protected":false},"excerpt":{"rendered":"Peu avant l\u2019aube, ce samedi, plusieurs explosions ont retenti, dont l\u2019une pr\u00e8s de la capitale. Plusieurs bases a\u00e9riennes&hellip;\n","protected":false},"author":2,"featured_media":88048,"comment_status":"","ping_status":"","sticky":false,"template":"","format":"standard","meta":{"footnotes":""},"categories":[2],"tags":[259,11,260,1011,27,5595,14,261,12,14488,262,25],"class_list":{"0":"post-88047","1":"post","2":"type-post","3":"status-publish","4":"format-standard","5":"has-post-thumbnail","7":"category-actualites","8":"tag-actualite-internationale","9":"tag-actualites","10":"tag-affaires-etrangeres","11":"tag-fr","12":"tag-france","13":"tag-inde","14":"tag-international","15":"tag-ministere-des-affaires-etrangeres","16":"tag-news","17":"tag-pakistan","18":"tag-politique-etrangere","19":"tag-republique-francaise"},"share_on_mastodon":{"url":"https:\/\/pubeurope.com\/@fr\/114480627306227255","error":""},"_links":{"self":[{"href":"https:\/\/www.europesays.com\/fr\/wp-json\/wp\/v2\/posts\/88047","targetHints":{"allow":["GET"]}}],"collection":[{"href":"https:\/\/www.europesays.com\/fr\/wp-json\/wp\/v2\/posts"}],"about":[{"href":"https:\/\/www.europesays.com\/fr\/wp-json\/wp\/v2\/types\/post"}],"author":[{"embeddable":true,"href":"https:\/\/www.europesays.com\/fr\/wp-json\/wp\/v2\/users\/2"}],"replies":[{"embeddable":true,"href":"https:\/\/www.europesays.com\/fr\/wp-json\/wp\/v2\/comments?post=88047"}],"version-history":[{"count":0,"href":"https:\/\/www.europesays.com\/fr\/wp-json\/wp\/v2\/posts\/88047\/revisions"}],"wp:featuredmedia":[{"embeddable":true,"href":"https:\/\/www.europesays.com\/fr\/wp-json\/wp\/v2\/media\/88048"}],"wp:attachment":[{"href":"https:\/\/www.europesays.com\/fr\/wp-json\/wp\/v2\/media?parent=88047"}],"wp:term":[{"taxonomy":"category","embeddable":true,"href":"https:\/\/www.europesays.com\/fr\/wp-json\/wp\/v2\/categories?post=88047"},{"taxonomy":"post_tag","embeddable":true,"href":"https:\/\/www.europesays.com\/fr\/wp-json\/wp\/v2\/tags?post=88047"}],"curies":[{"name":"wp","href":"https:\/\/api.w.org\/{rel}","templated":true}]}}