{"id":88053,"date":"2025-05-10T00:10:12","date_gmt":"2025-05-10T00:10:12","guid":{"rendered":"https:\/\/www.europesays.com\/fr\/88053\/"},"modified":"2025-05-10T00:10:12","modified_gmt":"2025-05-10T00:10:12","slug":"pga-tour-thomas-detry-aux-portes-du-top-10-apres-le-premier-tour-en-pennsylvanie","status":"publish","type":"post","link":"https:\/\/www.europesays.com\/fr\/88053\/","title":{"rendered":"PGA Tour: Thomas Detry aux portes du top 10 apr\u00e8s le premier tour en Pennsylvanie"},"content":{"rendered":"<p class=\"ap-StoryElement ap-StoryElement--mb ap-StoryText\">Thomas Detry a remport\u00e9 cette saison l&rsquo;Open de Phoenix, son premier tournoi sur le circuit am\u00e9ricain PGA.<\/p>\n<p>Adrien Dumont de Chassart entame son parcours au-dessus du par au Myrtle Beach Classic<\/p>\n<p class=\"ap-StoryElement ap-StoryElement--mb ap-StoryText\">Adrien Dumont de Chassart a rentr\u00e9 une premi\u00e8re carte de 73, \u00e0 deux au-dessus du par, au Myrtle Beach Classic, une \u00e9preuve du PGA Tour de golf dot\u00e9e de 4 millions de dollars jeudi aux Etats-Unis.<\/p>\n<p class=\"ap-StoryElement ap-StoryElement--mb ap-StoryText\">Le Braban\u00e7on Wallon, 25 ans, a boucl\u00e9 son parcours avec certes deux birdies, mais avec aussi 4 bogeys ce qui le place en 108e position d&rsquo;un classement domin\u00e9 dix coups plus avant par le Canadien Hughes Mackenzie avec un total de 63.<\/p>\n<p class=\"ap-StoryElement ap-StoryElement--mb ap-StoryText\">Mackenzie devance d&rsquo;un coup un trio dans son sillage compos\u00e9 de l&rsquo;Irlandais Seamus Power, le Danois Thorbjorn Olesen et l&rsquo;Am\u00e9ricain Will Chandler.<\/p>\n","protected":false},"excerpt":{"rendered":"Thomas Detry a remport\u00e9 cette saison l&rsquo;Open de Phoenix, son premier tournoi sur le circuit am\u00e9ricain PGA. Adrien&hellip;\n","protected":false},"author":2,"featured_media":88054,"comment_status":"","ping_status":"","sticky":false,"template":"","format":"standard","meta":{"footnotes":""},"categories":[1418],"tags":[828,1011,27,1472,60],"class_list":{"0":"post-88053","1":"post","2":"type-post","3":"status-publish","4":"format-standard","5":"has-post-thumbnail","7":"category-golf","8":"tag-belgique","9":"tag-fr","10":"tag-france","11":"tag-golf","12":"tag-sports"},"share_on_mastodon":{"url":"","error":""},"_links":{"self":[{"href":"https:\/\/www.europesays.com\/fr\/wp-json\/wp\/v2\/posts\/88053","targetHints":{"allow":["GET"]}}],"collection":[{"href":"https:\/\/www.europesays.com\/fr\/wp-json\/wp\/v2\/posts"}],"about":[{"href":"https:\/\/www.europesays.com\/fr\/wp-json\/wp\/v2\/types\/post"}],"author":[{"embeddable":true,"href":"https:\/\/www.europesays.com\/fr\/wp-json\/wp\/v2\/users\/2"}],"replies":[{"embeddable":true,"href":"https:\/\/www.europesays.com\/fr\/wp-json\/wp\/v2\/comments?post=88053"}],"version-history":[{"count":0,"href":"https:\/\/www.europesays.com\/fr\/wp-json\/wp\/v2\/posts\/88053\/revisions"}],"wp:featuredmedia":[{"embeddable":true,"href":"https:\/\/www.europesays.com\/fr\/wp-json\/wp\/v2\/media\/88054"}],"wp:attachment":[{"href":"https:\/\/www.europesays.com\/fr\/wp-json\/wp\/v2\/media?parent=88053"}],"wp:term":[{"taxonomy":"category","embeddable":true,"href":"https:\/\/www.europesays.com\/fr\/wp-json\/wp\/v2\/categories?post=88053"},{"taxonomy":"post_tag","embeddable":true,"href":"https:\/\/www.europesays.com\/fr\/wp-json\/wp\/v2\/tags?post=88053"}],"curies":[{"name":"wp","href":"https:\/\/api.w.org\/{rel}","templated":true}]}}