{"id":88055,"date":"2025-05-10T00:12:09","date_gmt":"2025-05-10T00:12:09","guid":{"rendered":"https:\/\/www.europesays.com\/fr\/88055\/"},"modified":"2025-05-10T00:12:09","modified_gmt":"2025-05-10T00:12:09","slug":"comment-le-stade-francais-compte-sauver-sa-place-dans-lelite","status":"publish","type":"post","link":"https:\/\/www.europesays.com\/fr\/88055\/","title":{"rendered":"comment le Stade Fran\u00e7ais compte sauver sa place dans l\u2019\u00e9lite"},"content":{"rendered":"<p><strong>D\u00c9CRYPTAGE &#8211; <\/strong>Le club parisien se d\u00e9place ce samedi chez un concurrent direct pour le maintien, Perpignan. \u00c0 quatre journ\u00e9es de la fin de la saison r\u00e9guli\u00e8re, les Soldats roses tentent de se relever et d\u2019\u00e9viter le pire.<\/p>\n<p class=\"fig-paragraph\">Ne pas c\u00e9der au vertige, repousser \u00e0 l\u2019attraction du vide. Le Stade Fran\u00e7ais est assis au bord du gouffre \u00e0 l\u2019heure d\u2019aller\u00a0<a href=\"http:\/\/www.lefigaro.fr\/sports\/rugby\/top-14\/perpignan-stade-francais-a-quelle-heure-et-sur-quelle-chaine-suivre-le-match-de-la-peur-de-la-23e-journee-du-top-14-20250506\" data-fig-type=\"NewsFlash\" data-gtm-custom-categorie=\"navigation\" data-gtm-custom-action=\"crossclick\" data-gtm-custom-label=\"Contextuel\" data-gtm-event=\"customEventSPE\" data-fig-domain=\"LEFIGARO\" target=\"_blank\" rel=\"noopener\">d\u00e9fier Perpignan, ce samedi \u00e0 Aim\u00e9-Giral<\/a>. Les deux \u00e9quipes occupent la 13e place, un petit point devant la lanterne rouge, le promu Vannes. Une lutte \u00e0 trois pour \u00e9viter de terminer dernier (rel\u00e9gation directe) ou avant-dernier (barrage sur le terrain du finaliste malheureux de Pro D2). Pour \u00e9viter le pire.<\/p>\n<p class=\"fig-paragraph\">Des dirigeants aux supporters, en passant par le staff, la peur \u00e9treint. Quel serait l\u2019avenir du club parisien s\u2019il devait quitter l\u2019\u00e9lite pour la premi\u00e8re fois depuis son retour au sommet, en 1997\u00a0? Le propri\u00e9taire, l\u2019homme d\u2019affaires helv\u00e9tico-allemand Hans Peter Wild, continuera-t-il \u00e0 maintenir l\u2019\u00e9quipe en respiration artificielle\u00a0? Depuis que le richissime patron de Capri-Sun a repris le Stade Fran\u00e7ais, en 2017, il assure avoir d\u00fb injecter pr\u00e8s de 20 millions d\u2019euros par an. Sans le moindre r\u00e9sultat. Les espoirs n\u00e9s d\u2019une demi-finale la saison derni\u00e8re se sont fracass\u00e9s au fil du long chemin de croix de celle en cours.<\/p>\n<p class=\"fig-paragraph\">Les rumeurs font \u00e9tat d\u2019un pr\u00e9sident lass\u00e9, mais aussi irrit\u00e9. Par les bisbilles qui ont fait exploser le staff en cours de saison\u00a0: Karim Ghezal puis Laurent Labit ont \u00e9t\u00e9 remerci\u00e9s, la barre \u00e9tant confi\u00e9e \u00e0 l\u2019Anglais Paul Gustard (qui r\u00eaverait de partir \u00e0 Leicester en fin de saison\u2026). Par des joueurs \u00e0 la motivation \u00e0 double vitesse dans un effectif partag\u00e9 entre les historiques du club &#8211; qui ne \u00abveulent pas faire partie de la premi\u00e8re g\u00e9n\u00e9ration \u00e0 faire descendre le Stade Fran\u00e7ais en Pro D2\u00bb -, et les pi\u00e8ces rapport\u00e9es, qui touchent leurs salaires et attendent le verdict pour monnayer leur talent ailleurs (une quinzaine serait m\u00eame en fin de contrat et la p\u00e9pite L\u00e9o Barr\u00e9 aurait une clause d\u00e9part dans le sien en cas de rel\u00e9gation). En r\u00e9sum\u00e9, il y a de la g\u00eete \u00e0 tous les niveaux, et le navire parisien, en pleine temp\u00eate, pourrait sombrer corps et \u00e2me.<\/p>\n<blockquote class=\"fig-quote&#10;    \">\n<p class=\"fig-quote__text\">Certes on n\u2019a pas gagn\u00e9 \u00e0 l\u2019ext\u00e9rieur, mais \u00e7a ne veut pas dire que \u00e7a va \u00eatre impossible. \u00c7a sera une motivation pour nous de nous dire qu\u2019on est capable d\u2019aller chercher cette victoire \u00e0 l\u2019ext\u00e9rieur qui nous permettrait de sortir un peu la t\u00eate de l\u2019eau<\/p>\n<p>            Sekou Macalou\n    <\/p><\/blockquote>\n<p class=\"fig-paragraph\">\u00c9videmment, face aux micros, tout le monde dit l\u2019inverse. Enfin, ceux qui continuent \u00e0 s\u2019exprimer. Depuis quelques semaines, Julien Tastet, l\u2019entra\u00eeneur des avants (en partance lui aussi), est le pr\u00e9pos\u00e9 pour le staff. C\u00f4t\u00e9 joueurs, ce sont les Titis Sekou Macalou et Lester Etien qui r\u00e9p\u00e8tent en boucle que la prise de conscience est enfin survenue, que le d\u00e9clic est pour bient\u00f4t, que la situation n\u2019est pas si d\u00e9sesp\u00e9r\u00e9e.<\/p>\n<p class=\"fig-paragraph\">Elle l\u2019est pourtant devenue. En alignant trois d\u00e9faites cons\u00e9cutives (\u00e0 Montpellier, face \u00e0 Toulouse \u00e0 domicile,\u00a0<a href=\"http:\/\/www.lefigaro.fr\/sports\/rugby\/top-14\/top-14-humilie-par-le-racing-92-le-stade-francais-n-en-finit-plus-de-couler-20250427\" data-fig-type=\"NewsFlash\" data-gtm-custom-categorie=\"navigation\" data-gtm-custom-action=\"crossclick\" data-gtm-custom-label=\"Contextuel\" data-gtm-event=\"customEventSPE\" data-fig-domain=\"LEFIGARO\" target=\"_blank\" rel=\"noopener\">chez le voisin du Racing 92<\/a>), en conc\u00e9dant 114 points (38 de moyenne) lors de ces trois rencontres, en affichant toujours le m\u00eame sc\u00e9nario (dans le match jusqu\u2019\u00e0 la pause, effondrement total au retour des vestiaires), les Parisiens inqui\u00e8tent de plus en plus. Se bercent de grands mots \u2013 \u00abr\u00e9volte\u00bb, \u00abADN du club\u00bb, \u00abimpossible n\u2019est pas Paris\u00bb &#8211; sans se payer d\u2019actes.<\/p>\n<p class=\"fig-paragraph\">Cette semaine encore, on a assist\u00e9 aux m\u00eames \u00e9lans, aux m\u00eames promesses, vaines jusqu\u2019\u00e0 maintenant. Le Stade Fran\u00e7ais est en effet la plus mauvaise \u00e9quipe du Top 14 \u00e0 l\u2019ext\u00e9rieur\u00a0: aucune victoire et un minuscule point de bonus d\u00e9fensif ramen\u00e9 de Bretagne\u2026 Sekou Macalou \u00e9vacue la statistique. \u00abLa chance qu\u2019on a dans ce sport, c\u2019est que, chaque semaine, on peut se remettre en question. Certes on n\u2019a pas gagn\u00e9 \u00e0 l\u2019ext\u00e9rieur, mais \u00e7a ne veut pas dire que \u00e7a va \u00eatre impossible. \u00c7a sera une motivation pour nous de nous dire qu\u2019on est capable d\u2019aller chercher cette victoire \u00e0 l\u2019ext\u00e9rieur qui nous permettrait de sortir un peu la t\u00eate de l\u2019eau. On va s\u2019accrocher sur \u00e7a\u00a0: pour nous, rien n\u2019est impossible\u2026\u00bb<\/p>\n<p>\u00abLe mental est notre probl\u00e8me depuis le d\u00e9but de saison\u00bb<\/p>\n<p class=\"fig-paragraph\">Lester Etien va dans la m\u00eame direction, resserre le spectre. \u00abJ\u2019ai l\u2019impression que le mental est un peu notre probl\u00e8me depuis le d\u00e9but de saison. On a les joueurs pour, on a l\u2019\u00e9quipe pour, on a les infrastructures pour, mais c\u2019est mentalement qu\u2019on a un peu de mal. On sait qu\u2019on peut aller gagner \u00e0 Perpignan. Ce n\u2019est qu\u2019une question de mentalit\u00e9\u00bb, estime l\u2019ailier. Mais justement, cette bonne mentalit\u00e9, tous ses co\u00e9quipiers l\u2019ont-elles\u00a0? \u00abElle a vraiment chang\u00e9 depuis deux semaines, jure le Cristolien au Stade Fran\u00e7ais depuis 2018. C\u2019est notre r\u00f4le aux anciens que tout le monde se rende compte qu\u2019on n\u2019est pas loin de faire descendre le club et qu\u2019il faut se bouger\u2026\u00bb M\u00eame ceux qui s\u2019appr\u00eatent \u00e0 quitter le club\u00a0? \u00abHonn\u00eatement, on ne discute pas de \u00e7a pour l\u2019instant. On a tous des contrats diff\u00e9rents mais on est tous dans le m\u00eame bateau. Il reste un mois de comp\u00e9tition, on n\u2019est pas sur l\u2019apr\u00e8s\u00a0!\u00bb<\/p>\n<p class=\"fig-paragraph\">En tout cas, le moral est assez atteint &#8211; \u00abapr\u00e8s la d\u00e9faite contre le Racing, on a pass\u00e9 une semaine tr\u00e8s compliqu\u00e9e, la t\u00eate en bas\u00bb, avoue Macalou &#8211; et l\u2019heure suffisamment grave pour pousser Matthieu Blin, ex-talonneur embl\u00e9matique du club et d\u00e9sormais consultant en charge de la m\u00eal\u00e9e, \u00e0 mobiliser le canal historique pour revigorer la troupe. \u00abPas mal d\u2019anciens nous ont laiss\u00e9 des petits messages pour dire l\u2019importance du club, pour nous rappeler \u00e0 quelle place on \u00e9tait aujourd\u2019hui et qu\u2019il fallait changer totalement la mire. Mais que ce n\u2019\u00e9tait pas surtout pas fini, s\u2019empresse d\u2019ajouter Lester Etien. Que, jusqu\u2019au bout, il faut tout donner. C\u2019est un peu l\u2019ADN du Stade Fran\u00e7ais. Jusqu\u2019\u00e0 la derni\u00e8re journ\u00e9e, ce n\u2019est pas fini&#8230; \u00c7a met une petite pression, mais une pression positive. On sait qu\u2019on est suivi, support\u00e9, et \u00e7a fait du bien.\u00bb<\/p>\n<p class=\"fig-body-link\">\n            \u00c0 lire aussi<br \/>\n        <a class=\"fig-body-link__link\" href=\"http:\/\/www.lefigaro.fr\/sports\/rugby\/top-14\/top-14-recale-par-clermont-fair-play-christophe-mae-cinq-choses-a-savoir-sur-romain-briatte-le-capitaine-du-stade-francais-20250420\" data-fig-type=\"NewsFlash\" data-gtm-custom-categorie=\"navigation\" data-gtm-custom-action=\"crossclick\" data-gtm-custom-label=\"Contextuel\" data-gtm-event=\"customEventSPE\" data-fig-domain=\"LEFIGARO\" target=\"_blank\" rel=\"noopener\">Top 14\u00a0: recal\u00e9 par Clermont, fair-play, Christophe Ma\u00e9&#8230; Cinq choses \u00e0 savoir sur Romain Briatte, le \u00abphare\u00bb du Stade Fran\u00e7ais<br \/>\n    <\/a>\n<\/p>\n<p class=\"fig-paragraph\">Ce n\u2019est pas fini, c\u2019est vrai. \u00c0 condition de renouer au plus vite avec la victoire. Si possible d\u00e8s ce samedi chez un concurrent direct et dans une ar\u00e8ne bouillante. Une v\u00e9ritable finale pour le maintien\u00a0? \u00abNon, r\u00e9plique l\u2019ailier parisien. On n\u2019en est pas encore l\u00e0. Il reste trois matchs derri\u00e8re, dont deux \u00e0 la maison. Ce d\u00e9placement est hyper important mais ce n\u2019est pas le match de la mort. La saison ne se termine pas samedi.\u00bb M\u00eame son de cloches chez Sekou Maclou. \u00abChaque match sera une finale. Donc on va s\u2019accrocher jusqu\u2019au bout et on verra\u00bb, \u00e9vacue le troisi\u00e8me-ligne. \u00abIl en reste quatre, prolonge Julien Tastet. On ne peut pas uniquement se focaliser sur celui-ci. Dire si on le gagne, on est sauv\u00e9, si on le perd, la saison est finie, c\u2019est faux. Il faudra prendre des points \u00e0 chaque rencontre. Ce n\u2019est que la premi\u00e8re \u00e9tape dans notre qu\u00eate du maintien, face, il est vrai, \u00e0 un concurrent direct.\u00bb<\/p>\n<blockquote class=\"fig-quote&#10;    \">\n<p class=\"fig-quote__text\">On s\u2019est montr\u00e9 un peu plus exigeant sur certaines attitudes individuelles sur le terrain, dans les duels, dans les soutiens, mais en valorisant tout ce qu\u2019on fait de bien<\/p>\n<p>            Julien Tastet\n    <\/p><\/blockquote>\n<p class=\"fig-paragraph\">Quels ont \u00e9t\u00e9 les leviers activ\u00e9s, depuis deux semaines, pour tenter de renouer avec le succ\u00e8s\u00a0? Le jeu, la strat\u00e9gie ont-ils \u00e9volu\u00e9\u00a0? \u00abSi on fait la m\u00eame chose, on aura les m\u00eames r\u00e9sultats. On a donc chang\u00e9 2-3 choses \u00e0 l\u2019entra\u00eenement, pour trouver une autre dynamique. Mais on ne peut pas tout remettre en question \u00e0 quatre matchs de la fin\u00bb, r\u00e9sume Macalou. Le staff s\u2019est d\u2019ailleurs appliqu\u00e9 \u00e0 ne pas d\u00e9sesp\u00e9rer Billancourt. \u00abAvec une approche diff\u00e9rente, de mani\u00e8re constructive.\u00bb Plus m\u00e9thode Cou\u00e9 que reproches incessants. \u00abOn a eu une p\u00e9riode d\u2019\u00e9change pour comprendre les maux, explique Julien Tastet. On fait des choses bien mais on manque de constance. On a \u00e9tudi\u00e9 en particulier la probl\u00e9matique de la mi-temps. Comment \u00e9voluer pour repartir sur le m\u00eame niveau de performance apr\u00e8s la pause, car c\u2019est ce qui nous met en difficult\u00e9.\u00bb<\/p>\n<p class=\"fig-paragraph\">Le tout en veillant \u00e0 ne pas enfoncer un peu plus un groupe d\u00e9j\u00e0 atteint moralement. \u00abOn s\u2019efforce de valoriser encore plus toutes nos actions positives, de leur donner de la confiance afin qu\u2019ils expriment tout leur potentiel. On n\u2019a pas pris le parti d\u2019une s\u00e9ance vid\u00e9o d\u2019une heure o\u00f9 on gueule, o\u00f9 on pointe les responsabilit\u00e9s des joueurs. Au contraire, on leur a montr\u00e9 que, quand on respecte les r\u00f4les, qu\u2019on met de l\u2019intensit\u00e9, qu\u2019on est propre techniquement, on parvient \u00e0 mettre notre jeu en place et \u00e0 \u00eatre efficace. On s\u2019est juste montr\u00e9 un peu plus exigeant sur certaines attitudes individuelles sur le terrain, dans les duels, dans les soutiens, mais en valorisant tout ce qu\u2019on fait de bien\u2026\u00bb<\/p>\n<p class=\"fig-paragraph\">De la c\u00e2linoth\u00e9rapie pour esp\u00e9rer, enfin, ramener une victoire en d\u00e9placement. Tout en rappelant le pass\u00e9 agit\u00e9 d\u2019un Stade Fran\u00e7ais retrouvant ses vertus au pied du mur, dans la r\u00e9volte et un suppl\u00e9ment d\u2019\u00e2me quand la situation devient d\u00e9sesp\u00e9r\u00e9e. Le fameux ADN du club aux \u00e9clairs. \u00abJ\u2019esp\u00e8re que cette l\u00e9gende va continuer d\u2019exister, grimace plus que ne sourit Sekou Macalou. On ne dit pas non \u00e0 toutes ces petites croyances, on en a besoin\u2026 Mais on compte surtout sur le travail et les efforts qu\u2019on doit faire pour ne rien l\u00e2cher et nous remettre \u00e0 gagner.\u00bb<\/p>\n","protected":false},"excerpt":{"rendered":"D\u00c9CRYPTAGE &#8211; Le club parisien se d\u00e9place ce samedi chez un concurrent direct pour le maintien, Perpignan. \u00c0&hellip;\n","protected":false},"author":2,"featured_media":88056,"comment_status":"","ping_status":"","sticky":false,"template":"","format":"standard","meta":{"footnotes":""},"categories":[1416],"tags":[525,4590,1981,2313,814,1011,27,955,3464,4589,2311,1980,479,1468,2259,19814,60,2558,478,2310,2312,14988],"class_list":{"0":"post-88055","1":"post","2":"type-post","3":"status-publish","4":"format-standard","5":"has-post-thumbnail","7":"category-rugby","8":"tag-calendrier","9":"tag-championnat-france","10":"tag-classement","11":"tag-clermont","12":"tag-direct","13":"tag-fr","14":"tag-france","15":"tag-match","16":"tag-perpignan","17":"tag-phase-finale","18":"tag-racing","19":"tag-resultats","20":"tag-rugby","21":"tag-rugby-football","22":"tag-score","23":"tag-sekou-macalou","24":"tag-sports","25":"tag-stade-francais","26":"tag-top-14","27":"tag-toulon","28":"tag-toulouse","29":"tag-usap"},"share_on_mastodon":{"url":"https:\/\/pubeurope.com\/@fr\/114480646918498165","error":""},"_links":{"self":[{"href":"https:\/\/www.europesays.com\/fr\/wp-json\/wp\/v2\/posts\/88055","targetHints":{"allow":["GET"]}}],"collection":[{"href":"https:\/\/www.europesays.com\/fr\/wp-json\/wp\/v2\/posts"}],"about":[{"href":"https:\/\/www.europesays.com\/fr\/wp-json\/wp\/v2\/types\/post"}],"author":[{"embeddable":true,"href":"https:\/\/www.europesays.com\/fr\/wp-json\/wp\/v2\/users\/2"}],"replies":[{"embeddable":true,"href":"https:\/\/www.europesays.com\/fr\/wp-json\/wp\/v2\/comments?post=88055"}],"version-history":[{"count":0,"href":"https:\/\/www.europesays.com\/fr\/wp-json\/wp\/v2\/posts\/88055\/revisions"}],"wp:featuredmedia":[{"embeddable":true,"href":"https:\/\/www.europesays.com\/fr\/wp-json\/wp\/v2\/media\/88056"}],"wp:attachment":[{"href":"https:\/\/www.europesays.com\/fr\/wp-json\/wp\/v2\/media?parent=88055"}],"wp:term":[{"taxonomy":"category","embeddable":true,"href":"https:\/\/www.europesays.com\/fr\/wp-json\/wp\/v2\/categories?post=88055"},{"taxonomy":"post_tag","embeddable":true,"href":"https:\/\/www.europesays.com\/fr\/wp-json\/wp\/v2\/tags?post=88055"}],"curies":[{"name":"wp","href":"https:\/\/api.w.org\/{rel}","templated":true}]}}