{"id":88067,"date":"2025-05-10T00:19:09","date_gmt":"2025-05-10T00:19:09","guid":{"rendered":"https:\/\/www.europesays.com\/fr\/88067\/"},"modified":"2025-05-10T00:19:09","modified_gmt":"2025-05-10T00:19:09","slug":"dany-boon-victime-dun-accident-de-voiture-sur-lautoroute-a4","status":"publish","type":"post","link":"https:\/\/www.europesays.com\/fr\/88067\/","title":{"rendered":"Dany Boon victime d\u2019un accident de voiture sur l\u2019autoroute A4"},"content":{"rendered":"<p>\u00a0\u00bb<br \/>\n        data-script=\u00a0\u00bbhttps:\/\/static.lefigaro.fr\/widget-video\/short-ttl\/video\/index.js\u00a0\u00bb<br \/>\n    &gt;<\/p>\n<p>Le com\u00e9dien a \u00e9t\u00e9 pris en charge par les sapeurs-pompiers et les gendarmes de l\u2019autoroute. Il a \u00e9t\u00e9 transport\u00e9 \u00e0 l\u2019h\u00f4pital pour des examens de contr\u00f4le.<\/p>\n<p class=\"fig-paragraph\">Plus de peur que de mal pour l\u2019un des humoristes pr\u00e9f\u00e9r\u00e9s des Fran\u00e7ais. L\u2019acteur\u00a0<a href=\"http:\/\/www.lefigaro.fr\/theatre\/dany-boon-renoue-avec-la-scene-apres-sept-ans-de-disette-20250206\" data-fig-type=\"NewsFlash\" data-gtm-custom-categorie=\"navigation\" data-gtm-custom-action=\"crossclick\" data-gtm-custom-label=\"Contextuel\" data-gtm-event=\"customEventSPE\" data-fig-domain=\"LEFIGARO\" target=\"_blank\" rel=\"noopener\">Dany Boon<\/a>\u00a0(Bienvenue chez les Ch\u2019tis, Rien \u00e0 d\u00e9clarer&#8230;) a \u00e9t\u00e9 victime lundi d\u2019un accident de voiture sur l\u2019autoroute A4, \u00e0 hauteur de la commune de Varize (<a href=\"http:\/\/www.lefigaro.fr\/actualite-france\/la-chouette-d-or-a-ete-trouvee-en-moselle-20250502\" data-fig-type=\"NewsFlash\" data-gtm-custom-categorie=\"navigation\" data-gtm-custom-action=\"crossclick\" data-gtm-custom-label=\"Contextuel\" data-gtm-event=\"customEventSPE\" data-fig-domain=\"LEFIGARO\" target=\"_blank\" rel=\"noopener\">Moselle<\/a>), a appris Le Figaro de source polici\u00e8re ce vendredi 9 mai, confirmant une information du\u00a0<a href=\"https:\/\/www.republicain-lorrain.fr\/faits-divers-justice\/2025\/05\/09\/dany-boon-victime-d-un-accident-sur-l-autoroute-a4\" target=\"_blank\" rel=\"noopener\" data-gtm-custom-categorie=\"navigation\" data-gtm-custom-action=\"crossclick\" data-gtm-custom-label=\"Contextuel\" data-gtm-event=\"customEventSPE\">R\u00e9publicain Lorrain<\/a> .<\/p>\n<p class=\"fig-paragraph\">Le com\u00e9dien revenait d\u2019une sortie en famille au sein du parc d\u2019attractions allemand\u00a0<a href=\"http:\/\/www.lefigaro.fr\/societes\/europa-park-retrouve-son-titre-de-meilleur-parc-d-attractions-du-monde-20240908\" data-fig-type=\"NewsFlash\" data-gtm-custom-categorie=\"navigation\" data-gtm-custom-action=\"crossclick\" data-gtm-custom-label=\"Contextuel\" data-gtm-event=\"customEventSPE\" data-fig-domain=\"LEFIGARO\" target=\"_blank\" rel=\"noopener\">Europa Park<\/a>, quand il est entr\u00e9 en collision avec un autre v\u00e9hicule. Seul dans son v\u00e9hicule \u00e0 ce moment-l\u00e0, Dany Boon a \u00e9t\u00e9 tr\u00e8s l\u00e9g\u00e8rement bless\u00e9. Le ou les occupants de l\u2019autre v\u00e9hicule n\u2019ont pas \u00e9t\u00e9 s\u00e9rieusement bless\u00e9s.<\/p>\n<p class=\"fig-paragraph\">Le com\u00e9dien a toutefois \u00e9t\u00e9 pris en charge par les sapeurs-pompiers et les gendarmes de l\u2019autoroute. Il a \u00e9t\u00e9 transport\u00e9 \u00e0 l\u2019h\u00f4pital de Metz-Mercy, en Moselle, pour des examens de contr\u00f4le.<\/p>\n","protected":false},"excerpt":{"rendered":"\u00a0\u00bb data-script=\u00a0\u00bbhttps:\/\/static.lefigaro.fr\/widget-video\/short-ttl\/video\/index.js\u00a0\u00bb &gt; Le com\u00e9dien a \u00e9t\u00e9 pris en charge par les sapeurs-pompiers et les gendarmes de l\u2019autoroute.&hellip;\n","protected":false},"author":2,"featured_media":88068,"comment_status":"","ping_status":"","sticky":false,"template":"","format":"standard","meta":{"footnotes":""},"categories":[1359],"tags":[119,3694,271,2951,17146,58,3695,59,3696,118,1011,27,2825,1253,303,973,1072,2694,2949],"class_list":{"0":"post-88067","1":"post","2":"type-post","3":"status-publish","4":"format-standard","5":"has-post-thumbnail","7":"category-people","8":"tag-accident","9":"tag-affaires","10":"tag-crime","11":"tag-criminalite","12":"tag-dany-boon","13":"tag-divertissement","14":"tag-enquetes","15":"tag-entertainment","16":"tag-evenements","17":"tag-faits-divers","18":"tag-fr","19":"tag-france","20":"tag-insecurite","21":"tag-islamisme","22":"tag-justice","23":"tag-people","24":"tag-police","25":"tag-proces","26":"tag-violences"},"share_on_mastodon":{"url":"https:\/\/pubeurope.com\/@fr\/114480674544167772","error":""},"_links":{"self":[{"href":"https:\/\/www.europesays.com\/fr\/wp-json\/wp\/v2\/posts\/88067","targetHints":{"allow":["GET"]}}],"collection":[{"href":"https:\/\/www.europesays.com\/fr\/wp-json\/wp\/v2\/posts"}],"about":[{"href":"https:\/\/www.europesays.com\/fr\/wp-json\/wp\/v2\/types\/post"}],"author":[{"embeddable":true,"href":"https:\/\/www.europesays.com\/fr\/wp-json\/wp\/v2\/users\/2"}],"replies":[{"embeddable":true,"href":"https:\/\/www.europesays.com\/fr\/wp-json\/wp\/v2\/comments?post=88067"}],"version-history":[{"count":0,"href":"https:\/\/www.europesays.com\/fr\/wp-json\/wp\/v2\/posts\/88067\/revisions"}],"wp:featuredmedia":[{"embeddable":true,"href":"https:\/\/www.europesays.com\/fr\/wp-json\/wp\/v2\/media\/88068"}],"wp:attachment":[{"href":"https:\/\/www.europesays.com\/fr\/wp-json\/wp\/v2\/media?parent=88067"}],"wp:term":[{"taxonomy":"category","embeddable":true,"href":"https:\/\/www.europesays.com\/fr\/wp-json\/wp\/v2\/categories?post=88067"},{"taxonomy":"post_tag","embeddable":true,"href":"https:\/\/www.europesays.com\/fr\/wp-json\/wp\/v2\/tags?post=88067"}],"curies":[{"name":"wp","href":"https:\/\/api.w.org\/{rel}","templated":true}]}}