{"id":88073,"date":"2025-05-10T00:22:22","date_gmt":"2025-05-10T00:22:22","guid":{"rendered":"https:\/\/www.europesays.com\/fr\/88073\/"},"modified":"2025-05-10T00:22:22","modified_gmt":"2025-05-10T00:22:22","slug":"rebecca-a-evidemment-cache-tout-ca-a-eve-et-manu-emma-colberti-eve-devoile-lautre-visage-de-rebecca","status":"publish","type":"post","link":"https:\/\/www.europesays.com\/fr\/88073\/","title":{"rendered":"\u00ab\u00a0Rebecca a \u00e9videmment cach\u00e9 tout \u00e7a \u00e0 Eve et Manu\u00a0\u00bb, Emma Colberti (Eve) d\u00e9voile l&rsquo;autre visage de Rebecca"},"content":{"rendered":"<p>Depuis le d\u00e9but de la semaine dans Un si grand soleil sur France 3, la situation s&rsquo;est quelque peu tendue entre Manu (Mo\u00efse Santamaria), Eve (Emma Colberti) et Rebecca. Et les choses ne vont pas aller en s&rsquo;arrangeant ce vendredi 9 mai 2025.<\/p>\n<p>Dans Un si grand soleil sur France 3, Manu et Eve &#8211; interpr\u00e9t\u00e9s par <a href=\"https:\/\/www.programme-tv.net\/news\/series-tv\/376693-un-si-grand-soleil-ca-a-ete-un-peu-une-surprise-pour-moise-santamaria-et-moi-emma-colberti-eve-reagit-a-l-intrigue-du-trouple-entre-eve-manu-et-rebecca\/\" data-api-deeplink=\"teleloisirs:\/\/news\/376693\" rel=\"nofollow noopener\" target=\"_blank\">Mo\u00efse Santamaria et Emma Colberti, \u00e9tonn\u00e9s de cette intrigue<\/a> &#8211; se sont lanc\u00e9s dans une aventure \u00e0 trois avec la v\u00e9t\u00e9rinaire Rebecca. Cette exp\u00e9rience avait bien commenc\u00e9 mais elle a pris un autre tournant cette semaine quand Manu a d\u00e9couvert qu&rsquo;Eve et Rebecca s&rsquo;\u00e9taient vues sans lui. Le policier l&rsquo;a mal v\u00e9cu et se montre distant avec sa compagne. L&rsquo;histoire \u00e0 trois, aux <a href=\"https:\/\/www.programme-tv.net\/news\/series-tv\/376750-un-si-grand-soleil\/\" data-api-deeplink=\"teleloisirs:\/\/news\/376750\" rel=\"nofollow noopener\" target=\"_blank\">sc\u00e8nes intimes jou\u00e9es par des doublures<\/a>, est donc mise en suspend.<\/p>\n<p>Un si grand soleil : Ce qui vous attend dans l&rsquo;\u00e9pisode du vendredi 9 mai 2025<\/p>\n<p><b>ATTENTION SPOILERS<\/b> ! Ni lisez pas la suite si vous n&rsquo;avez pas vu l&rsquo;\u00e9pisode d&rsquo;<b>Un si grand soleil<\/b><b> <\/b>du 9 mai et que vous souhaitez garder la surprise en le regardant. Mardi, Nathanael, un client de la salle de sport, est mort sous les yeux de Manu. Le flic a ouvert une enqu\u00eate sur ce d\u00e9c\u00e8s, \u00e9tant donn\u00e9 que le jeune homme avait un taux \u00e9lev\u00e9 de st\u00e9ro\u00efdes dans le sang. Dans l&rsquo;\u00e9pisode d&rsquo;hier, Manu a trouv\u00e9 le num\u00e9ro de t\u00e9l\u00e9phone de Rebecca dans le portable de Nathanael et commenc\u00e9 \u00e0 faire des recherches sur la v\u00e9t\u00e9rinaire. Ce soir, Manu propose \u00e0 Eve de revoir Rebecca ensemble et de passer la soir\u00e9e avec elle. Au cours du d\u00eener, il interroge cette derni\u00e8re, mine de rien, sur sa relation avec Nathanael.<\/p>\n<p>                        Un si grand soleil : \u00ab\u00a0Cela va cr\u00e9er des tensions entre eux\u00a0\u00bb, Emma Colberti \u00e9voque la relation entre Eve et Manu<\/p>\n<p>Dans <a href=\"https:\/\/www.programme-tv.net\/news\/series-tv\/377460-je-trouve-chouette-que-janet-noue-un-lien-avec-une-autre-femme-tonya-kinzinger-un-si-grand-soleil-evoque-le-rapprochement-entre-alix-nadia-fossier-et-son-personnage\/\" data-api-deeplink=\"teleloisirs:\/\/news\/377460\" rel=\"nofollow noopener\" target=\"_blank\">Un si grand soleil, o\u00f9 Janet s&rsquo;est rapproch\u00e9e d&rsquo;Alix<\/a>, peu \u00e0 peu, le doute envahit Manu concernant Rebecca qui s&rsquo;est gard\u00e9e de d\u00e9voiler tous les pans de sa vie \u00e0 Eve et Manu. Le policier lance donc une enqu\u00eate sur <b>Rebecca <\/b>mais tout en discr\u00e9tion : \u00ab\u00a0En parall\u00e8le du trouple, il y a donc cette histoire et Manu ne va pas tout de suite en parler \u00e0 Eve. Cela va cr\u00e9er des tensions entre eux\u00a0\u00bb, nous a expliqu\u00e9 Emma Colberti. Manu s&rsquo;appr\u00eate \u00e0 d\u00e9couvrir un tout autre aspect de la vie de<b> Rebecca<\/b> : \u00ab\u00a0Elle a \u00e9videmment cach\u00e9 tout \u00e7a \u00e0 Eve et Manu\u00a0\u00bb, souligne Emma Colberti.<\/p>\n","protected":false},"excerpt":{"rendered":"Depuis le d\u00e9but de la semaine dans Un si grand soleil sur France 3, la situation s&rsquo;est quelque&hellip;\n","protected":false},"author":2,"featured_media":88074,"comment_status":"","ping_status":"","sticky":false,"template":"","format":"standard","meta":{"footnotes":""},"categories":[1356],"tags":[244,58,9764,59,1011,27,876,2173,9765,252,1364,9766],"class_list":{"0":"post-88073","1":"post","2":"type-post","3":"status-publish","4":"format-standard","5":"has-post-thumbnail","7":"category-television","8":"tag-commentaire","9":"tag-divertissement","10":"tag-emma-colberti","11":"tag-entertainment","12":"tag-fr","13":"tag-france","14":"tag-france-3","15":"tag-interview","16":"tag-mou00efse-santamaria","17":"tag-television","18":"tag-tv","19":"tag-un-si-grand-soleil"},"share_on_mastodon":{"url":"https:\/\/pubeurope.com\/@fr\/114480686341496405","error":""},"_links":{"self":[{"href":"https:\/\/www.europesays.com\/fr\/wp-json\/wp\/v2\/posts\/88073","targetHints":{"allow":["GET"]}}],"collection":[{"href":"https:\/\/www.europesays.com\/fr\/wp-json\/wp\/v2\/posts"}],"about":[{"href":"https:\/\/www.europesays.com\/fr\/wp-json\/wp\/v2\/types\/post"}],"author":[{"embeddable":true,"href":"https:\/\/www.europesays.com\/fr\/wp-json\/wp\/v2\/users\/2"}],"replies":[{"embeddable":true,"href":"https:\/\/www.europesays.com\/fr\/wp-json\/wp\/v2\/comments?post=88073"}],"version-history":[{"count":0,"href":"https:\/\/www.europesays.com\/fr\/wp-json\/wp\/v2\/posts\/88073\/revisions"}],"wp:featuredmedia":[{"embeddable":true,"href":"https:\/\/www.europesays.com\/fr\/wp-json\/wp\/v2\/media\/88074"}],"wp:attachment":[{"href":"https:\/\/www.europesays.com\/fr\/wp-json\/wp\/v2\/media?parent=88073"}],"wp:term":[{"taxonomy":"category","embeddable":true,"href":"https:\/\/www.europesays.com\/fr\/wp-json\/wp\/v2\/categories?post=88073"},{"taxonomy":"post_tag","embeddable":true,"href":"https:\/\/www.europesays.com\/fr\/wp-json\/wp\/v2\/tags?post=88073"}],"curies":[{"name":"wp","href":"https:\/\/api.w.org\/{rel}","templated":true}]}}