{"id":88078,"date":"2025-05-10T00:25:11","date_gmt":"2025-05-10T00:25:11","guid":{"rendered":"https:\/\/www.europesays.com\/fr\/88078\/"},"modified":"2025-05-10T00:25:11","modified_gmt":"2025-05-10T00:25:11","slug":"chikungunya-la-securite-du-vaccin-continue-a-poser-question-09-05-2025-a-1907","status":"publish","type":"post","link":"https:\/\/www.europesays.com\/fr\/88078\/","title":{"rendered":"Chikungunya: la s\u00e9curit\u00e9 du vaccin continue \u00e0 poser question &#8211; 09\/05\/2025 \u00e0 19:07"},"content":{"rendered":"<p>        <img fetchpriority=\"high\" decoding=\"async\" src=\"https:\/\/www.europesays.com\/fr\/wp-content\/uploads\/2025\/05\/0076ee6f6cc850fa18e6a85ad7d48652-760x507.jpg\" alt=\"Une soignante s'occupe de patients atteints du chikungunya au Centre Hospitalier Ouest R\u00e9union (CHOR) \u00e0 Saint Paul, sur l'\u00eele de La R\u00e9union, le 10 avril 2025 ( AFP \/ Richard BOUHET )\" loading=\"eager\" width=\"760\" height=\"507\" style=\"max-width: 100%!important; height: auto;\"\/><\/p>\n<p class=\"c-image-news__legend\">Une soignante s&rsquo;occupe de patients atteints du chikungunya au Centre Hospitalier Ouest R\u00e9union (CHOR) \u00e0 Saint Paul, sur l&rsquo;\u00eele de La R\u00e9union, le 10 avril 2025 ( AFP \/ Richard BOUHET )<\/p>\n<p>\n Une \u00e9pid\u00e9mie meurtri\u00e8re et un vaccin qui suscite des craintes: La R\u00e9union, durement frapp\u00e9e par le chikungunya, continue \u00e0 faire face \u00e0 une situation complexe, alors qu&rsquo;un second d\u00e9c\u00e8s potentiellement li\u00e9 au vaccin vient d&rsquo;\u00eatre signal\u00e9.\n<\/p>\n<p>\n \u00ab\u00a0Comment la dangerosit\u00e9 du vaccin n&rsquo;a-t-elle pas \u00e9t\u00e9 mieux \u00e9valu\u00e9e ?\u00a0\u00bb, s&rsquo;est insurg\u00e9e mercredi la s\u00e9natrice de La R\u00e9union, Evelyne Corbi\u00e8re Naminzo (groupe Communiste R\u00e9publicain Citoyen et \u00c9cologiste \u2013 Kanaky), lors des questions au gouvernement.\n<\/p>\n<p>\n \u00ab\u00a0Toutes les \u00e9tudes de s\u00e9curit\u00e9 ont \u00e9t\u00e9 faites. Je ne peux vous laisser dire que nous utilisons le peuple de La R\u00e9union comme cobaye\u00a0\u00bb, lui a r\u00e9torqu\u00e9 Yannick Neuder, ministre charg\u00e9 de la Sant\u00e9.\n<\/p>\n<p>\n Ce vif \u00e9change t\u00e9moigne des doutes autour du vaccin Ixchiq, d\u00e9velopp\u00e9 par le laboratoire franco-autrichien<br \/>\n <a href=\"https:\/\/www.boursorama.com\/cours\/1rPVLA\/\" rel=\"nofollow noopener\" target=\"_blank\"><br \/>\n  Valneva<br \/>\n <\/a><br \/>\n et qui a \u00e9t\u00e9 suspendu chez les plus de 65 ans apr\u00e8s le d\u00e9c\u00e8s fin avril d&rsquo;un octog\u00e9naire.\n<\/p>\n<p>\n Or, toujours mercredi, un deuxi\u00e8me d\u00e9c\u00e8s \u00e9tait \u00e9voqu\u00e9 par Valneva et par l&rsquo;Agence europ\u00e9enne du m\u00e9dicament (EMA), parmi les personnes \u00e2g\u00e9es ayant pr\u00e9sent\u00e9 des effets ind\u00e9sirables apr\u00e8s avoir re\u00e7u ce vaccin.\n<\/p>\n<p>\n Le premier cas concernait un homme de 84 ans qui a d\u00e9velopp\u00e9 une enc\u00e9phalite. Le second concernait un homme de 77 ans atteint de la maladie de Parkinson dont les difficult\u00e9s de d\u00e9glutition se sont aggrav\u00e9es et pourraient avoir provoqu\u00e9 une pneumonie par aspiration.\n<\/p>\n<p> &#8211; \u00ab\u00a0Evaluation approfondie\u00a0\u00bb &#8211;<\/p>\n<p>\n \u00ab\u00a0L\u2019imputabilit\u00e9 du premier d\u00e9c\u00e8s signal\u00e9 en lien avec la vaccination Ixchiq pour une personne de 84 ans a \u00e9t\u00e9 \u00e9valu\u00e9e comme tr\u00e8s vraisemblable\u00a0\u00bb, a pr\u00e9cis\u00e9 vendredi \u00e0 l&rsquo;AFP le centre de crises sanitaires du minist\u00e8re de la Sant\u00e9.\n<\/p>\n<p>        <img decoding=\"async\" src=\"https:\/\/www.europesays.com\/fr\/wp-content\/uploads\/2025\/05\/c3dc43daf7a7e7ec70aafececda5d109-760x507.jpg\" alt=\"Une bo\u00eete de vaccin IXCHIQ contre le chikungunya dans une pharmacie au d\u00e9but de la campagne de vaccination \u00e0 L'Etang Sale, le 7 avril 2025 sur l'\u00eele de La R\u00e9union ( AFP \/ Richard BOUHET )\" loading=\"eager\" width=\"760\" height=\"507\" style=\"max-width: 100%!important; height: auto;\"\/><\/p>\n<p class=\"c-image-news__legend\">Une bo\u00eete de vaccin IXCHIQ contre le chikungunya dans une pharmacie au d\u00e9but de la campagne de vaccination \u00e0 L&rsquo;Etang Sale, le 7 avril 2025 sur l&rsquo;\u00eele de La R\u00e9union ( AFP \/ Richard BOUHET )<\/p>\n<p>\n En revanche, la relation entre le vaccin et le second d\u00e9c\u00e8s mentionn\u00e9 par l&rsquo;EMA est consid\u00e9r\u00e9e comme \u00ab\u00a0douteuse\u00a0\u00bb par l\u2019Agence nationale de s\u00e9curit\u00e9 du m\u00e9dicament (ANSM) et le centre r\u00e9gional de pharmacovigilance, sur une \u00e9chelle d&rsquo;imputabilit\u00e9 comprenant cinq niveaux (tr\u00e8s vraisemblable &#8211; vraisemblable &#8211; plausible &#8211; douteuse &#8211; incompatible), selon cette source.\n<\/p>\n<p>\n Ce d\u00e9c\u00e8s \u00ab\u00a0n\u2019est donc pas comptabilis\u00e9\u00a0\u00bb dans le bilan actuel de Sant\u00e9 publique France (SpF), qui fait \u00e9tat de douze morts \u00ab\u00a0li\u00e9s au chikungunya\u00a0\u00bb depuis d\u00e9but 2025 sur cette \u00eele de l&rsquo;Oc\u00e9an indien, o\u00f9 elle observe une l\u00e9g\u00e8re baisse de l&rsquo;\u00e9pid\u00e9mie.\n<\/p>\n<p>\n Les investigations sur ces cas et les autres signalements de pharmacovigilance se poursuivent, selon le centre de crises sanitaires.\n<\/p>\n<p>\n Le temps de mener \u00ab\u00a0une \u00e9valuation approfondie\u00a0\u00bb de la balance b\u00e9n\u00e9fice\/risque, l&rsquo;EMA a d\u00e9cid\u00e9 de contre-indiquer l&rsquo;utilisation du vaccin pour les plus de 65 ans.\n<\/p>\n<p>\n Cette restriction d&rsquo;utilisation \u00e9tait d\u00e9j\u00e0 en vigueur depuis le 26 avril en France, apr\u00e8s trois \u00e9v\u00e9nements ind\u00e9sirables graves chez des personnes de plus de 80 ans pr\u00e9sentant des comorbidit\u00e9s, dont le premier d\u00e9c\u00e8s \u00e0 La R\u00e9union.\n<\/p>\n<p> &#8211; 40.000 doses dans le monde &#8211;<\/p>\n<p>\n Les autorit\u00e9s avaient initialement donn\u00e9 la priorit\u00e9 \u00e0 la vaccination des adultes \u00e2g\u00e9s de 65 ans et plus, en particulier ceux pr\u00e9sentant des comorbidit\u00e9s.\n<\/p>\n<p>\n Le vaccin est-il r\u00e9ellement en cause ? L&rsquo;EMA souligne que le motif des 17 cas d&rsquo;effets ind\u00e9sirables graves signal\u00e9s jusqu&rsquo;\u00e0 pr\u00e9sent chez des personnes \u00e2g\u00e9es de 62 \u00e0 89 ans ayant re\u00e7u le vaccin, et leur lien avec ce dernier \u00ab\u00a0n&rsquo;ont pas encore \u00e9t\u00e9 d\u00e9termin\u00e9s\u00a0\u00bb.\n<\/p>\n<p>        <img decoding=\"async\" src=\"https:\/\/www.europesays.com\/fr\/wp-content\/uploads\/2025\/05\/0274a5d33d5c1fbedddde0e7836b35ed-760x507.jpg\" alt=\"Des tests de d\u00e9pistage du chikungunya r\u00e9alis\u00e9s au laboratoire du centre hospitalier universitaire de Saint-Denis, sur l'\u00eele de La R\u00e9union, le 10 avril 2025 ( AFP \/ Richard BOUHET )\" loading=\"eager\" width=\"760\" height=\"507\" style=\"max-width: 100%!important; height: auto;\"\/><\/p>\n<p class=\"c-image-news__legend\">Des tests de d\u00e9pistage du chikungunya r\u00e9alis\u00e9s au laboratoire du centre hospitalier universitaire de Saint-Denis, sur l&rsquo;\u00eele de La R\u00e9union, le 10 avril 2025 ( AFP \/ Richard BOUHET )<\/p>\n<p>\n De son c\u00f4t\u00e9, Valneva continue d\u2019estimer que le rapport b\u00e9n\u00e9fice\/risque de son vaccin est \u00ab\u00a0positif pour la grande majorit\u00e9 des personnes potentiellement expos\u00e9es \u00e0 la maladie\u00a0\u00bb. \u00ab\u00a0La soci\u00e9t\u00e9 continuera \u00e0 surveiller tous les effets ind\u00e9sirables graves signal\u00e9s\u00a0\u00bb, assure-t-elle.\n<\/p>\n<p>\n Le s\u00e9rum Ixchiq est un vaccin vivant att\u00e9nu\u00e9 (il utilise une version affaiblie du virus) contre le chikungunya, une maladie infectieuse due \u00e0 un virus transmis par le moustique tigre qui provoque une forte fi\u00e8vre et des douleurs articulaires.\n<\/p>\n<p>\n Principalement destin\u00e9 aux personnes vivant ou voyageant dans des zones \u00e0 risque, il est approuv\u00e9 aux Etats-Unis depuis 2023 et dans l&rsquo;Union europ\u00e9enne depuis 2024. Cette ann\u00e9e, il a obtenu une autorisation de mise sur le march\u00e9 au Br\u00e9sil et au Royaume-Uni.\n<\/p>\n<p>\n \u00c0 ce jour, plus de 40.000 doses du vaccin ont \u00e9t\u00e9 utilis\u00e9es dans le monde, souligne Valneva.<\/p>\n","protected":false},"excerpt":{"rendered":"Une soignante s&rsquo;occupe de patients atteints du chikungunya au Centre Hospitalier Ouest R\u00e9union (CHOR) \u00e0 Saint Paul, sur&hellip;\n","protected":false},"author":2,"featured_media":88079,"comment_status":"","ping_status":"","sticky":false,"template":"","format":"standard","meta":{"footnotes":""},"categories":[10],"tags":[400,398,408,405,1011,27,72,403,402,399,404,71,401,406,407],"class_list":{"0":"post-88078","1":"post","2":"type-post","3":"status-publish","4":"format-standard","5":"has-post-thumbnail","7":"category-sante","8":"tag-action-cac-40","9":"tag-bourse-de-paris","10":"tag-boursorama","11":"tag-cotations","12":"tag-fr","13":"tag-france","14":"tag-health","15":"tag-indices-devises","16":"tag-investir","17":"tag-investissement","18":"tag-marche-boursier","19":"tag-sante","20":"tag-sicav","21":"tag-trackers","22":"tag-warrants"},"share_on_mastodon":{"url":"","error":""},"_links":{"self":[{"href":"https:\/\/www.europesays.com\/fr\/wp-json\/wp\/v2\/posts\/88078","targetHints":{"allow":["GET"]}}],"collection":[{"href":"https:\/\/www.europesays.com\/fr\/wp-json\/wp\/v2\/posts"}],"about":[{"href":"https:\/\/www.europesays.com\/fr\/wp-json\/wp\/v2\/types\/post"}],"author":[{"embeddable":true,"href":"https:\/\/www.europesays.com\/fr\/wp-json\/wp\/v2\/users\/2"}],"replies":[{"embeddable":true,"href":"https:\/\/www.europesays.com\/fr\/wp-json\/wp\/v2\/comments?post=88078"}],"version-history":[{"count":0,"href":"https:\/\/www.europesays.com\/fr\/wp-json\/wp\/v2\/posts\/88078\/revisions"}],"wp:featuredmedia":[{"embeddable":true,"href":"https:\/\/www.europesays.com\/fr\/wp-json\/wp\/v2\/media\/88079"}],"wp:attachment":[{"href":"https:\/\/www.europesays.com\/fr\/wp-json\/wp\/v2\/media?parent=88078"}],"wp:term":[{"taxonomy":"category","embeddable":true,"href":"https:\/\/www.europesays.com\/fr\/wp-json\/wp\/v2\/categories?post=88078"},{"taxonomy":"post_tag","embeddable":true,"href":"https:\/\/www.europesays.com\/fr\/wp-json\/wp\/v2\/tags?post=88078"}],"curies":[{"name":"wp","href":"https:\/\/api.w.org\/{rel}","templated":true}]}}