{"id":88080,"date":"2025-05-10T00:26:09","date_gmt":"2025-05-10T00:26:09","guid":{"rendered":"https:\/\/www.europesays.com\/fr\/88080\/"},"modified":"2025-05-10T00:26:09","modified_gmt":"2025-05-10T00:26:09","slug":"psg-lemotion-vive-de-david-ginola-rattrape-par-le-parc-ligue-des-champions","status":"publish","type":"post","link":"https:\/\/www.europesays.com\/fr\/88080\/","title":{"rendered":"PSG : l\u2019\u00e9motion vive de David Ginola, rattrap\u00e9 par le Parc &#8211; Ligue des Champions"},"content":{"rendered":"<p>Il est venu en consultant. Il est reparti le c\u0153ur chavir\u00e9, rattrap\u00e9 par son pass\u00e9. Pr\u00e9sent au bord de la pelouse pour Canal+ lors de la demi-finale retour de Ligue des Champions entre le PSG et Arsenal, <strong>David Ginola<\/strong> n\u2019a pas pu retenir son \u00e9motion au coup de sifflet final. Paris venait de se qualifier pour la finale de la Ligue des Champions.<\/p>\n<p>Le Parc \u00e9tait en fusion. Et lui, El Magnifico, s\u2019est laiss\u00e9 submerger. Ginola, le joueur qui a tant fait vibrer le Parc dans les ann\u00e9es 90, s\u2019est soudainement retrouv\u00e9 dans la peau d\u2019un simple supporter, rattrap\u00e9 par la passion brute. \u00ab J\u2019aurais tendance \u00e0 r\u00e9pondre \u00e0 vos questions tout de suite, mais l\u00e0\u2026 quand je regarde ces moments de liesse, je pense que c\u2019est le r\u00e9sultat d\u2019un long travail, d\u2019une phase d\u2019apprentissage avec Luis Enrique\u2026 \u00bb a-t-il lanc\u00e9, avant de marquer un temps, la gorge nou\u00e9e.<\/p>\n<p>Le silence en plateau a \u00e9t\u00e9 \u00e9loquent. C\u2019est Herv\u00e9 Mathoux qui a repris la parole pour lui laisser le temps de retrouver ses esprits. Mais Ginola n\u2019\u00e9tait pas seulement \u00e9mu : il \u00e9tait profond\u00e9ment touch\u00e9 par ce que repr\u00e9sente ce moment pour le PSG et son public. \u00ab Le Parc a \u00e9t\u00e9 fabuleux. Le public a r\u00e9pondu pr\u00e9sent. On savait que \u00e7a allait \u00eatre un match important, et les joueurs ont pu compter sur lui. C\u2019est un moment de partage. Le football offre rarement de tels moments. On y prend go\u00fbt. On a envie de les revivre tout le temps. Je suis \u00e9mu car c\u2019est un travail de longue haleine\u2026 Cela a \u00e9t\u00e9 tr\u00e8s compliqu\u00e9 pour en arriver l\u00e0. Je les f\u00e9licite. \u00bb<\/p>\n<p>L\u2019ancien attaquant est ensuite revenu sur le chemin parcouru par le PSG cette saison. Un parcours sem\u00e9 d\u2019emb\u00fbches, mais aussi d\u2019enseignements, qui a forg\u00e9 l\u2019\u00e9quipe de Luis Enrique. \u00ab Je remonterais bien plus loin\u2026 Ce match contre G\u00e9rone avec le but \u00e0 la derni\u00e8re seconde de Nuno Mendes. Tu prends trois points alors que tu n\u2019\u00e9tais pas bien. Le match contre le PSV Eindhoven aussi, o\u00f9 Paris n\u2019avait pas encore cette facilit\u00e9, cet esprit collectif qu\u2019on lui voit aujourd\u2019hui\u2026 Les progr\u00e8s entre ce premier match et cette demi-finale retour face \u00e0 Arsenal sont immenses. Il y a un monde d\u2019\u00e9cart. \u00bb Ce mercredi soir, Ginola a retrouv\u00e9 ce qu\u2019il avait laiss\u00e9 dans les entrailles du Parc des Princes : une partie de lui-m\u00eame. Et Paris, son Paris, lui a rendu cette \u00e9motion, intacte.<\/p>\n","protected":false},"excerpt":{"rendered":"Il est venu en consultant. Il est reparti le c\u0153ur chavir\u00e9, rattrap\u00e9 par son pass\u00e9. Pr\u00e9sent au bord&hellip;\n","protected":false},"author":2,"featured_media":88081,"comment_status":"","ping_status":"","sticky":false,"template":"","format":"standard","meta":{"footnotes":""},"categories":[9],"tags":[19822,14559,8842,19816,1011,27,19818,19820,153,5242,19819,19821,60,9867,19817],"class_list":{"0":"post-88080","1":"post","2":"type-post","3":"status-publish","4":"format-standard","5":"has-post-thumbnail","7":"category-sports","8":"tag-chavire","9":"tag-consultant","10":"tag-david","11":"tag-emotion","12":"tag-fr","13":"tag-france","14":"tag-ginola","15":"tag-magnifico","16":"tag-parc","17":"tag-passe","18":"tag-rattrape","19":"tag-reparti","20":"tag-sports","21":"tag-venu","22":"tag-vive"},"share_on_mastodon":{"url":"https:\/\/pubeurope.com\/@fr\/114480702011707624","error":""},"_links":{"self":[{"href":"https:\/\/www.europesays.com\/fr\/wp-json\/wp\/v2\/posts\/88080","targetHints":{"allow":["GET"]}}],"collection":[{"href":"https:\/\/www.europesays.com\/fr\/wp-json\/wp\/v2\/posts"}],"about":[{"href":"https:\/\/www.europesays.com\/fr\/wp-json\/wp\/v2\/types\/post"}],"author":[{"embeddable":true,"href":"https:\/\/www.europesays.com\/fr\/wp-json\/wp\/v2\/users\/2"}],"replies":[{"embeddable":true,"href":"https:\/\/www.europesays.com\/fr\/wp-json\/wp\/v2\/comments?post=88080"}],"version-history":[{"count":0,"href":"https:\/\/www.europesays.com\/fr\/wp-json\/wp\/v2\/posts\/88080\/revisions"}],"wp:featuredmedia":[{"embeddable":true,"href":"https:\/\/www.europesays.com\/fr\/wp-json\/wp\/v2\/media\/88081"}],"wp:attachment":[{"href":"https:\/\/www.europesays.com\/fr\/wp-json\/wp\/v2\/media?parent=88080"}],"wp:term":[{"taxonomy":"category","embeddable":true,"href":"https:\/\/www.europesays.com\/fr\/wp-json\/wp\/v2\/categories?post=88080"},{"taxonomy":"post_tag","embeddable":true,"href":"https:\/\/www.europesays.com\/fr\/wp-json\/wp\/v2\/tags?post=88080"}],"curies":[{"name":"wp","href":"https:\/\/api.w.org\/{rel}","templated":true}]}}