{"id":88086,"date":"2025-05-10T00:29:09","date_gmt":"2025-05-10T00:29:09","guid":{"rendered":"https:\/\/www.europesays.com\/fr\/88086\/"},"modified":"2025-05-10T00:29:09","modified_gmt":"2025-05-10T00:29:09","slug":"le-gouvernement-americain-pourrait-se-trouver-a-court-de-liquidites-au-mois-daout","status":"publish","type":"post","link":"https:\/\/www.europesays.com\/fr\/88086\/","title":{"rendered":"Le gouvernement am\u00e9ricain pourrait se trouver \u00e0 court de liquidit\u00e9s au mois d\u2019ao\u00fbt"},"content":{"rendered":"<p class=\"fig-paragraph\">Le gouvernement am\u00e9ricain pourrait se retrouver \u00e0 court de liquidit\u00e9s au mois d&rsquo;ao\u00fbt, faute de suspension ou de rel\u00e8vement du plafond de la dette par le\u00a0<a href=\"http:\/\/www.lefigaro.fr\/conjoncture\/donald-trump-met-la-pression-sur-le-congres-pour-faire-163-milliards-de-dollars-d-economies-20250502\" data-fig-type=\"NewsFlash\" data-gtm-custom-categorie=\"navigation\" data-gtm-custom-action=\"crossclick\" data-gtm-custom-label=\"Contextuel\" data-gtm-event=\"customEventSPE\" data-fig-domain=\"LEFIGARO\" target=\"_blank\" rel=\"noopener\">Congr\u00e8s<\/a>, a pr\u00e9venu vendredi le secr\u00e9taire au Tr\u00e9sor Scott Bessent.<\/p>\n<p class=\"fig-paragraph\">Dans une lettre adress\u00e9e au pr\u00e9sident de la Chambre des repr\u00e9sentants, le r\u00e9publicain\u00a0<a href=\"http:\/\/www.lefigaro.fr\/international\/election-du-speaker-au-congres-americain-mike-johnson-fervent-allie-de-trump-perd-un-premier-vote-20250103\" data-fig-type=\"NewsFlash\" data-gtm-custom-categorie=\"navigation\" data-gtm-custom-action=\"crossclick\" data-gtm-custom-label=\"Contextuel\" data-gtm-event=\"customEventSPE\" data-fig-domain=\"LEFIGARO\" target=\"_blank\" rel=\"noopener\">Mike Johnson<\/a>, le ministre a invit\u00e9 les \u00e9lus \u00e0 \u00e9carter ce risque par un texte vot\u00e9 avant les vacances parlementaires, qui d\u00e9butent le 24 juillet.<\/p>\n","protected":false},"excerpt":{"rendered":"Le gouvernement am\u00e9ricain pourrait se retrouver \u00e0 court de liquidit\u00e9s au mois d&rsquo;ao\u00fbt, faute de suspension ou de&hellip;\n","protected":false},"author":2,"featured_media":88087,"comment_status":"","ping_status":"","sticky":false,"template":"","format":"standard","meta":{"footnotes":""},"categories":[6],"tags":[1111,47,11,1109,35,1112,33,34,73,118,1108,107,1106,1107,1011,27,1110,1114,14,12,1113,316],"class_list":{"0":"post-88086","1":"post","2":"type-post","3":"status-publish","4":"format-standard","5":"has-post-thumbnail","7":"category-economie","8":"tag-actu","9":"tag-actualite","10":"tag-actualites","11":"tag-breves","12":"tag-business","13":"tag-depeches","14":"tag-economie","15":"tag-economy","16":"tag-etats-unis","17":"tag-faits-divers","18":"tag-fil","19":"tag-fil-info","20":"tag-flash","21":"tag-flash-actu","22":"tag-fr","23":"tag-france","24":"tag-informations","25":"tag-infos","26":"tag-international","27":"tag-news","28":"tag-nouvelles","29":"tag-politique"},"share_on_mastodon":{"url":"https:\/\/pubeurope.com\/@fr\/114480713831231920","error":""},"_links":{"self":[{"href":"https:\/\/www.europesays.com\/fr\/wp-json\/wp\/v2\/posts\/88086","targetHints":{"allow":["GET"]}}],"collection":[{"href":"https:\/\/www.europesays.com\/fr\/wp-json\/wp\/v2\/posts"}],"about":[{"href":"https:\/\/www.europesays.com\/fr\/wp-json\/wp\/v2\/types\/post"}],"author":[{"embeddable":true,"href":"https:\/\/www.europesays.com\/fr\/wp-json\/wp\/v2\/users\/2"}],"replies":[{"embeddable":true,"href":"https:\/\/www.europesays.com\/fr\/wp-json\/wp\/v2\/comments?post=88086"}],"version-history":[{"count":0,"href":"https:\/\/www.europesays.com\/fr\/wp-json\/wp\/v2\/posts\/88086\/revisions"}],"wp:featuredmedia":[{"embeddable":true,"href":"https:\/\/www.europesays.com\/fr\/wp-json\/wp\/v2\/media\/88087"}],"wp:attachment":[{"href":"https:\/\/www.europesays.com\/fr\/wp-json\/wp\/v2\/media?parent=88086"}],"wp:term":[{"taxonomy":"category","embeddable":true,"href":"https:\/\/www.europesays.com\/fr\/wp-json\/wp\/v2\/categories?post=88086"},{"taxonomy":"post_tag","embeddable":true,"href":"https:\/\/www.europesays.com\/fr\/wp-json\/wp\/v2\/tags?post=88086"}],"curies":[{"name":"wp","href":"https:\/\/api.w.org\/{rel}","templated":true}]}}