{"id":88096,"date":"2025-05-10T00:35:25","date_gmt":"2025-05-10T00:35:25","guid":{"rendered":"https:\/\/www.europesays.com\/fr\/88096\/"},"modified":"2025-05-10T00:35:25","modified_gmt":"2025-05-10T00:35:25","slug":"cine-debat-autour-du-film-rafiki","status":"publish","type":"post","link":"https:\/\/www.europesays.com\/fr\/88096\/","title":{"rendered":"Cin\u00e9-d\u00e9bat autour du film Rafiki"},"content":{"rendered":"<p>\u00c0 l\u2019occasion de la Journ\u00e9e mondiale contre l\u2019homophobie qui sera c\u00e9l\u00e9br\u00e9e le 17\u00a0mai, la transphobie et la biphobie\u00a0\u00bb, la Ville de Nancy propose la projection du film de Wanuri Kahiu, sorti en salle en 2018, suivie d\u2019un d\u00e9bat anim\u00e9 par l\u2019association \u00c9quinoxe.<\/p>\n<p>A\u0300 Nairobi, Kena et Ziki me\u0300nent deux vies de jeunes lyce\u0301ennes bien diffe\u0301rentes, mais cherchent chacune a\u0300 leur fac\u0327on a\u0300 poursuivre leurs re\u0302ves. Leurs chemins se croisent en pleine campagne e\u0301lectorale au cours de laquelle s\u2019affrontent leurs pe\u0300res respectifs. Attire\u0301es l\u2019une vers l\u2019autre dans une socie\u0301te\u0301 kenyane conservatrice, les deux jeunes femmes vont e\u0302tre contraintes de choisir entre amour et se\u0301curite\u0301.<\/p>\n<p class=\"note\">Projection aamedi 17\u00a0mai \u00e0 20\u00a0h, temps convivial d\u00e8s 19h30. Inscription gratuite sur cameo-nancy.fr<\/p>\n","protected":false},"excerpt":{"rendered":"\u00c0 l\u2019occasion de la Journ\u00e9e mondiale contre l\u2019homophobie qui sera c\u00e9l\u00e9br\u00e9e le 17\u00a0mai, la transphobie et la biphobie\u00a0\u00bb,&hellip;\n","protected":false},"author":2,"featured_media":88097,"comment_status":"","ping_status":"","sticky":false,"template":"","format":"standard","meta":{"footnotes":""},"categories":[9635],"tags":[1111,11,650,1687,1704,1777,674,1011,27,775,1702,1703,12,25],"class_list":{"0":"post-88096","1":"post","2":"type-post","3":"status-publish","4":"format-standard","5":"has-post-thumbnail","7":"category-nancy","8":"tag-actu","9":"tag-actualites","10":"tag-cinema","11":"tag-culture-loisirs","12":"tag-edition-nancy-et-agglomeration","13":"tag-eu","14":"tag-europe","15":"tag-fr","16":"tag-france","17":"tag-grand-est","18":"tag-nancy","19":"tag-nancy-ville-54b","20":"tag-news","21":"tag-republique-francaise"},"share_on_mastodon":{"url":"https:\/\/pubeurope.com\/@fr\/114480737390610401","error":""},"_links":{"self":[{"href":"https:\/\/www.europesays.com\/fr\/wp-json\/wp\/v2\/posts\/88096","targetHints":{"allow":["GET"]}}],"collection":[{"href":"https:\/\/www.europesays.com\/fr\/wp-json\/wp\/v2\/posts"}],"about":[{"href":"https:\/\/www.europesays.com\/fr\/wp-json\/wp\/v2\/types\/post"}],"author":[{"embeddable":true,"href":"https:\/\/www.europesays.com\/fr\/wp-json\/wp\/v2\/users\/2"}],"replies":[{"embeddable":true,"href":"https:\/\/www.europesays.com\/fr\/wp-json\/wp\/v2\/comments?post=88096"}],"version-history":[{"count":0,"href":"https:\/\/www.europesays.com\/fr\/wp-json\/wp\/v2\/posts\/88096\/revisions"}],"wp:featuredmedia":[{"embeddable":true,"href":"https:\/\/www.europesays.com\/fr\/wp-json\/wp\/v2\/media\/88097"}],"wp:attachment":[{"href":"https:\/\/www.europesays.com\/fr\/wp-json\/wp\/v2\/media?parent=88096"}],"wp:term":[{"taxonomy":"category","embeddable":true,"href":"https:\/\/www.europesays.com\/fr\/wp-json\/wp\/v2\/categories?post=88096"},{"taxonomy":"post_tag","embeddable":true,"href":"https:\/\/www.europesays.com\/fr\/wp-json\/wp\/v2\/tags?post=88096"}],"curies":[{"name":"wp","href":"https:\/\/api.w.org\/{rel}","templated":true}]}}