{"id":88098,"date":"2025-05-10T00:36:24","date_gmt":"2025-05-10T00:36:24","guid":{"rendered":"https:\/\/www.europesays.com\/fr\/88098\/"},"modified":"2025-05-10T00:36:24","modified_gmt":"2025-05-10T00:36:24","slug":"emmanuel-macron-et-donald-tusk-se-jurent-assistance-mutuelle-face-a-la-russie","status":"publish","type":"post","link":"https:\/\/www.europesays.com\/fr\/88098\/","title":{"rendered":"Emmanuel Macron et Donald Tusk se jurent \u00abassistance mutuelle\u00bb face \u00e0 la Russie"},"content":{"rendered":"<p>AFP Videos &#8211; France<\/p>\n<p><a class=\"Td(n) C($inherit) LineClamp(2,45px) D(f) rapidnofollow\" data-uuid=\"a7b6feb1-4121-398a-a806-a4a382b87730\" href=\"https:\/\/fr.news.yahoo.com\/macron-tusk-vont-sceller-alliance-122536927.html\" data-ylk=\"elm:hdln;itc:0;pos:1;sec:strm;subsec:moreforyou;cpos:17;ct:video;g:a7b6feb1-4121-398a-a806-a4a382b87730\" data-hosted-type=\"HOSTED\" target=\"_blank\" rel=\"noopener\">Macron et Tusk vont sceller une alliance renforc\u00e9e face \u00e0 la Russie<\/a><\/p>\n<p class=\"M(0) C($summaryColor) Fz(14px) Lh(1.43em) LineClamp(3,60px)\">Le pr\u00e9sident fran\u00e7ais Emmanuel Macron et le Premier ministre polonais Donald Tusk vont signer vendredi \u00e0 Nancy, dans l&rsquo;est de la France, un trait\u00e9 renfor\u00e7ant les liens de d\u00e9fense entre les deux pays face \u00e0 une Russie jug\u00e9e de plus en plus mena\u00e7ante apr\u00e8s d\u00e9j\u00e0 trois ans de guerre en Ukraine.Les deux dirigeants sont arriv\u00e9s dans la cit\u00e9 lorraine \u00e0 13H15 (11H15 GMT) pour signer un \u00ab\u00a0trait\u00e9 d&rsquo;amiti\u00e9 et de coop\u00e9ration renforc\u00e9e\u00a0\u00bb, signe du poids grandissant en Europe de la Pologne, acteur-cl\u00e9 sur le flanc est de l&rsquo;Otan.Ils se sont avanc\u00e9s vers la statue du roi Stanislas au milieu de la place \u00e9ponyme en saluant la foule align\u00e9e le long de la place derri\u00e8re des barri\u00e8res.\u00a0Les retrouvailles \u00e0 Nancy co\u00efncident avec la Journ\u00e9e de l&rsquo;Europe, qui c\u00e9l\u00e8bre cette ann\u00e9e les 75 ans de la construction europ\u00e9enne. A 2.600 kilom\u00e8tres de la Place Rouge o\u00f9 Vladimir Poutine a d\u00e9fi\u00e9 dans la matin\u00e9e les Occidentaux avec un imposant d\u00e9fil\u00e9 militaire pour les 80 ans de la victoire sur l&rsquo;Allemagne nazie.Avec en toile de fond la guerre en Ukraine qui, trois ans apr\u00e8s le d\u00e9but de l&rsquo;offensive russe, ne faiblit pas malgr\u00e9 la promesse de Donald Trump d&rsquo;y mettre fin. Et une menace de d\u00e9sengagement am\u00e9ricain qui pousse l&rsquo;Europe \u00e0 se r\u00e9armer massivement.Dans ce contexte, le trait\u00e9 va inclure une clause de d\u00e9fense mutuelle, qui \u00ab\u00a0ouvre la possibilit\u00e9 d&rsquo;une coop\u00e9ration\u00a0\u00bb en mati\u00e8re de dissuasion nucl\u00e9aire, avait annonc\u00e9 Donald Tusk avant de s&rsquo;envoler pour la France.\u00a0\u00bbLa diffusion nucl\u00e9aire fran\u00e7aise a une composante europ\u00e9enne, et dans ce trait\u00e9, c&rsquo;est une solidarit\u00e9 encore plus forte que nous scellons, qui permet de rendre op\u00e9rationnel ce qu&rsquo;il y a d\u00e9j\u00e0 dans l&rsquo;article 5 de l&rsquo;OTAN\u00a0\u00bb, a d\u00e9clar\u00e9 Emmanuel Macron sur la place Stanislas.\u00a0\u00bbCette clause de soutien mutuel en cas d&rsquo;agression contre l&rsquo;un de nos pays est l&rsquo;essence m\u00eame de ce trait\u00e9\u00a0\u00bb, s&rsquo;\u00e9tait f\u00e9licit\u00e9 le dirigeant polonais. \u00ab\u00a0En cas de menace, d&rsquo;attaque contre la Pologne, et la France, les deux pays s&rsquo;engagent \u00e0 fournir une assistance mutuelle, y compris une assistance militaire\u00a0\u00bb, avait-il pr\u00e9cis\u00e9.Les deux pays avaient d\u00e9j\u00e0 conclu un trait\u00e9 en 1991, alors que la Pologne sortait du glacis sovi\u00e9tique, apr\u00e8s la chute du Rideau de fer, mais moins ambitieux.- \u00ab\u00a0Partenaire n\u00e9glig\u00e9\u00a0\u00bb -Outre la d\u00e9fense, la coop\u00e9ration sera renforc\u00e9e dans les secteurs des infrastructures et l&rsquo;\u00e9nergie.Emmanuel Macron entend ainsi rehausser la relation avec Varsovie au niveau de celle d\u00e9j\u00e0 act\u00e9e avec l&rsquo;Allemagne, l&rsquo;Italie ou l&rsquo;Espagne \u00e0 travers les trait\u00e9s de l&rsquo;Elys\u00e9e (1963), du Quirinal (2021) et de Barcelone (2023).La Pologne est \u00ab\u00a0un partenaire que pendant trop longtemps (&#8230;) on a un peu n\u00e9glig\u00e9\u00a0\u00bb, a reconnu vendredi sur RTL le ministre fran\u00e7ais charg\u00e9 de l&rsquo;Europe Benjamin Haddad.Craignant la menace du grand voisin russe et soutien actif de l&rsquo;Ukraine, la Pologne, pays de quelque 38 millions d&rsquo;habitants, s&rsquo;est lanc\u00e9e dans un programme de modernisation acc\u00e9l\u00e9r\u00e9e de son arm\u00e9e et est devenue un acteur politique et militaire majeur en Europe.Jusqu&rsquo;ici tr\u00e8s d\u00e9pendante des Etats-Unis pour sa d\u00e9fense, elle est profond\u00e9ment \u00e9branl\u00e9e par le climat d&rsquo;incertitude g\u00e9n\u00e9r\u00e9 par les ambivalences de Donald Trump envers l&rsquo;Europe.Varsovie s&rsquo;int\u00e9resse particuli\u00e8rement \u00e0 l&rsquo;id\u00e9e fran\u00e7aise d&rsquo;un parapluie nucl\u00e9aire europ\u00e9en. Une proposition jug\u00e9e \u00ab\u00a0tr\u00e8s prometteuse\u00a0\u00bb par Donald Tusk en mars et qui retient aussi l&rsquo;attention de Berlin.- Coordination militaire -La France est le seul pays d&rsquo;Europe occidentale, avec le Royaume-Uni, dot\u00e9 de l&rsquo;arme nucl\u00e9aire. Les autres pays europ\u00e9ens membres de l&rsquo;Otan sont jusqu&rsquo;ici sous le parapluie de la dissuasion nucl\u00e9aire am\u00e9ricaine.Mais face aux remous transatlantiques, Emmanuel Macron s&rsquo;est dit pr\u00eat \u00e0 \u00ab\u00a0ouvrir le d\u00e9bat strat\u00e9gique sur la protection par notre dissuasion de nos alli\u00e9s du continent europ\u00e9en\u00a0\u00bb.Comme ses pr\u00e9d\u00e9cesseurs, il a relev\u00e9 \u00e0 plusieurs reprises que les int\u00e9r\u00eats vitaux de la France, \u00e0 la base de la doctrine de dissuasion, avaient une \u00ab\u00a0dimension europ\u00e9enne\u00a0\u00bb, qui pourrait donc inclure des pays voisins, voire au-del\u00e0.Paris esp\u00e8re, elle, renforcer la coordination militaire et diplomatique dans la r\u00e9gion, et ne plus laisser les Etats-Unis dominer le dialogue avec les Polonais.Elle mise aussi sur un nouveau march\u00e9 pour son industrie de d\u00e9fense au moment o\u00f9 Varsovie cherche \u00e0 se doter d&rsquo;avions de transport, d&rsquo;avions-ravitailleurs ou encore de sous-marins.Soucieux des symboles, Emmanuel Macron et Donald Tusk signeront ce nouveau trait\u00e9 dans un d\u00e9cor charg\u00e9 d&rsquo;histoire. Nancy fut la r\u00e9sidence du roi de Pologne Stanislas Leszczynski, devenu duc de Lorraine et beau-p\u00e8re du roi de France Louis XV apr\u00e8s avoir \u00e9t\u00e9 contraint \u00e0 l&rsquo;exil par les arm\u00e9es russe et autrichienne.vl-Dt\/far\/swi<\/p>\n","protected":false},"excerpt":{"rendered":"AFP Videos &#8211; France Macron et Tusk vont sceller une alliance renforc\u00e9e face \u00e0 la Russie Le pr\u00e9sident&hellip;\n","protected":false},"author":2,"featured_media":88099,"comment_status":"","ping_status":"","sticky":false,"template":"","format":"standard","meta":{"footnotes":""},"categories":[9635],"tags":[1111,11,19429,1073,1777,674,1011,27,775,19823,1702,12,3363,9962,25],"class_list":{"0":"post-88098","1":"post","2":"type-post","3":"status-publish","4":"format-standard","5":"has-post-thumbnail","7":"category-nancy","8":"tag-actu","9":"tag-actualites","10":"tag-donald-tusk","11":"tag-emmanuel-macron","12":"tag-eu","13":"tag-europe","14":"tag-fr","15":"tag-france","16":"tag-grand-est","17":"tag-murielle-paradon","18":"tag-nancy","19":"tag-news","20":"tag-premier-ministre","21":"tag-president-francais","22":"tag-republique-francaise"},"share_on_mastodon":{"url":"https:\/\/pubeurope.com\/@fr\/114480741285757023","error":""},"_links":{"self":[{"href":"https:\/\/www.europesays.com\/fr\/wp-json\/wp\/v2\/posts\/88098","targetHints":{"allow":["GET"]}}],"collection":[{"href":"https:\/\/www.europesays.com\/fr\/wp-json\/wp\/v2\/posts"}],"about":[{"href":"https:\/\/www.europesays.com\/fr\/wp-json\/wp\/v2\/types\/post"}],"author":[{"embeddable":true,"href":"https:\/\/www.europesays.com\/fr\/wp-json\/wp\/v2\/users\/2"}],"replies":[{"embeddable":true,"href":"https:\/\/www.europesays.com\/fr\/wp-json\/wp\/v2\/comments?post=88098"}],"version-history":[{"count":0,"href":"https:\/\/www.europesays.com\/fr\/wp-json\/wp\/v2\/posts\/88098\/revisions"}],"wp:featuredmedia":[{"embeddable":true,"href":"https:\/\/www.europesays.com\/fr\/wp-json\/wp\/v2\/media\/88099"}],"wp:attachment":[{"href":"https:\/\/www.europesays.com\/fr\/wp-json\/wp\/v2\/media?parent=88098"}],"wp:term":[{"taxonomy":"category","embeddable":true,"href":"https:\/\/www.europesays.com\/fr\/wp-json\/wp\/v2\/categories?post=88098"},{"taxonomy":"post_tag","embeddable":true,"href":"https:\/\/www.europesays.com\/fr\/wp-json\/wp\/v2\/tags?post=88098"}],"curies":[{"name":"wp","href":"https:\/\/api.w.org\/{rel}","templated":true}]}}