{"id":88104,"date":"2025-05-10T00:40:12","date_gmt":"2025-05-10T00:40:12","guid":{"rendered":"https:\/\/www.europesays.com\/fr\/88104\/"},"modified":"2025-05-10T00:40:12","modified_gmt":"2025-05-10T00:40:12","slug":"lequipe-parisienne-annoncee-avec-mbaye-lee-et-ramos","status":"publish","type":"post","link":"https:\/\/www.europesays.com\/fr\/88104\/","title":{"rendered":"L&rsquo;\u00e9quipe parisienne annonc\u00e9e avec Mbaye, Lee et Ramos"},"content":{"rendered":"<p><strong>Ce samedi, le Paris Saint-Germain (1er) affronte <b>Montpellier <\/b>(18e) au <b>Stade de la Mosson<\/b> pour le compte de la <a href=\"https:\/\/www.parisfans.fr\/autour-du-psg\/ligue-1-calendrier-et-diffusion-de-la-33e-journee-montpellier-psg-le-10-mai-781517.html\" target=\"_blank\" rel=\"noopener nofollow\">33e journ\u00e9e de Ligue 1 2024-2025<\/a> (coup d\u2019envoi \u00e0 21h, diffusion sur DAZN). A la veille du match, Le Parisien a avanc\u00e9 une \u00e9quipe parisienne probable.<\/strong><\/p>\n<p style=\"text-align: center;\">Barcola \u2013 Ramos \u2013 Mbaye<\/p>\n<p style=\"text-align: center;\">Mayulu \u2013 Lee \u2013 Za\u00efre-Emery<\/p>\n<p style=\"text-align: center;\">Hernandez \u2013 Beraldo \u2013 Tape \u2013 Neves<\/p>\n<p style=\"text-align: center;\">Safonov.<\/p>\n<p>C\u2019est une \u00e9quipe bien possible, avec une rotation certaine puisque le PSG a d\u00e9j\u00e0 annonc\u00e9 la mise au repos de plusieurs cadres qui \u00e9taient titulaires mercredi soir contre Arsenal en demi-finale retour de la Ligue des Champions. D\u2019autres devraient se d\u00e9placer, mais sans d\u00e9marrer cette rencontre dont l\u2019enjeu est tr\u00e8s limit\u00e9 (Paris est d\u00e9j\u00e0 champion, Montpellier finira 18e).<\/p>\n<p>On peut s\u2019attendre \u00e0 une composition parisienne proche de celle qui s\u2019est d\u00e9plac\u00e9e samedi dernier \u00e0 Strasbourg, avec l\u2019envie de marquer des points en vue des finales \u00e0 jouer prochainement (le 24 mai en Coupe de France contre Reims et le 31 mai en Ligue des Champions face \u00e0 l\u2019Inter Milan).<\/p>\n<p>\t\t\t\t\t\t\t\t\t\t\t\t\t\t\t\t\t\t\t\t\t\t\t<img loading=\"lazy\" src=\"https:\/\/www.europesays.com\/fr\/wp-content\/uploads\/2025\/04\/ParisFans_Logo.png\" decoding=\"async\" class=\"lazyload\" width=\"240\" height=\"54\" data-eio-rwidth=\"240\" data-eio-rheight=\"54\"\/><\/p>\n","protected":false},"excerpt":{"rendered":"Ce samedi, le Paris Saint-Germain (1er) affronte Montpellier (18e) au Stade de la Mosson pour le compte de&hellip;\n","protected":false},"author":2,"featured_media":88105,"comment_status":"","ping_status":"","sticky":false,"template":"","format":"standard","meta":{"footnotes":""},"categories":[9599],"tags":[17010,1111,11,3984,2263,1777,674,12887,1011,27,2705,66,2208,17012,12,2680,25,9003,96],"class_list":{"0":"post-88104","1":"post","2":"type-post","3":"status-publish","4":"format-standard","5":"has-post-thumbnail","7":"category-montpellier","8":"tag-33e-journee","9":"tag-actu","10":"tag-actualites","11":"tag-composition","12":"tag-equipe","13":"tag-eu","14":"tag-europe","15":"tag-forfait","16":"tag-fr","17":"tag-france","18":"tag-groupe","19":"tag-ligue-1","20":"tag-montpellier","21":"tag-montpellier-psg","22":"tag-news","23":"tag-occitanie","24":"tag-republique-francaise","25":"tag-saison-2024-2025","26":"tag-une"},"share_on_mastodon":{"url":"https:\/\/pubeurope.com\/@fr\/114480757018773687","error":""},"_links":{"self":[{"href":"https:\/\/www.europesays.com\/fr\/wp-json\/wp\/v2\/posts\/88104","targetHints":{"allow":["GET"]}}],"collection":[{"href":"https:\/\/www.europesays.com\/fr\/wp-json\/wp\/v2\/posts"}],"about":[{"href":"https:\/\/www.europesays.com\/fr\/wp-json\/wp\/v2\/types\/post"}],"author":[{"embeddable":true,"href":"https:\/\/www.europesays.com\/fr\/wp-json\/wp\/v2\/users\/2"}],"replies":[{"embeddable":true,"href":"https:\/\/www.europesays.com\/fr\/wp-json\/wp\/v2\/comments?post=88104"}],"version-history":[{"count":0,"href":"https:\/\/www.europesays.com\/fr\/wp-json\/wp\/v2\/posts\/88104\/revisions"}],"wp:featuredmedia":[{"embeddable":true,"href":"https:\/\/www.europesays.com\/fr\/wp-json\/wp\/v2\/media\/88105"}],"wp:attachment":[{"href":"https:\/\/www.europesays.com\/fr\/wp-json\/wp\/v2\/media?parent=88104"}],"wp:term":[{"taxonomy":"category","embeddable":true,"href":"https:\/\/www.europesays.com\/fr\/wp-json\/wp\/v2\/categories?post=88104"},{"taxonomy":"post_tag","embeddable":true,"href":"https:\/\/www.europesays.com\/fr\/wp-json\/wp\/v2\/tags?post=88104"}],"curies":[{"name":"wp","href":"https:\/\/api.w.org\/{rel}","templated":true}]}}