{"id":88114,"date":"2025-05-10T00:47:26","date_gmt":"2025-05-10T00:47:26","guid":{"rendered":"https:\/\/www.europesays.com\/fr\/88114\/"},"modified":"2025-05-10T00:47:26","modified_gmt":"2025-05-10T00:47:26","slug":"manifestation-en-soutien-a-la-culture-et-aux-langues-bretonnes-le-17-mai-a-rennes-un-car-au-depart-de-pontivy","status":"publish","type":"post","link":"https:\/\/www.europesays.com\/fr\/88114\/","title":{"rendered":"Manifestation en soutien \u00e0 la culture et aux langues bretonnes, le 17\u00a0mai, \u00e0 Rennes\u00a0: un car au d\u00e9part de Pontivy"},"content":{"rendered":"<p>Une grande manifestation est organis\u00e9e \u00e0 Rennes le samedi 17 mai 2025, \u00e0 14\u00a0h, en soutien \u00e0 la culture et aux langues de Bretagne. Dans\u00a0le cadre de cette mobilisation, Kerlenn Pondi met en place un trajet en car entre Pontivy et Rennes, en passant par Josselin et Plo\u00ebrmel. Pontivy\u00a0: d\u00e9part \u00e0 11\u00a0h\u00a030, du parking des locaux de Kerlenn Pondi (rue Balzac). Josselin\u00a0: \u00e0 12\u00a0h \u00e0 l\u2019aire de covoiturage, rue de l\u2019\u00c9cusson. Plo\u00ebrmel\u00a0: \u00e0 12\u00a0h\u00a015 sur l\u2019aire de covoiturage, rue Ronsouze. Rennes\u00a0: arriv\u00e9e \u00e0 13\u00a0h\u00a030, et d\u00e9part aux alentours de 17\u00a0h. Tarif\u00a0: 13 \u20ac par personne.<\/p>\n<p>Renseignements\u00a0: darvoudou@kerlennpondi.bzh<\/p>\n","protected":false},"excerpt":{"rendered":"Une grande manifestation est organis\u00e9e \u00e0 Rennes le samedi 17 mai 2025, \u00e0 14\u00a0h, en soutien \u00e0 la&hellip;\n","protected":false},"author":2,"featured_media":88115,"comment_status":"","ping_status":"","sticky":false,"template":"","format":"standard","meta":{"footnotes":""},"categories":[2821],"tags":[1111,11,829,9383,1777,674,1011,27,19828,19829,12,14972,6099,584,25],"class_list":{"0":"post-88114","1":"post","2":"type-post","3":"status-publish","4":"format-standard","5":"has-post-thumbnail","7":"category-rennes","8":"tag-actu","9":"tag-actualites","10":"tag-bretagne","11":"tag-culture-bretonne","12":"tag-eu","13":"tag-europe","14":"tag-fr","15":"tag-france","16":"tag-josselin","17":"tag-langue-bretonne","18":"tag-news","19":"tag-ploermel","20":"tag-pontivy","21":"tag-rennes","22":"tag-republique-francaise"},"share_on_mastodon":{"url":"https:\/\/pubeurope.com\/@fr\/114480784588507680","error":""},"_links":{"self":[{"href":"https:\/\/www.europesays.com\/fr\/wp-json\/wp\/v2\/posts\/88114","targetHints":{"allow":["GET"]}}],"collection":[{"href":"https:\/\/www.europesays.com\/fr\/wp-json\/wp\/v2\/posts"}],"about":[{"href":"https:\/\/www.europesays.com\/fr\/wp-json\/wp\/v2\/types\/post"}],"author":[{"embeddable":true,"href":"https:\/\/www.europesays.com\/fr\/wp-json\/wp\/v2\/users\/2"}],"replies":[{"embeddable":true,"href":"https:\/\/www.europesays.com\/fr\/wp-json\/wp\/v2\/comments?post=88114"}],"version-history":[{"count":0,"href":"https:\/\/www.europesays.com\/fr\/wp-json\/wp\/v2\/posts\/88114\/revisions"}],"wp:featuredmedia":[{"embeddable":true,"href":"https:\/\/www.europesays.com\/fr\/wp-json\/wp\/v2\/media\/88115"}],"wp:attachment":[{"href":"https:\/\/www.europesays.com\/fr\/wp-json\/wp\/v2\/media?parent=88114"}],"wp:term":[{"taxonomy":"category","embeddable":true,"href":"https:\/\/www.europesays.com\/fr\/wp-json\/wp\/v2\/categories?post=88114"},{"taxonomy":"post_tag","embeddable":true,"href":"https:\/\/www.europesays.com\/fr\/wp-json\/wp\/v2\/tags?post=88114"}],"curies":[{"name":"wp","href":"https:\/\/api.w.org\/{rel}","templated":true}]}}