{"id":881176,"date":"2026-04-20T13:08:29","date_gmt":"2026-04-20T13:08:29","guid":{"rendered":"https:\/\/www.europesays.com\/fr\/881176\/"},"modified":"2026-04-20T13:08:29","modified_gmt":"2026-04-20T13:08:29","slug":"comment-departager-arsenal-et-manchester-city-cette-saison-en-premier-league-en-cas-degalite-de-points-apres-38-journees-lequipe","status":"publish","type":"post","link":"https:\/\/www.europesays.com\/fr\/881176\/","title":{"rendered":"Comment d\u00e9partager Arsenal et Manchester City cette saison en Premier League en cas d&#039;\u00e9galit\u00e9 de points apr\u00e8s 38 journ\u00e9es ? &#8211; L&#039;\u00c9quipe"},"content":{"rendered":"<ol>\n<li><a href=\"https:\/\/news.google.com\/rss\/articles\/CBMiggJBVV95cUxPWlUxNm5qcUFvdEpWQnR4d0tmcWJTeDRENDREXzNOaHFlamUyVmN3VWxNdV90VWJYNEQ1N2psN0Ruc1c0dm5ZdC1lR2RVVmNPMlNlTU9ZWnhjOHp0bjZoWVF1azh6ek1NZUFZalRxclluX0tGVlhaUTlaRVNhWVVYQXZwRy1zRVMwcTVUYnF4QXRFNGZuQnFOd1hfcmMxb2lQem5NQlA4NW0wVTNFZEdLcC1tc21pUTRJbnBISDY0dnNxM0RTUHhKeU91RFR5a2N1a05DWFN0dzlNX1MySF9qVkhqUzdsbS1mMm1WNU52MTF4bXBLcER6QUVGYzdoc1FEUUE?oc=5\" target=\"_blank\" rel=\"nofollow noopener\">Comment d\u00e9partager Arsenal et Manchester City cette saison en Premier League en cas d&rsquo;\u00e9galit\u00e9 de points apr\u00e8s 38 journ\u00e9es ?<\/a>&nbsp;&nbsp;L&rsquo;\u00c9quipe<\/li>\n<li><a href=\"https:\/\/news.google.com\/rss\/articles\/CBMiyAFBVV95cUxQaWRIN20ycUVKekRYQU9sVlV1amthRldic0l0bTRIeHpMUE1LdUh1WFAzSENKWnQzaEtwQTB4bGFWTC1WU1F6UmRnOTFmeHFIcHZReG9IdXZSRU4tZFJ2QmNUTWZucE9NakZXZEJvenN1Qmw3ckU5XzhpV0plcE44V2Y1MHBadElWWjNoLUZ4dlQtenZ4ZkJmdVNEOTUwZUJYekVHLWpLbnBmMEdEV09oVlBCUERVemJuSzNqVlhGejA1Rk1fNldldtIBxwFBVV95cUxPX04tZTAwLW41dDg4eC13OW9ZTGFBS29fNlpEU01WQU52YXBoTmJSUFExQU0waml4a3U1T2k0eXlpLUtlY1JndHRlQ1ZUNndjNldXOUtzdUhYRk9QeXRpTnJyTmFOSTRXYUZUOHlkeDNIYWp3X0lJaHRfN3ViOEkzckJmQlNXWXg5ektvaEZrUk4wRnM2bnJnQUJLWXFra0xXMVlTWTNJSjk3T1hzQVh5Rkh0RlBLMG1PMERLV09XTmRHZlpSUkRF?oc=5\" target=\"_blank\" rel=\"nofollow noopener\">Premier League : Les Gunners vont-ils encore craquer ? : Sports &#8211; Orange<\/a>&nbsp;&nbsp;Sports &#8211; Orange<\/li>\n<li><a href=\"https:\/\/news.google.com\/rss\/articles\/CBMiggJBVV95cUxOY0FNODRsT3lWWmlMM1BIMmJQZ0lDc1hfcWp4Z2VudTJ2dTRBMTJMR051Umo1Z0c2YmpMUXFwWk5GOTh6QWZsV19tanFZTUhDT2hOc25XX1lTRjJleHhKelVFSnc4RzJVU3Qybzl0ZE8za3k3TlRSZmpxT1ZvU25pVXZ2Mk0tVUJhb1JDUWlDeWQ3RmJ6dkRXNWRHLVk5QzhteF9mWm02aUU5OGprRk9ZZ24yaC1QRktGYk1ZaWhnM3lQOENTV0UzcWdidms4Rmc2Z1Y3dENLYmMtU3JkWnhSMndhT3RFN1prd2lCb2NMcXhqa1gyZjVHano4X3pwWDUtdXc?oc=5\" target=\"_blank\" rel=\"nofollow noopener\">Manchester City-Arsenal : slalom magique, frappe imparable&#8230; En vid\u00e9o, Rayan Cherki illumine le choc de Premier League<\/a>&nbsp;&nbsp;Le Figaro<\/li>\n<li><a href=\"https:\/\/news.google.com\/rss\/articles\/CBMiggJBVV95cUxOM3BtUXNITF9nejdycklwczN4b0UyUG53eW42UzBzY0F3c2k5UWttWGE3N0E5c3VJTmNkSmRaNHhtWlpta3BRT0F0NE1YQnpybEVPa2l3ckItVzdUc2FhQXZmbVF1Vy03bWM4NVJwV0d1dlNLLXczVmpkQ0hDWDEzb0NQM1RSM0Z2cGIzdWkwazJrdXp6d0RuRVgxaFV4YldSTzQtWXlJbnh2cW42S2Q4WjRtM0lKd0FmYXpwV1lScEFaWHk2ajlWTndnZzctX2FyUFliVmh5ZlU1bVJ1QU5JcTBfTnRsQXZ6STNVck5ib1oyeVpWWVExcDZWT081azNRWHc?oc=5\" target=\"_blank\" rel=\"nofollow noopener\">Manchester City &#8211; Arsenal : City renverse de tristes Gunners et relance tot\u2026<\/a>&nbsp;&nbsp;20 Minutes<\/li>\n<li><a href=\"https:\/\/news.google.com\/rss\/articles\/CBMivAJBVV95cUxNTGN1a05RSDhlR3JySG9DZzRxMktfWXBWM09zUXM1cUlMajAyM1pSQmVJMmR4VXVvUU5mU3NIOWswRDNqcUxMVGlaUFdISktTUDhlQjF3aVVqWVJoMFItVnE0NVU1Y2RiVHlHSG9jUWxIUWc5UEJOcmRaM2UyYkpBb0w2SVJQT1hDa0NFRzBvaWpLVWRXc0ZBenF4QUhMT2V6cEZvU2d2cXJJcVpUd1hPeW9KcEJwNHNPc2l5NGlJcU10YVNvWVZ1WlNfVUFrbVBNM0pEQWlaNnpDX1U5QTBlMkhOcmpjNm1QLW1WbWRVdXdLaUh5ZzA2cEFtWFBsTFBrUnF2bnl0U3FjalQ1N1I4c0UtbFFTcWpwRVg2elNBdGlLT3lHbkNvZGVPZF83ZUNQSzdKNktfdzZaVU5B?oc=5\" target=\"_blank\" rel=\"nofollow noopener\">City retourne la Premier League<\/a>&nbsp;&nbsp;Eurosport<\/li>\n<\/ol>\n","protected":false},"excerpt":{"rendered":"Comment d\u00e9partager Arsenal et Manchester City cette saison en Premier League en cas d&rsquo;\u00e9galit\u00e9 de points apr\u00e8s 38&hellip;\n","protected":false},"author":2,"featured_media":881177,"comment_status":"","ping_status":"","sticky":false,"template":"","format":"standard","meta":{"footnotes":"","_share_on_mastodon":"0"},"categories":[2],"tags":[11,92571,5028,5357,78343,63,1011,27,16663,94643,12,25,94104,23077],"class_list":["post-881176","post","type-post","status-publish","format-standard","has-post-thumbnail","category-actualites","tag-actualites","tag-adrien-tisserand","tag-analyses","tag-arsenal","tag-championnat-dangleterre","tag-football","tag-fr","tag-france","tag-manchester-city","tag-manchester-city-arsenal","tag-news","tag-republique-francaise","tag-retour-33e-journe","tag-saison-2025-2026"],"share_on_mastodon":{"url":"https:\/\/pubeurope.com\/@fr\/116437195499927235","error":""},"_links":{"self":[{"href":"https:\/\/www.europesays.com\/fr\/wp-json\/wp\/v2\/posts\/881176","targetHints":{"allow":["GET"]}}],"collection":[{"href":"https:\/\/www.europesays.com\/fr\/wp-json\/wp\/v2\/posts"}],"about":[{"href":"https:\/\/www.europesays.com\/fr\/wp-json\/wp\/v2\/types\/post"}],"author":[{"embeddable":true,"href":"https:\/\/www.europesays.com\/fr\/wp-json\/wp\/v2\/users\/2"}],"replies":[{"embeddable":true,"href":"https:\/\/www.europesays.com\/fr\/wp-json\/wp\/v2\/comments?post=881176"}],"version-history":[{"count":0,"href":"https:\/\/www.europesays.com\/fr\/wp-json\/wp\/v2\/posts\/881176\/revisions"}],"wp:featuredmedia":[{"embeddable":true,"href":"https:\/\/www.europesays.com\/fr\/wp-json\/wp\/v2\/media\/881177"}],"wp:attachment":[{"href":"https:\/\/www.europesays.com\/fr\/wp-json\/wp\/v2\/media?parent=881176"}],"wp:term":[{"taxonomy":"category","embeddable":true,"href":"https:\/\/www.europesays.com\/fr\/wp-json\/wp\/v2\/categories?post=881176"},{"taxonomy":"post_tag","embeddable":true,"href":"https:\/\/www.europesays.com\/fr\/wp-json\/wp\/v2\/tags?post=881176"}],"curies":[{"name":"wp","href":"https:\/\/api.w.org\/{rel}","templated":true}]}}