{"id":88123,"date":"2025-05-10T00:52:14","date_gmt":"2025-05-10T00:52:14","guid":{"rendered":"https:\/\/www.europesays.com\/fr\/88123\/"},"modified":"2025-05-10T00:52:14","modified_gmt":"2025-05-10T00:52:14","slug":"meteo-gare-aux-orages-ce-week-end-des-10-et-11-mai-en-loire-atlantique","status":"publish","type":"post","link":"https:\/\/www.europesays.com\/fr\/88123\/","title":{"rendered":"M\u00c9T\u00c9O. Gare aux orages ce week-end des 10 et 11\u00a0mai en Loire-Atlantique\u00a0!"},"content":{"rendered":"<p>M\u00e9t\u00e9o France n\u2019a pas eu trop de difficult\u00e9 \u00e0 r\u00e9aliser sa carte des pr\u00e9visions en Loire-Atlantique. Au moins pour ce samedi\u00a010 mais 2025 l\u2019apr\u00e8s-midi. De Saint-Nazaire et Pornic \u00e0 l\u2019ouest, \u00e0 Ancenis-Saint-G\u00e9r\u00e9on \u00e0 l\u2019est\u00a0; de Sion-les-Mines et Gu\u00e9men\u00e9-Penfao au nord \u00e0 Saint-Philbert-de-Grand-Lieu au sud\u00a0: des nuages gris, des \u00e9clairs orange et de la pluie\u2026 Sauf \u00e0 Nantes, Leg\u00e9, Saint-Mars-la-Jaille et Ch\u00e2teaubriant.<\/p>\n<p>?? <a href=\"https:\/\/meteofrance.com\/previsions-meteo-france\/loire-atlantique\/44\" target=\"_blank\" rel=\"noopener\">M\u00e9t\u00e9o Loire-Atlantique<\/a> <\/p>\n<p>Des orages tout le week-end\u00a0?<\/p>\n<p>Difficile il est vrai de pr\u00e9voir les orages et surtout o\u00f9 ils risquent\u00a0d\u2019\u00e9clater. La seule chose \u00e0 peu pr\u00e8s certaine c\u2019est que samedi apr\u00e8s-midi, dans la soir\u00e9e et\u00a0dans la nuit de samedi \u00e0 dimanche, <strong>le temps sera \u00e0 l\u2019orage<\/strong> dans notre d\u00e9partement.<\/p>\n<p>Puis dimanche matin, le calme avec m\u00eame, toujours selon M\u00e9t\u00e9o France, des apparitions du soleil sur le littoral avec un faible vent du sud ouest.<\/p>\n<p>Pendant ce temps-l\u00e0 nous serons pass\u00e9s \u00e0 des temp\u00e9ratures flirtant avec les <strong>20\u00a0\u00b0C samedi apr\u00e8s-midi<\/strong>, \u00e0 <strong>17\u00a0\u00b0C dimanche apr\u00e8s-midi<\/strong>, voire <strong>16\u00a0\u00b0C pr\u00e9vus \u00e0 Saint-Nazaire.<\/strong><\/p>\n<p>\u00a0<\/p>\n","protected":false},"excerpt":{"rendered":"M\u00e9t\u00e9o France n\u2019a pas eu trop de difficult\u00e9 \u00e0 r\u00e9aliser sa carte des pr\u00e9visions en Loire-Atlantique. Au moins&hellip;\n","protected":false},"author":2,"featured_media":88124,"comment_status":"","ping_status":"","sticky":false,"template":"","format":"standard","meta":{"footnotes":""},"categories":[2818],"tags":[5481,7560,1111,11,1777,674,1011,27,7533,3047,2565,2487,766,12,4594,2636,25,4064],"class_list":{"0":"post-88123","1":"post","2":"type-post","3":"status-publish","4":"format-standard","5":"has-post-thumbnail","7":"category-nantes","8":"tag-5481","9":"tag-7560","10":"tag-actu","11":"tag-actualites","12":"tag-eu","13":"tag-europe","14":"tag-fr","15":"tag-france","16":"tag-gare","17":"tag-loire-atlantique","18":"tag-mai","19":"tag-meteo","20":"tag-nantes","21":"tag-news","22":"tag-orages","23":"tag-pays-de-la-loire","24":"tag-republique-francaise","25":"tag-week-end"},"share_on_mastodon":{"url":"https:\/\/pubeurope.com\/@fr\/114480804268333279","error":""},"_links":{"self":[{"href":"https:\/\/www.europesays.com\/fr\/wp-json\/wp\/v2\/posts\/88123","targetHints":{"allow":["GET"]}}],"collection":[{"href":"https:\/\/www.europesays.com\/fr\/wp-json\/wp\/v2\/posts"}],"about":[{"href":"https:\/\/www.europesays.com\/fr\/wp-json\/wp\/v2\/types\/post"}],"author":[{"embeddable":true,"href":"https:\/\/www.europesays.com\/fr\/wp-json\/wp\/v2\/users\/2"}],"replies":[{"embeddable":true,"href":"https:\/\/www.europesays.com\/fr\/wp-json\/wp\/v2\/comments?post=88123"}],"version-history":[{"count":0,"href":"https:\/\/www.europesays.com\/fr\/wp-json\/wp\/v2\/posts\/88123\/revisions"}],"wp:featuredmedia":[{"embeddable":true,"href":"https:\/\/www.europesays.com\/fr\/wp-json\/wp\/v2\/media\/88124"}],"wp:attachment":[{"href":"https:\/\/www.europesays.com\/fr\/wp-json\/wp\/v2\/media?parent=88123"}],"wp:term":[{"taxonomy":"category","embeddable":true,"href":"https:\/\/www.europesays.com\/fr\/wp-json\/wp\/v2\/categories?post=88123"},{"taxonomy":"post_tag","embeddable":true,"href":"https:\/\/www.europesays.com\/fr\/wp-json\/wp\/v2\/tags?post=88123"}],"curies":[{"name":"wp","href":"https:\/\/api.w.org\/{rel}","templated":true}]}}