{"id":88132,"date":"2025-05-10T00:57:09","date_gmt":"2025-05-10T00:57:09","guid":{"rendered":"https:\/\/www.europesays.com\/fr\/88132\/"},"modified":"2025-05-10T00:57:09","modified_gmt":"2025-05-10T00:57:09","slug":"une-enquete-ouverte-apres-lagression-en-direct-de-la-streameuse-sud-coreenne-jinnytty","status":"publish","type":"post","link":"https:\/\/www.europesays.com\/fr\/88132\/","title":{"rendered":"une enqu\u00eate ouverte apr\u00e8s l\u2019agression en direct de la streameuse sud-cor\u00e9enne Jinnytty"},"content":{"rendered":"<p>La jeune femme de 32 ans a \u00e9t\u00e9 frapp\u00e9e au visage par un individu puis trait\u00e9e de \u00absale pute\u00bb, mercredi 7 mai.<\/p>\n<p class=\"fig-paragraph\">La vid\u00e9o de l\u2019agression de la streameuse sud-cor\u00e9enne Yoo Yoon-jin, plus connue sous le nom de Jinnytty et suivie par plus d\u2019un million de personnes sur Twitch, est devenue virale sur les r\u00e9seaux sociaux ces derni\u00e8res heures.<\/p>\n<p class=\"fig-paragraph\">Alors qu\u2019elle \u00e9tait en plein direct \u00e0\u00a0<a href=\"https:\/\/www.lefigaro.fr\/tag\/toulouse\" target=\"_blank\" rel=\"noopener\" data-gtm-custom-categorie=\"navigation\" data-gtm-custom-action=\"crossclick\" data-gtm-custom-label=\"Contextuel\" data-gtm-event=\"customEventSPE\">Toulouse<\/a>\u00a0pour montrer la ville \u00e0 ses abonn\u00e9s, la jeune femme de 32 ans a \u00e9t\u00e9 violemment frapp\u00e9e au visage puis insult\u00e9e mercredi 7 mai. \u00abTu veux quoi sale pute\u00a0? Casse-toi de l\u00e0\u00a0!\u00bb, s\u2019exclame son agresseur, que l\u2019on voit arriver dans le champ de la cam\u00e9ra coiff\u00e9 d\u2019une casquette et juch\u00e9 sur une trottinette.<\/p>\n<p class=\"fig-paragraph\">Contact\u00e9 par Le Figaro, le procureur de la R\u00e9publique de Toulouse, David Charmatz, nous indique \u00abavoir saisi la direction interd\u00e9partementale de la police nationale de Haute-Garonne (DIPN31) d\u2019une demande d\u2019enqu\u00eate sur ces faits sous la qualification de violences \u00e9ventuellement aggrav\u00e9es par leur caract\u00e8re raciste si l\u2019exploitation de la bande-son permet bien de caract\u00e9riser les termes \u201csale Chinoise\u201d repris par les m\u00e9dias, et d\u2019outrage sexiste puisque les termes \u201csale pute\u201d ressortent, eux, tr\u00e8s clairement de celle-ci\u00bb.<\/p>\n","protected":false},"excerpt":{"rendered":"La jeune femme de 32 ans a \u00e9t\u00e9 frapp\u00e9e au visage par un individu puis trait\u00e9e de \u00absale&hellip;\n","protected":false},"author":2,"featured_media":88133,"comment_status":"","ping_status":"","sticky":false,"template":"","format":"standard","meta":{"footnotes":""},"categories":[2816],"tags":[119,1111,11,3694,1120,5640,271,2951,3695,1777,674,3696,118,1011,27,2825,1253,303,12,2680,1072,2694,25,128,2312,2949],"class_list":{"0":"post-88132","1":"post","2":"type-post","3":"status-publish","4":"format-standard","5":"has-post-thumbnail","7":"category-toulouse","8":"tag-accident","9":"tag-actu","10":"tag-actualites","11":"tag-affaires","12":"tag-agression","13":"tag-coree-du-sud","14":"tag-crime","15":"tag-criminalite","16":"tag-enquetes","17":"tag-eu","18":"tag-europe","19":"tag-evenements","20":"tag-faits-divers","21":"tag-fr","22":"tag-france","23":"tag-insecurite","24":"tag-islamisme","25":"tag-justice","26":"tag-news","27":"tag-occitanie","28":"tag-police","29":"tag-proces","30":"tag-republique-francaise","31":"tag-streaming","32":"tag-toulouse","33":"tag-violences"},"share_on_mastodon":{"url":"https:\/\/pubeurope.com\/@fr\/114480824157347522","error":""},"_links":{"self":[{"href":"https:\/\/www.europesays.com\/fr\/wp-json\/wp\/v2\/posts\/88132","targetHints":{"allow":["GET"]}}],"collection":[{"href":"https:\/\/www.europesays.com\/fr\/wp-json\/wp\/v2\/posts"}],"about":[{"href":"https:\/\/www.europesays.com\/fr\/wp-json\/wp\/v2\/types\/post"}],"author":[{"embeddable":true,"href":"https:\/\/www.europesays.com\/fr\/wp-json\/wp\/v2\/users\/2"}],"replies":[{"embeddable":true,"href":"https:\/\/www.europesays.com\/fr\/wp-json\/wp\/v2\/comments?post=88132"}],"version-history":[{"count":0,"href":"https:\/\/www.europesays.com\/fr\/wp-json\/wp\/v2\/posts\/88132\/revisions"}],"wp:featuredmedia":[{"embeddable":true,"href":"https:\/\/www.europesays.com\/fr\/wp-json\/wp\/v2\/media\/88133"}],"wp:attachment":[{"href":"https:\/\/www.europesays.com\/fr\/wp-json\/wp\/v2\/media?parent=88132"}],"wp:term":[{"taxonomy":"category","embeddable":true,"href":"https:\/\/www.europesays.com\/fr\/wp-json\/wp\/v2\/categories?post=88132"},{"taxonomy":"post_tag","embeddable":true,"href":"https:\/\/www.europesays.com\/fr\/wp-json\/wp\/v2\/tags?post=88132"}],"curies":[{"name":"wp","href":"https:\/\/api.w.org\/{rel}","templated":true}]}}