{"id":881633,"date":"2026-04-20T18:39:34","date_gmt":"2026-04-20T18:39:34","guid":{"rendered":"https:\/\/www.europesays.com\/fr\/881633\/"},"modified":"2026-04-20T18:39:34","modified_gmt":"2026-04-20T18:39:34","slug":"guerre-en-ukraine-une-bombe-dans-un-sac-a-dos-en-russie-et-le-jackpot-de-leuromillions-a-portee-de-kiev","status":"publish","type":"post","link":"https:\/\/www.europesays.com\/fr\/881633\/","title":{"rendered":"Guerre en Ukraine : Une bombe dans un sac \u00e0 dos en Russie et le jackpot de \u00ab L\u2019Euromillions \u00bb \u00e0 port\u00e9e de Kiev"},"content":{"rendered":"<p class=\"mb-4 text-lg md:leading-8 break-words\"><strong>Recap&rsquo; &#8211; \u00ab\u00a020 Minutes\u00a0\u00bb fait le point pour vous tous les soirs sur le conflit en Ukraine. Ce lundi 20\u00a0avril, 1.517e jour du conflit, la Russie a accus\u00e9 une citoyenne allemande de transporter une bombe et Europol a retrouv\u00e9 la trace d\u2019enfants ukrainiens<\/strong><\/p>\n<p class=\"mb-4 text-lg md:leading-8 break-words\">Vous avez rat\u00e9 les derniers \u00e9v\u00e9nements sur la <a href=\"https:\/\/www.20minutes.fr\/monde\/ukraine\/?at_medium=RSS%20feed&amp;at_campaign=ynews&amp;utm_source=yahoo&amp;utm_medium=rss&amp;utm_campaign=news_feed&amp;utm_content=in_article_link\" rel=\"nofollow noopener\" target=\"_blank\" data-ylk=\"slk:guerre en Ukraine;elm:context_link;itc:0;sec:content-canvas\" data-yga=\"{&quot;yLinkElement&quot;:&quot;context_link&quot;,&quot;yModuleName&quot;:&quot;content-canvas&quot;,&quot;yLinkText&quot;:&quot;guerre en Ukraine&quot;}\" class=\"link \">guerre en Ukraine<\/a>\u00a0? 20 Minutes fait le point pour vous tous les soirs. Voici l\u2019essentiel de ce lundi 20\u00a0avril 2026, au 1.517e jour du conflit.<\/p>\n<p>Le fait du jour<\/p>\n<p class=\"mb-4 text-lg md:leading-8 break-words\">Elle transportait une bombe artisanale dans son sac \u00e0 dos., selon les services de s\u00e9curit\u00e9 russes (FSB). Ils ont annonc\u00e9 ce lundi l\u2019arrestation dans le sud de la Russie d\u2019une Allemande de 57 ans qui, selon eux, devait commettre un attentat \u00ab\u00a0planifi\u00e9 par l\u2019Ukraine\u00a0\u00bb, l\u2019engin explosif qu\u2019elle transportait devant \u00eatre d\u00e9clench\u00e9 \u00e0 proximit\u00e9 d\u2019un site des forces de s\u00e9curit\u00e9 de la ville de Piatigorsk, dans le Caucase.<\/p>\n<p class=\"mb-4 text-lg md:leading-8 break-words\">Ni Kiev, ni Berlin n\u2019ont r\u00e9agi \u00e0 cette interpellation mais elle intervient alors que les relations sont d\u00e9j\u00e0 tendues entre le Kremlin de <a href=\"https:\/\/www.20minutes.fr\/monde\/vladimir_poutine\/?at_medium=RSS%20feed&amp;at_campaign=ynews&amp;utm_source=yahoo&amp;utm_medium=rss&amp;utm_campaign=news_feed&amp;utm_content=in_article_link\" rel=\"nofollow noopener\" target=\"_blank\" data-ylk=\"slk:Vladimir Poutine;elm:context_link;itc:0;sec:content-canvas\" data-yga=\"{&quot;yLinkElement&quot;:&quot;context_link&quot;,&quot;yModuleName&quot;:&quot;content-canvas&quot;,&quot;yLinkText&quot;:&quot;Vladimir Poutine&quot;}\" class=\"link \">Vladimir Poutine<\/a> et l\u2019Allemagne. Le minist\u00e8re allemand des Affaires \u00e9trang\u00e8res a annonc\u00e9 la convocation de l\u2019ambassadeur russe \u00e0 Berlin \u00e0 la suite \u00ab\u00a0de menaces directes contre des cibles en <a href=\"https:\/\/www.20minutes.fr\/dossier\/allemagne?at_medium=RSS%20feed&amp;at_campaign=ynews&amp;utm_source=yahoo&amp;utm_medium=rss&amp;utm_campaign=news_feed&amp;utm_content=in_article_link\" rel=\"nofollow noopener\" target=\"_blank\" data-ylk=\"slk:Allemagne;elm:context_link;itc:0;sec:content-canvas\" data-yga=\"{&quot;yLinkElement&quot;:&quot;context_link&quot;,&quot;yModuleName&quot;:&quot;content-canvas&quot;,&quot;yLinkText&quot;:&quot;Allemagne&quot;}\" class=\"link \">Allemagne<\/a>\u00a0\u00bb.<\/p>\n<p>La d\u00e9claration du jour<\/p>\n<blockquote class=\"mb-4 border-l-2 pl-5 italic text-tertiary\">\n<p class=\"mb-4 text-lg md:leading-8 break-words\">C\u2019est une nouvelle \u00e8re qui s\u2019ouvre en Hongrie [\u2026] et une nouvelle \u00e8re en Europe [\u2026] Nous pouvons \u00eatre raisonnablement optimistes sur, en effet, la bonne avanc\u00e9e et la mise en \u0153uvre du pr\u00eat [de 90\u00a0milliards d\u2019euros] \u00e0 Kiev.<\/p>\n<\/blockquote>\n<p class=\"mb-4 text-lg md:leading-8 break-words\">Depuis la Pologne, Emmanuel Macron s\u2019est montr\u00e9 confiant sur le d\u00e9blocage du pr\u00eat de l\u2019UE \u00e0 l\u2019Ukraine que l\u2019ancien Premier ministre hongrois Viktor Orb\u00e1n bloquait depuis des mois. Par ailleurs, Chypre, qui assure la pr\u00e9sidence semestrielle du Conseil de l\u2019UE, a annonc\u00e9 avoir inscrit \u00e0 l\u2019or(&#8230;)<\/p>\n<p class=\"mb-4 text-lg md:leading-8 break-words\"><a href=\"https:\/\/www.20minutes.fr\/monde\/ukraine\/4219292-20260420-guerre-ukraine-bombe-sac-dos-russie-jackpot-euromillions-portee-kiev?at_medium=RSS%20feed&amp;at_campaign=ynews&amp;utm_source=yahoo&amp;utm_medium=rss&amp;utm_campaign=news_feed&amp;utm_content=read_more_link&quot;\" rel=\"nofollow noopener\" target=\"_blank\" data-ylk=\"slk:Lire la suite sur 20minutes;elm:context_link;itc:0;sec:content-canvas\" data-yga=\"{&quot;yLinkElement&quot;:&quot;context_link&quot;,&quot;yModuleName&quot;:&quot;content-canvas&quot;,&quot;yLinkText&quot;:&quot;Lire la suite sur 20minutes&quot;}\" class=\"link \">Lire la suite sur 20minutes<\/a><\/p>\n<p>\u00c0 lire aussi :<br \/><a href=\"https:\/\/www.20minutes.fr\/monde\/ukraine\/4219264-20260420-russie-suspectee-attentat-allemande-arretee-bombe-sac-dos?at_medium=RSS%20feed&amp;at_campaign=ynews&amp;utm_source=yahoo&amp;utm_medium=rss&amp;utm_campaign=news_feed&amp;utm_content=related_content_link\" rel=\"nofollow noopener\" target=\"_blank\" data-ylk=\"slk:Russie\u00a0: Suspect\u00e9e d\u2019attentat, une Allemande arr\u00eat\u00e9e avec une bombe dans son sac \u00e0 dos;elm:context_link;itc:0;sec:content-canvas\" data-yga=\"{&quot;yLinkElement&quot;:&quot;context_link&quot;,&quot;yModuleName&quot;:&quot;content-canvas&quot;,&quot;yLinkText&quot;:&quot;Russie&amp;nbsp&quot;}\" class=\"link \">Russie\u00a0: Suspect\u00e9e d\u2019attentat, une Allemande arr\u00eat\u00e9e avec une bombe dans son sac \u00e0 dos<\/a><br \/><a href=\"https:\/\/www.20minutes.fr\/monde\/ukraine\/4219040-20260418-guerre-ukraine-fusillade-fait-cinq-morts-plein-centre-kiev?at_medium=RSS%20feed&amp;at_campaign=ynews&amp;utm_source=yahoo&amp;utm_medium=rss&amp;utm_campaign=news_feed&amp;utm_content=related_content_link\" rel=\"nofollow noopener\" target=\"_blank\" data-ylk=\"slk:Guerre en Ukraine\u00a0: Une fusillade fait cinq morts en plein centre de Kiev;elm:context_link;itc:0;sec:content-canvas\" data-yga=\"{&quot;yLinkElement&quot;:&quot;context_link&quot;,&quot;yModuleName&quot;:&quot;content-canvas&quot;,&quot;yLinkText&quot;:&quot;Guerre en Ukraine&amp;nbsp&quot;}\" class=\"link \">Guerre en Ukraine\u00a0: Une fusillade fait cinq morts en plein centre de Kiev<\/a><\/p>\n","protected":false},"excerpt":{"rendered":"Recap&rsquo; &#8211; \u00ab\u00a020 Minutes\u00a0\u00bb fait le point pour vous tous les soirs sur le conflit en Ukraine. Ce&hellip;\n","protected":false},"author":2,"featured_media":881634,"comment_status":"","ping_status":"","sticky":false,"template":"","format":"standard","meta":{"footnotes":"","_share_on_mastodon":"0"},"categories":[1590],"tags":[642,11,94764,1777,674,56227,11229,35718,12,132,220],"class_list":["post-881633","post","type-post","status-publish","format-standard","has-post-thumbnail","category-ukraine","tag-20-minutes","tag-actualites","tag-bombe-artisanale","tag-eu","tag-europe","tag-forces-de-securite","tag-kiev","tag-le-sud","tag-news","tag-russie","tag-ukraine"],"share_on_mastodon":{"url":"https:\/\/pubeurope.com\/@fr\/116438497064509476","error":""},"_links":{"self":[{"href":"https:\/\/www.europesays.com\/fr\/wp-json\/wp\/v2\/posts\/881633","targetHints":{"allow":["GET"]}}],"collection":[{"href":"https:\/\/www.europesays.com\/fr\/wp-json\/wp\/v2\/posts"}],"about":[{"href":"https:\/\/www.europesays.com\/fr\/wp-json\/wp\/v2\/types\/post"}],"author":[{"embeddable":true,"href":"https:\/\/www.europesays.com\/fr\/wp-json\/wp\/v2\/users\/2"}],"replies":[{"embeddable":true,"href":"https:\/\/www.europesays.com\/fr\/wp-json\/wp\/v2\/comments?post=881633"}],"version-history":[{"count":0,"href":"https:\/\/www.europesays.com\/fr\/wp-json\/wp\/v2\/posts\/881633\/revisions"}],"wp:featuredmedia":[{"embeddable":true,"href":"https:\/\/www.europesays.com\/fr\/wp-json\/wp\/v2\/media\/881634"}],"wp:attachment":[{"href":"https:\/\/www.europesays.com\/fr\/wp-json\/wp\/v2\/media?parent=881633"}],"wp:term":[{"taxonomy":"category","embeddable":true,"href":"https:\/\/www.europesays.com\/fr\/wp-json\/wp\/v2\/categories?post=881633"},{"taxonomy":"post_tag","embeddable":true,"href":"https:\/\/www.europesays.com\/fr\/wp-json\/wp\/v2\/tags?post=881633"}],"curies":[{"name":"wp","href":"https:\/\/api.w.org\/{rel}","templated":true}]}}