{"id":88190,"date":"2025-05-10T01:32:18","date_gmt":"2025-05-10T01:32:18","guid":{"rendered":"https:\/\/www.europesays.com\/fr\/88190\/"},"modified":"2025-05-10T01:32:18","modified_gmt":"2025-05-10T01:32:18","slug":"philippine-a-ete-agressee-damien-et-charles-en-viennent-aux-mains-le-resume-des-episodes-1941-du-lundi-12-mai-2025","status":"publish","type":"post","link":"https:\/\/www.europesays.com\/fr\/88190\/","title":{"rendered":"Philippine a \u00e9t\u00e9 agress\u00e9e, Damien et Charles en viennent aux mains ! Le r\u00e9sum\u00e9 des \u00e9pisodes 1941 du lundi 12 mai 2025"},"content":{"rendered":"<p><b>Lundi 12\u00a0mai 2025 dans <\/b><a href=\"https:\/\/www.programme-tv.net\/programme\/series-tv\/r1549293395-demain-nous-appartient\/\" rel=\"nofollow noopener\" target=\"_blank\"><b>Demain nous appartient<\/b><\/a> qui <a href=\"https:\/\/www.programme-tv.net\/news\/series-tv\/373928-exclu-demain-nous-appartient-paul-belmondo-rejoint-le-feuilleton-de-tf1-decouvrez-les-premieres-infos-sur-son-personnage\/\" data-api-deeplink=\"teleloisirs:\/\/news\/373928\" rel=\"nofollow noopener\" target=\"_blank\">va bient\u00f4t accueillir Paul Belmondo<\/a>\u2026 Apr\u00e8s une nuit pass\u00e9e chez Jordan, Violette rentre chez elle. Elle d\u00e9couvre avec stupeur que la porte est ouverte. Tout est silencieux \u00e0 l&rsquo;int\u00e9rieur. La maison est en d\u00e9sordre. Elle tombe alors sur Philippine, ligot\u00e9e \u00e0 un fauteuil, b\u00e2illonn\u00e9e, un masque sur les yeux, inconsciente. Jordan appelle les secours sans d\u00e9lai. Peu apr\u00e8s, Philippine reprend difficilement conscience.<\/p>\n<p><b>Demain nous appartient<\/b><b> en avance\u00a0: La violente altercation entre Damien et Charles<\/b><\/p>\n<p>\u00c0 l&rsquo;h\u00f4pital, les examens sont rassurants pour Philippine : elle n&rsquo;a rien ! Elle devrait m\u00eame sortir dans la journ\u00e9e. Micha\u00ebl en profite pour l&rsquo;interroger sur son agression. Malheureusement elle ne peut lui donner que peu d&rsquo;indices : l&rsquo;individu qui l&rsquo;a agress\u00e9 \u00e9tait un homme cagoul\u00e9, de taille moyenne, plut\u00f4t mince, tr\u00e8s fort. De son c\u00f4t\u00e9, Violette a pu constater que des tableaux et des objets ont \u00e9t\u00e9 vol\u00e9s. Damien, lui, va rejoindre l&rsquo;\u00e9quipe sur place pour proc\u00e9der aux pr\u00e9l\u00e8vements. Peu apr\u00e8s, Damien n&rsquo;a constat\u00e9 aucune trace d&rsquo;effraction chez Philippine tandis que Micha\u00ebl n&rsquo;a rien pu tirer des voisins. C&rsquo;est alors que Charles d\u00e9barque. Damien lui reproche de ne pas avoir r\u00e9pondu \u00e0 ses nombreux appels. Puis il commence \u00e0 le questionner sur l&rsquo;agression, sous-entendant que ses ex-cod\u00e9tenus pourraient \u00eatre impliqu\u00e9s. Le ton monte vite entre Damien et Charles, bient\u00f4t s\u00e9par\u00e9s par Micha\u00ebl. De retour au commissariat, Micha\u00ebl informe Damien que Philippine a des probl\u00e8mes d&rsquo;argent. Il ne faut donc pas \u00e9carter une fraude \u00e0 l&rsquo;assurance. Si tel est le cas, Charles, qui n&rsquo;en serait pas \u00e0 son coup d&rsquo;essai, pourrait bien \u00eatre impliqu\u00e9. Au Spoon, Damien prend des nouvelles de sa m\u00e8re aupr\u00e8s de Violette. Il en profite pour lui poser des questions sur Philippine et Charles. Violette demande \u00e0 son fr\u00e8re ce qu&rsquo;il a derri\u00e8re la t\u00eate. Il finit par lui avouer qu&rsquo;il suspecte Charles et sa m\u00e8re d&rsquo;avoir organis\u00e9 cette agression. Valentine, \u00e0 proximit\u00e9, entend tout. Violette s&#8217;emporte avant que Damien ne s&rsquo;excuse. C&rsquo;est alors qu&rsquo;ils r\u00e9alisent que Valentine est l\u00e0 ! Mais cette derni\u00e8re fait comme si de rien n&rsquo;\u00e9tait. Au Little Spoon, Valentine a r\u00e9p\u00e9t\u00e9 \u00e0 Charles ce qu&rsquo;elle a entendu. Il nie toute implication et ne d\u00e9col\u00e8re pas contre son fr\u00e8re. Ce qui le rassure tout de m\u00eame c&rsquo;est que sa petite amie lui fait confiance. Convoqu\u00e9e au commissariat, Philippine est interrog\u00e9e par Micha\u00ebl, notamment \u00e0 propos de sa situation financi\u00e8re. Elle ne nie pas ses difficult\u00e9s, lesquelles vont \u00eatre bient\u00f4t r\u00e9solues, gr\u00e2ce \u00e0 un pr\u00eat temporaire de Victor Brunet. Devant le scepticisme du flic, elle d\u00e9cide d&rsquo;appeler ce dernier afin qu&rsquo;il confirme ses propos. Philippine partie, Feray fait part \u00e0 Karim de ses doutes sur la th\u00e9orie de l&rsquo;arnaque.<\/p>\n<p>En fin de journ\u00e9e, devant le commissariat, Charles confronte Damien. Il lui reproche de l&rsquo;avoir pourri aupr\u00e8s de Violette. Il r\u00e9p\u00e8te \u00e0 son fr\u00e8re qu&rsquo;il a chang\u00e9 mais ce dernier n&rsquo;y croit pas. Charles en remet une couche : Damien est jaloux de lui, il n&rsquo;est pas meilleur que lui avec sa \u00ab\u00a0famille de cassos\u00a0\u00bb. C&rsquo;en est trop pour Damien qui menace de frapper Charles. Les deux fr\u00e8res sont s\u00e9par\u00e9s par Micha\u00ebl et Karim.<\/p>\n<p><b>Demain nous appartient<\/b><b> en avance\u00a0: Le secret de Maud est r\u00e9v\u00e9l\u00e9 par Rapha\u00eblle<\/b><\/p>\n<p>De bon matin, Rapha\u00eblle propose \u00e0 Maud de l&rsquo;amener \u00e0 la fac en voiture mais elle d\u00e9cline : elle pr\u00e9f\u00e8re prendre le bus ! Rapha\u00eblle insiste avant de lui demander la vraie raison de son refus. Maud finit par avouer : elle ne veut pas que les \u00e9tudiants sachent qu&rsquo;elle est sa m\u00e8re ! \u00c0 la fac, alors qu&rsquo;elle s&#8217;empresse de quitter l&rsquo;amphith\u00e9\u00e2tre o\u00f9 sa m\u00e8re vient de terminer son cours, Maud tr\u00e9buche. Rapha\u00eblle l\u00e2che alors devant tout le monde : \u00ab\u00a0\u00c7a va ch\u00e9rie ?\u00a0\u00bb Sans le vouloir, elle vient de r\u00e9v\u00e9ler que Maud est sa fille ! Peu apr\u00e8s, Maud, visiblement troubl\u00e9e, r\u00e9v\u00e8le \u00e0 sa m\u00e8re qu&rsquo;elle ne veut pas donner l&rsquo;impression d&rsquo;avoir \u00e9t\u00e9 pistonn\u00e9e. Au Spoon, Adam lit \u00e0 Maud les r\u00e9actions sur les r\u00e9seaux. Comme elle le craignait, cela fait jaser. Il essaie de d\u00e9dramatiser et l&rsquo;invite \u00e0 feindre la provocation : si vous voulez les sujets en avance, sortez les portefeuilles&#8230;<\/p>\n<p>            <b>Demain nous appartient<\/b><b> en avance\u00a0: Alex veut parler de son cancer \u00e0 Chlo\u00e9<\/b><\/p>\n<p>Chez Chlo\u00e9 et Alex, <a href=\"https:\/\/www.programme-tv.net\/news\/series-tv\/378197-demain-nous-appartient-en-avance-dorian-est-a-peine-blesse-william-gabriel-aurore-et-nordine-sont-sauves-alex-previent-marianne-de-sa-tumeur-le-resume-des-episodes-1939-et-1940-du-vendredi-9-mai-2025\/\" data-api-deeplink=\"teleloisirs:\/\/news\/378197\" rel=\"nofollow noopener\" target=\"_blank\">qui n&rsquo;a toujours pas r\u00e9v\u00e9l\u00e9 \u00eatre atteint d&rsquo;une tumeur \u00e0 sa femme<\/a>, le r\u00e9veil est plein de douceur. Mais il ne peut s&#8217;emp\u00eacher de faire part de ses angoisses : avec l&rsquo;\u00e9pid\u00e9mie, il a pris conscience de la fragilit\u00e9 de la vie. \u00c0 l&rsquo;h\u00f4pital, Marianne et Aaron discutent du cas d&rsquo;Alex. Il est soulag\u00e9 qu&rsquo;il ait accept\u00e9 de se faire op\u00e9rer mais pense qu&rsquo;il aurait pu le convaincre plus t\u00f4t. Il faut d\u00e9sormais caler l&rsquo;op\u00e9ration au plus vite. De son c\u00f4t\u00e9, Marianne a peur que le stress d&rsquo;Alex ces derni\u00e8res semaines ait aggrav\u00e9 son \u00e9tat. Reste un autre point noir : Chlo\u00e9 n&rsquo;est toujours par au courant de la tumeur&#8230; Alors qu&rsquo;il appelle sa femme pour lui dire qu&rsquo;il aimerait bien lui parler quand elle rentrera de l&rsquo;h\u00f4pital, Alex est surpris par l&rsquo;arriv\u00e9e de Karim. Il vient lui demander des conseils par rapport \u00e0 Rayane. Il a peur que <a href=\"https:\/\/www.programme-tv.net\/news\/series-tv\/378276-demain-nous-appartient-en-avance-manon-tire-sur-dorian-pour-sauver-victor-brunet-rayane-rencontre-jimmy-en-cachette-le-resume-de-lepisode-1938-du-mercredi-7-mai-2025\/\" data-api-deeplink=\"teleloisirs:\/\/news\/378276\" rel=\"nofollow noopener\" target=\"_blank\">ce dernier ne trompe Jack avec Jimmy<\/a>. De retour chez elle, Chlo\u00e9 demande \u00e0 Alex de quoi il voulait lui parler. Mais il se d\u00e9gonfle et, \u00e0 la place de lui parler de son cancer, lui fait une tendre d\u00e9claration d&rsquo;amour.<\/p>\n","protected":false},"excerpt":{"rendered":"Lundi 12\u00a0mai 2025 dans Demain nous appartient qui va bient\u00f4t accueillir Paul Belmondo\u2026 Apr\u00e8s une nuit pass\u00e9e chez&hellip;\n","protected":false},"author":2,"featured_media":88191,"comment_status":"","ping_status":"","sticky":false,"template":"","format":"standard","meta":{"footnotes":""},"categories":[1356],"tags":[244,3598,5247,58,59,1011,27,5250,5249,5248,5246,5252,252,199,5251,1364],"class_list":{"0":"post-88190","1":"post","2":"type-post","3":"status-publish","4":"format-standard","5":"has-post-thumbnail","7":"category-television","8":"tag-commentaire","9":"tag-demain-nous-appartient","10":"tag-demain-nous-appartient-en-avance","11":"tag-divertissement","12":"tag-entertainment","13":"tag-fr","14":"tag-france","15":"tag-lorie","16":"tag-mytf1-max","17":"tag-ru00e9sumu00e9-demain-nous-appartient","18":"tag-ru00e9sumu00e9-en-avance-demain-nous-appartient","19":"tag-su00e9ries-mania","20":"tag-television","21":"tag-tf1","22":"tag-tu00e9lu00e9-loisirs","23":"tag-tv"},"share_on_mastodon":{"url":"https:\/\/pubeurope.com\/@fr\/114480961630812241","error":""},"_links":{"self":[{"href":"https:\/\/www.europesays.com\/fr\/wp-json\/wp\/v2\/posts\/88190","targetHints":{"allow":["GET"]}}],"collection":[{"href":"https:\/\/www.europesays.com\/fr\/wp-json\/wp\/v2\/posts"}],"about":[{"href":"https:\/\/www.europesays.com\/fr\/wp-json\/wp\/v2\/types\/post"}],"author":[{"embeddable":true,"href":"https:\/\/www.europesays.com\/fr\/wp-json\/wp\/v2\/users\/2"}],"replies":[{"embeddable":true,"href":"https:\/\/www.europesays.com\/fr\/wp-json\/wp\/v2\/comments?post=88190"}],"version-history":[{"count":0,"href":"https:\/\/www.europesays.com\/fr\/wp-json\/wp\/v2\/posts\/88190\/revisions"}],"wp:featuredmedia":[{"embeddable":true,"href":"https:\/\/www.europesays.com\/fr\/wp-json\/wp\/v2\/media\/88191"}],"wp:attachment":[{"href":"https:\/\/www.europesays.com\/fr\/wp-json\/wp\/v2\/media?parent=88190"}],"wp:term":[{"taxonomy":"category","embeddable":true,"href":"https:\/\/www.europesays.com\/fr\/wp-json\/wp\/v2\/categories?post=88190"},{"taxonomy":"post_tag","embeddable":true,"href":"https:\/\/www.europesays.com\/fr\/wp-json\/wp\/v2\/tags?post=88190"}],"curies":[{"name":"wp","href":"https:\/\/api.w.org\/{rel}","templated":true}]}}