{"id":88200,"date":"2025-05-10T01:38:09","date_gmt":"2025-05-10T01:38:09","guid":{"rendered":"https:\/\/www.europesays.com\/fr\/88200\/"},"modified":"2025-05-10T01:38:09","modified_gmt":"2025-05-10T01:38:09","slug":"linattendue-robe-blazer-blanche-de-kate-middleton-au-concert-du-8-mai-a-londres","status":"publish","type":"post","link":"https:\/\/www.europesays.com\/fr\/88200\/","title":{"rendered":"L\u2019inattendue robe-blazer blanche de Kate Middleton au concert du 8 mai \u00e0 Londres"},"content":{"rendered":"<p>Lors d\u2019un concert comm\u00e9rant le 8 mai 1945, la princesse de Galles a fait sensation dans une nouvelle tenue glamour \u00e9loign\u00e9e de sa garde-robe habituelle.<\/p>\n<p class=\"fig-paragraph\">Coup double pour\u00a0<a href=\"https:\/\/madame.lefigaro.fr\/tag\/kate-middleton\" target=\"_blank\" rel=\"noopener nofollow\" data-gtm-custom-categorie=\"navigation\" data-gtm-custom-action=\"crossclick\" data-gtm-custom-label=\"Contextuel\" data-gtm-event=\"customEventSPE\">Kate Middleton\u00a0<\/a>: apr\u00e8s avoir fait tourner les t\u00eates lors du service religieux du 8 mai dans une robe blanche \u00e0 pois noir inspir\u00e9e de\u00a0<a href=\"https:\/\/madame.lefigaro.fr\/tag\/lady-diana\" target=\"_blank\" rel=\"noopener nofollow\" data-gtm-custom-categorie=\"navigation\" data-gtm-custom-action=\"crossclick\" data-gtm-custom-label=\"Contextuel\" data-gtm-event=\"customEventSPE\">Lady Diana<\/a>, la princesse de Galles a, le soir m\u00eame, refait une d\u00e9claration mode surprise tout en blanc, lors d\u2019un concert de c\u00e9l\u00e9bration donn\u00e9 \u00e0 Horse Guards Parade \u00e0 Londres. Plut\u00f4t \u00e9loign\u00e9e des lignes droites qui la caract\u00e9risent, sa tenue a d\u00e9j\u00e0 \u00e9t\u00e9 largement comment\u00e9e par la presse anglo-saxonne.<\/p>\n<p class=\"fig-paragraph\">Dans une robe trompe-l\u2019\u0153il de la marque Self-Portrait (le label anglais du cr\u00e9ateur Han Chong qu\u2019elle affectionne tout particuli\u00e8rement), confectionn\u00e9e en mousseline et dentelle fine et compos\u00e9e d\u2019une jupe midi pliss\u00e9e avec blazer cintr\u00e9, elle est apparue plus glamour que jamais. Accessoiris\u00e9e d\u2019un collier de perles \u00e0 quatre rangs et des boucles d\u2019oreilles assorties sign\u00e9s Susan Caplan, la princesse a \u00e9galement orn\u00e9 ses longs cheveux bruns d\u2019un n\u0153ud en velours noir surdimensionn\u00e9.<\/p>\n<p class=\"fig-paragraph\">Cet ensemble que la princesse aurait d\u00e9j\u00e0 port\u00e9, notamment \u00e0 un concert c\u00e9l\u00e9brant le jubil\u00e9 de platine de la reine Elizabeth, est \u00e9videmment en rupture de stock. Mais parions que les mod\u00e8les similaires de Self-Portrait \u00e0 environ 670 $, pr\u00e9sents actuellement sur les sites de Net-a-Porter ou de Saks Fifth Avenue, ne devraient pas tarder, non plus, \u00e0 afficher sold out.<\/p>\n","protected":false},"excerpt":{"rendered":"Lors d\u2019un concert comm\u00e9rant le 8 mai 1945, la princesse de Galles a fait sensation dans une nouvelle&hellip;\n","protected":false},"author":2,"featured_media":88201,"comment_status":"","ping_status":"","sticky":false,"template":"","format":"standard","meta":{"footnotes":""},"categories":[8],"tags":[998,988,991,1000,993,58,994,59,992,638,1011,27,5858,997,977,999,989,995,973,971,990,996],"class_list":{"0":"post-88200","1":"post","2":"type-post","3":"status-publish","4":"format-standard","5":"has-post-thumbnail","7":"category-divertissement","8":"tag-accessoire","9":"tag-actu-mode","10":"tag-actualite-mode","11":"tag-celebrites","12":"tag-defiles","13":"tag-divertissement","14":"tag-egerie-mode","15":"tag-entertainment","16":"tag-fashion-week","17":"tag-figaro","18":"tag-fr","19":"tag-france","20":"tag-kate-middleton","21":"tag-lingerie","22":"tag-madame","23":"tag-mode-fashion-femme","24":"tag-mode-femme","25":"tag-nouvelle-tendance","26":"tag-people","27":"tag-royaute","28":"tag-tendance-mode","29":"tag-vetement"},"share_on_mastodon":{"url":"https:\/\/pubeurope.com\/@fr\/114480985115521160","error":""},"_links":{"self":[{"href":"https:\/\/www.europesays.com\/fr\/wp-json\/wp\/v2\/posts\/88200","targetHints":{"allow":["GET"]}}],"collection":[{"href":"https:\/\/www.europesays.com\/fr\/wp-json\/wp\/v2\/posts"}],"about":[{"href":"https:\/\/www.europesays.com\/fr\/wp-json\/wp\/v2\/types\/post"}],"author":[{"embeddable":true,"href":"https:\/\/www.europesays.com\/fr\/wp-json\/wp\/v2\/users\/2"}],"replies":[{"embeddable":true,"href":"https:\/\/www.europesays.com\/fr\/wp-json\/wp\/v2\/comments?post=88200"}],"version-history":[{"count":0,"href":"https:\/\/www.europesays.com\/fr\/wp-json\/wp\/v2\/posts\/88200\/revisions"}],"wp:featuredmedia":[{"embeddable":true,"href":"https:\/\/www.europesays.com\/fr\/wp-json\/wp\/v2\/media\/88201"}],"wp:attachment":[{"href":"https:\/\/www.europesays.com\/fr\/wp-json\/wp\/v2\/media?parent=88200"}],"wp:term":[{"taxonomy":"category","embeddable":true,"href":"https:\/\/www.europesays.com\/fr\/wp-json\/wp\/v2\/categories?post=88200"},{"taxonomy":"post_tag","embeddable":true,"href":"https:\/\/www.europesays.com\/fr\/wp-json\/wp\/v2\/tags?post=88200"}],"curies":[{"name":"wp","href":"https:\/\/api.w.org\/{rel}","templated":true}]}}