{"id":88206,"date":"2025-05-10T01:41:04","date_gmt":"2025-05-10T01:41:04","guid":{"rendered":"https:\/\/www.europesays.com\/fr\/88206\/"},"modified":"2025-05-10T01:41:04","modified_gmt":"2025-05-10T01:41:04","slug":"la-rabbine-delphine-horvilleur-sort-du-silence-pour-denoncer-la-faillite-morale-disrael-liberation","status":"publish","type":"post","link":"https:\/\/www.europesays.com\/fr\/88206\/","title":{"rendered":"la rabbine Delphine Horvilleur sort du silence pour d\u00e9noncer la \u00abfaillite morale d\u2019Isra\u00ebl\u00bb \u2013 Lib\u00e9ration"},"content":{"rendered":"<p class=\"sc-ksZaOG ehjQrN text-element\">Est-ce un tournant ? Delphine Horvilleur, rabbine, \u00e9crivaine, philosophe, avait l\u2019habitude de rendre les coups face \u00e0 la flamb\u00e9e des discours et des actes de haine contre les Juifs depuis le 7 octobre 2023, que <a href=\"https:\/\/www.liberation.fr\/societe\/police-justice\/coquille-agression-antisemite-du-rabbin-dorleans-ladolescent-condamne-a-16-mois-de-prison-ferme-20250423_QBTJQZQLYZFS3BDLFB4SHXRC4A\/\" target=\"_blank\" rel=\"noopener\" title=\"https:\/\/www.liberation.fr\/societe\/police-justice\/coquille-agression-antisemite-du-rabbin-dorleans-ladolescent-condamne-a-16-mois-de-prison-ferme-20250423_QBTJQZQLYZFS3BDLFB4SHXRC4A\/\">l\u2019agression du rabbin d\u2018Orl\u00e9ans<\/a>, en mars, venait une nouvelle fois illustrer. Au lendemain des meurtres du Hamas en Isra\u00ebl, elle s\u2019\u00e9tait dite \u00abterrass\u00e9e\u00bb par le silence et le manque d\u2019empathie t\u00e9moign\u00e9s \u00e0 l\u2019\u00e9gard des Juifs. <\/p>\n<p class=\"sc-ksZaOG ehjQrN text-element\">Un peu plus de quatre mois apr\u00e8s l\u2019attaque terroriste, elle publiait Comment \u00e7a va pas ? Conversation apr\u00e8s le 7 Octobre (Grasset) o\u00f9 elle revisitait son h\u00e9ritage culturel pour tenter de faire face au traumatisme. Parce qu\u2019elle est une personnalit\u00e9 influente du d\u00e9bat public et intellectuel, une voix du juda\u00efsme lib\u00e9ral en France, une femme de gauche qui d\u00e9fend l\u2019universalisme et l\u2019\u00e9galit\u00e9, ses prises de parole comptent.<\/p>\n<p class=\"sc-ksZaOG sc-hCgVqe bQLHMY iEMGPr\">Le billet de Thomas Legrand<\/p>\n<p class=\"sc-ksZaOG ehjQrN text-element\">Dans un court texte publi\u00e9 ce jeudi sur le site <a href=\"https:\/\/tenoua.org\/2025\/05\/08\/gaza-israel-aimer-vraiment-son-prochain-ne-plus-se-taire\/\" target=\"_blank\" rel=\"noreferrer noopener\" title=\"https:\/\/tenoua.org\/2025\/05\/08\/gaza-israel-aimer-vraiment-son-prochain-ne-plus-se-taire\/\">Tenoua,<\/a> consacr\u00e9 \u00e0 la pens\u00e9e juive et dont elle est la directrice de r\u00e9daction, Delphine Horvilleur sort du silence. \u00abToute autocritique menace l\u2019union sacr\u00e9e, se fait tra\u00eetrise ou, pire, carburant pour un ennemi qui cherche \u00e0 nous d\u00e9truire\u00bb, \u00e9crit-elle dans un billet intitul\u00e9 \u00abGaza\/Isra\u00ebl : Aimer (vraiment) son prochain, ne plus se taire\u00bb. <\/p>\n<p class=\"sc-ksZaOG ehjQrN text-element\">Elle confesse : \u00abMoi-m\u00eame, j\u2019ai ressenti souvent cette injonction au silence. J\u2019ai parfois b\u00e2illonn\u00e9 ma parole pour \u00e9viter qu\u2019elle ne nourrisse les immondices de ceux qui me menacent, ceux qui diabolisent et d\u00e9shumanisent un peuple, et s\u2019imaginent aider ainsi un autre. J\u2019ai censur\u00e9 mes mots face \u00e0 ceux qui trouvent des excuses \u00e0 une d\u00e9ferlante antis\u00e9mite \u201cici\u201d au nom d\u2018une justice absente \u201cl\u00e0\u2010bas\u201d.\u00bb<\/p>\n<p class=\"sc-ksZaOG ehjQrN text-element\">Et si elle ne se taisait pas, l\u2019autrice d\u00e9plorait surtout ces derniers mois le retour d\u2019un langage antis\u00e9mite, notamment au sein d\u2019une partie de la gauche politique qui embrasse la cause palestinienne, mais a parfois \u00e9t\u00e9 accus\u00e9e de relativiser les actes commis par le Hamas. R\u00e9cemment, Delphine Horvilleur avait m\u00eame \u00e9t\u00e9 au c\u0153ur d\u2019<a href=\"https:\/\/www.liberation.fr\/societe\/religions\/antisemitisme-passe-darmes-entre-lhumoriste-blanche-gardin-et-la-rabbine-delphine-horvilleur-20250314_RMRJOGWLEBEVFOZDDRBUU5TMLU\/\" target=\"_blank\" rel=\"noopener\" title=\"https:\/\/www.liberation.fr\/societe\/religions\/antisemitisme-passe-darmes-entre-lhumoriste-blanche-gardin-et-la-rabbine-delphine-horvilleur-20250314_RMRJOGWLEBEVFOZDDRBUU5TMLU\/\">une passe d\u2019armes avec Blanche Gardin<\/a>, qu\u2019elle a compar\u00e9e \u00e0 Dieudonn\u00e9 dans une vid\u00e9o au sujet d\u2019un sketch de l\u2019humoriste l\u2019\u00e9t\u00e9 dernier, lors d\u2019une soir\u00e9e de mobilisation en faveur du cessez-le-feu \u00e0 Gaza.<\/p>\n<p class=\"sc-ksZaOG ehjQrN text-element\">Dans son texte sur Tenoua, l\u2019\u00e9crivaine poursuit : \u00abJe me suis tue mais, aujourd\u2019hui, il me semble urgent de reprendre la parole. Je veux parler, au nom de \u201cl\u2019amour du prochain\u201d ou plut\u00f4t de ce que ce verset biblique (si mal traduit) en dit vraiment.\u00bb Soit un amour qui n\u2019est pas \u00abinconditionnel\u00bb ou \u00abaveugle\u00bb, mais qui implique \u00abd\u2018ouvrir les yeux d\u2018un proche sur ses fautes\u00bb et tend \u00abdans sa direction un miroir pour qu\u2019il s\u2019observe\u00bb. Et c\u2019est justement \u00abpar amour d\u2018Isra\u00ebl\u00bb, dit-elle, qu\u2019elle parle aujourd\u2019hui. \u00abPar la douleur de le voir s\u2019\u00e9garer dans une d\u00e9route politique et une faillite morale. Par la trag\u00e9die endur\u00e9e par les Gazaouis, et le traumatisme de toute une r\u00e9gion.\u00bb<\/p>\n<p class=\"sc-ksZaOG ehjQrN text-element\">Alors que le cabinet de la s\u00e9curit\u00e9 isra\u00e9lien a annonc\u00e9 la semaine derni\u00e8re que <a href=\"https:\/\/www.liberation.fr\/international\/moyen-orient\/gaza-israel-rappelle-des-milliers-de-reservistes-pour-son-offensive-et-met-la-pression-sur-le-negociateur-qatari-20250504_ABZZ4A26HZG2TIJUXFLFOFICFY\/\" target=\"_blank\" rel=\"noopener\" title=\"https:\/\/www.liberation.fr\/international\/moyen-orient\/gaza-israel-rappelle-des-milliers-de-reservistes-pour-son-offensive-et-met-la-pression-sur-le-negociateur-qatari-20250504_ABZZ4A26HZG2TIJUXFLFOFICFY\/\">Tsahal allait \u00e9largir son offensive dans la bande de Gaza<\/a> et que celle-ci pr\u00e9voyait \u00abl\u2019\u00e9migration volontaire\u00bb de ses habitants, d\u00e9clenchant la col\u00e8re des familles des otages aux mains du Hamas, la philosophe rappelle que l\u2019amour d\u2018Isra\u00ebl \u00abn\u2019est pas celui d\u2018une promesse messianique, d\u2018un cadastre de propri\u00e9taire ou d\u2018une sanctification de la terre\u00bb. Mais qu\u2019il est \u00abun r\u00eave de survie pour un peuple que personne n\u2019a su ou voulu prot\u00e9ger\u00bb, ainsi que \u00able refus absolu de l\u2019annihilation d\u2018un autre peuple pour le r\u00e9aliser\u00bb.<\/p>\n<p class=\"sc-ksZaOG ehjQrN text-element\">D\u00e9fendre Isra\u00ebl consiste, appelle-t-elle, \u00ab\u00e0 un sursaut de conscience\u00bb, \u00ab\u00e0 soutenir ceux qui refusent toute politique supr\u00e9maciste et raciste qui trahit violemment\u00bb son histoire, \u00abceux qui ouvrent leurs yeux et leurs c\u0153urs \u00e0 la souffrance terrible des enfants de Gaza\u00bb, \u00abceux qui savent que seuls le retour des otages et la fin des combats sauveront l\u2019\u00e2me de cette nation\u00bb, \u00abceux qui savent que, sans avenir pour le peuple palestinien, il n\u2019y en a aucun pour le peuple isra\u00e9lien\u00bb, \u00abceux qui savent qu\u2019on n\u2019apaise aucune douleur, et qu\u2019on ne venge aucun mort, en affamant des innocents ou en condamnant des enfants\u00bb.<\/p>\n","protected":false},"excerpt":{"rendered":"Est-ce un tournant ? Delphine Horvilleur, rabbine, \u00e9crivaine, philosophe, avait l\u2019habitude de rendre les coups face \u00e0 la&hellip;\n","protected":false},"author":2,"featured_media":88207,"comment_status":"","ping_status":"","sticky":false,"template":"","format":"standard","meta":{"footnotes":""},"categories":[5],"tags":[11,6155,1011,27,3517,3522,3519,14,664,3523,12,3518,28],"class_list":{"0":"post-88206","1":"post","2":"type-post","3":"status-publish","4":"format-standard","5":"has-post-thumbnail","7":"category-international","8":"tag-actualites","9":"tag-antisemitisme","10":"tag-fr","11":"tag-france","12":"tag-gaza-l-escalade","13":"tag-guerre-hamas-israel","14":"tag-hamas","15":"tag-international","16":"tag-israel","17":"tag-israel-palestine-conflit","18":"tag-news","19":"tag-palestine","20":"tag-world"},"share_on_mastodon":{"url":"https:\/\/pubeurope.com\/@fr\/114480996849689886","error":""},"_links":{"self":[{"href":"https:\/\/www.europesays.com\/fr\/wp-json\/wp\/v2\/posts\/88206","targetHints":{"allow":["GET"]}}],"collection":[{"href":"https:\/\/www.europesays.com\/fr\/wp-json\/wp\/v2\/posts"}],"about":[{"href":"https:\/\/www.europesays.com\/fr\/wp-json\/wp\/v2\/types\/post"}],"author":[{"embeddable":true,"href":"https:\/\/www.europesays.com\/fr\/wp-json\/wp\/v2\/users\/2"}],"replies":[{"embeddable":true,"href":"https:\/\/www.europesays.com\/fr\/wp-json\/wp\/v2\/comments?post=88206"}],"version-history":[{"count":0,"href":"https:\/\/www.europesays.com\/fr\/wp-json\/wp\/v2\/posts\/88206\/revisions"}],"wp:featuredmedia":[{"embeddable":true,"href":"https:\/\/www.europesays.com\/fr\/wp-json\/wp\/v2\/media\/88207"}],"wp:attachment":[{"href":"https:\/\/www.europesays.com\/fr\/wp-json\/wp\/v2\/media?parent=88206"}],"wp:term":[{"taxonomy":"category","embeddable":true,"href":"https:\/\/www.europesays.com\/fr\/wp-json\/wp\/v2\/categories?post=88206"},{"taxonomy":"post_tag","embeddable":true,"href":"https:\/\/www.europesays.com\/fr\/wp-json\/wp\/v2\/tags?post=88206"}],"curies":[{"name":"wp","href":"https:\/\/api.w.org\/{rel}","templated":true}]}}