{"id":88208,"date":"2025-05-10T01:42:03","date_gmt":"2025-05-10T01:42:03","guid":{"rendered":"https:\/\/www.europesays.com\/fr\/88208\/"},"modified":"2025-05-10T01:42:03","modified_gmt":"2025-05-10T01:42:03","slug":"macron-debattra-mardi-avec-sophie-binet-robert-menard-et-tibo-inshape","status":"publish","type":"post","link":"https:\/\/www.europesays.com\/fr\/88208\/","title":{"rendered":"Macron d\u00e9battra mardi avec Sophie Binet, Robert M\u00e9nard et\u2026 Tibo InShape"},"content":{"rendered":"<p><a href=\"https:\/\/www.20minutes.fr\/politique\/emmanuel-macron\/\" target=\"_blank\" class=\"color-ultramarine c-link\" rel=\"noopener\">Emmanuel Macron<\/a> se pr\u00eatera mardi soir \u00e0 un exercice m\u00e9diatique in\u00e9dit en direct sur TF1, lors d\u2019une \u00e9mission sp\u00e9ciale intitul\u00e9e \u00ab\u00a0Emmanuel Macron \u2013 Les d\u00e9fis de la France\u00a0\u00bb. Diffus\u00e9e \u00e0 partir de 20h10 et anim\u00e9e par Gilles Bouleau, cette s\u00e9quence pr\u00e9sidentielle s\u2019annonce comme un moment fort de confrontation et d\u2019\u00e9coute, \u00e0 mi-mandat.<\/p>\n<p>Selon le communiqu\u00e9 de <a href=\"https:\/\/www.20minutes.fr\/dossier\/tf1\" target=\"_blank\" class=\"color-ultramarine c-link\" rel=\"noopener\">TF1<\/a>, le chef de l\u2019Etat d\u00e9battra tour \u00e0 tour avec des personnalit\u00e9s aux positions tranch\u00e9es sur les enjeux du pays\u00a0: <a href=\"https:\/\/www.20minutes.fr\/societe\/sophie-binet\/\" target=\"_blank\" class=\"color-ultramarine c-link\" rel=\"noopener\">Sophie Binet<\/a>, secr\u00e9taire g\u00e9n\u00e9rale de la <a href=\"https:\/\/www.20minutes.fr\/dossier\/cgt\" target=\"_blank\" class=\"color-ultramarine c-link\" rel=\"noopener\">CGT<\/a>, pour un \u00e9change muscl\u00e9 sur les retraites\u00a0; <a href=\"https:\/\/www.20minutes.fr\/dossier\/robert_menard\" target=\"_blank\" class=\"color-ultramarine c-link\" rel=\"noopener\">Robert M\u00e9nard<\/a>, maire de B\u00e9ziers, autour des questions de s\u00e9curit\u00e9\u00a0; Agn\u00e8s Verdier-Molini\u00e9, essayiste lib\u00e9rale, au sujet des finances publiques\u00a0; et Salom\u00e9 Saqu\u00e9, journaliste engag\u00e9e pour l\u2019environnement, sur les pr\u00e9occupations de la jeunesse.<\/p>\n<\/p>\n<p>Un youtubeur parmi les d\u00e9batteurs<\/p>\n<p>Le format innovant pr\u00e9voit \u00e9galement des interpellations en vid\u00e9o de citoyens et figures publiques, dont le youtubeur <a href=\"https:\/\/www.20minutes.fr\/arts-stars\/people\/tibo-inshape\/\" target=\"_blank\" class=\"color-ultramarine c-link\" rel=\"noopener\">Tibo InShape<\/a> ou encore Charles Bi\u00e9try, journaliste atteint de la maladie de Charcot, dont la voix a \u00e9t\u00e9 reconstitu\u00e9e gr\u00e2ce \u00e0 l\u2019intelligence artificielle. Par ailleurs, des reportages r\u00e9alis\u00e9s dans toute la France par Fran\u00e7ois-Xavier M\u00e9nage viendront nourrir les \u00e9changes.<\/p>\n<p><a href=\"https:\/\/www.20minutes.fr\/politique\/emmanuel-macron\/\" target=\"_blank\" class=\"c-link c-btn c-btn--primary\" rel=\"noopener\">Tous nos articles sur Emmanuel Macron<\/a><\/p>\n<p>Les Fran\u00e7ais seront aussi directement impliqu\u00e9s, via un formulaire mis en ligne sur les plateformes TF1 Info et TF1 +, leur permettant d\u2019envoyer des questions auxquelles Emmanuel Macron s\u2019efforcera de r\u00e9pondre en plateau. En fin d\u2019\u00e9mission, la cha\u00eene d\u00e9voilera les r\u00e9sultats d\u2019une grande consultation nationale sur le bilan pr\u00e9sidentiel et les priorit\u00e9s des citoyens pour les deux ann\u00e9es restantes du quinquennat. Selon une source proche de l\u2019ex\u00e9cutif, Emmanuel Macron pourrait \u00e9galement aborder la possibilit\u00e9 de r\u00e9f\u00e9rendums sur des sujets majeurs.<\/p>\n","protected":false},"excerpt":{"rendered":"Emmanuel Macron se pr\u00eatera mardi soir \u00e0 un exercice m\u00e9diatique in\u00e9dit en direct sur TF1, lors d\u2019une \u00e9mission&hellip;\n","protected":false},"author":2,"featured_media":88209,"comment_status":"","ping_status":"","sticky":false,"template":"","format":"standard","meta":{"footnotes":""},"categories":[4],"tags":[47,11,1271,1292,1073,1011,27,19839,12,316,25,19838,8815,199,19837],"class_list":{"0":"post-88208","1":"post","2":"type-post","3":"status-publish","4":"format-standard","5":"has-post-thumbnail","7":"category-france","8":"tag-actualite","9":"tag-actualites","10":"tag-cgt","11":"tag-debat","12":"tag-emmanuel-macron","13":"tag-fr","14":"tag-france","15":"tag-gilles-bouleau","16":"tag-news","17":"tag-politique","18":"tag-republique-francaise","19":"tag-robert-menard","20":"tag-sophie-binet","21":"tag-tf1","22":"tag-tibo-inshape"},"share_on_mastodon":{"url":"","error":""},"_links":{"self":[{"href":"https:\/\/www.europesays.com\/fr\/wp-json\/wp\/v2\/posts\/88208","targetHints":{"allow":["GET"]}}],"collection":[{"href":"https:\/\/www.europesays.com\/fr\/wp-json\/wp\/v2\/posts"}],"about":[{"href":"https:\/\/www.europesays.com\/fr\/wp-json\/wp\/v2\/types\/post"}],"author":[{"embeddable":true,"href":"https:\/\/www.europesays.com\/fr\/wp-json\/wp\/v2\/users\/2"}],"replies":[{"embeddable":true,"href":"https:\/\/www.europesays.com\/fr\/wp-json\/wp\/v2\/comments?post=88208"}],"version-history":[{"count":0,"href":"https:\/\/www.europesays.com\/fr\/wp-json\/wp\/v2\/posts\/88208\/revisions"}],"wp:featuredmedia":[{"embeddable":true,"href":"https:\/\/www.europesays.com\/fr\/wp-json\/wp\/v2\/media\/88209"}],"wp:attachment":[{"href":"https:\/\/www.europesays.com\/fr\/wp-json\/wp\/v2\/media?parent=88208"}],"wp:term":[{"taxonomy":"category","embeddable":true,"href":"https:\/\/www.europesays.com\/fr\/wp-json\/wp\/v2\/categories?post=88208"},{"taxonomy":"post_tag","embeddable":true,"href":"https:\/\/www.europesays.com\/fr\/wp-json\/wp\/v2\/tags?post=88208"}],"curies":[{"name":"wp","href":"https:\/\/api.w.org\/{rel}","templated":true}]}}